{"id":48722,"date":"2024-12-16T10:38:47","date_gmt":"2024-12-16T10:38:47","guid":{"rendered":"https:\/\/dekkbi.com\/?p=48722"},"modified":"2024-12-16T10:38:47","modified_gmt":"2024-12-16T10:38:47","slug":"tensions-dans-le-secteur-des-assurances-le-snecea-menace-de-durcir-le-ton-face-au-patronat","status":"publish","type":"post","link":"https:\/\/dekkbi.com\/?p=48722","title":{"rendered":"Tensions dans le secteur des assurances: le SNECEA menace de durcir le ton face au patronat"},"content":{"rendered":"\n<p>Le Syndicat national des cadres et employ\u00e9s des entreprises d&rsquo;assurances (SNECEA) a tenu une conf\u00e9rence de presse pour d\u00e9noncer le blocage des n\u00e9gociations sur le projet de nouvelle convention collective dans le secteur des assurances. Cette rencontre intervient dans un contexte marqu\u00e9 par des d\u00e9saccords persistants avec l\u2019Association des assureurs du S\u00e9n\u00e9gal (AAS), repr\u00e9sentant le patronat.<\/p>\n\n\n\n<p>Selon le SNECEA, l\u2019AAS continue de rejeter plusieurs articles cl\u00e9s du projet de convention collective, pourtant jug\u00e9s favorables \u00e0 l\u2019am\u00e9lioration des conditions de travail des salari\u00e9s. Parmi les revendications port\u00e9es par le syndicat figurent l\u2019am\u00e9lioration des salaires, une meilleure prise en charge des charges sociales ainsi que des garanties sur la s\u00e9curit\u00e9 de l\u2019emploi.<\/p>\n\n\n\n<figure class=\"wp-block-embed is-type-rich is-provider-prise-en-charge-des-contenus-embarqu-s wp-block-embed-prise-en-charge-des-contenus-embarqu-s wp-embed-aspect-16-9 wp-has-aspect-ratio\"><div class=\"wp-block-embed__wrapper\">\n<iframe loading=\"lazy\" title=\"Tensions dans le secteur des assurances: le SNECEA menace de durcir le ton face au patronat\" width=\"800\" height=\"450\" src=\"https:\/\/www.youtube.com\/embed\/hRo3HTGwAPo?feature=oembed\" frameborder=\"0\" allow=\"accelerometer; autoplay; clipboard-write; encrypted-media; gyroscope; picture-in-picture; web-share\" referrerpolicy=\"strict-origin-when-cross-origin\" allowfullscreen><\/iframe>\n<\/div><\/figure>\n\n\n\n<p>\u00ab\u00a0Nous ne comprenons pas l\u2019attitude du patronat, qui semble refuser toute avanc\u00e9e significative en faveur des employ\u00e9s. Pourtant, ces articles sont cruciaux pour la stabilit\u00e9 et la justice sociale dans notre secteur\u00a0\u00bb, a d\u00e9clar\u00e9 Mme Wane, SG du SNECEA.<\/p>\n\n\n\n<p>Face \u00e0 cette impasse, le SNECEA n\u2019exclut pas de durcir le ton. Parmi les actions envisag\u00e9es, des gr\u00e8ves ou des manifestations pourraient \u00eatre organis\u00e9es pour mettre la pression sur le patronat et obtenir gain de cause. \u00ab Nous sommes d\u00e9termin\u00e9s \u00e0 nous battre jusqu\u2019au bout pour nos droits. Si le dialogue ne suffit pas, nous prendrons nos responsabilit\u00e9s\u00a0\u00bb, avertit la secr\u00e9taire g\u00e9n\u00e9rale.<\/p>\n\n\n\n<p>SOURCE DAKARACTU<\/p>\n","protected":false},"excerpt":{"rendered":"<p>Le Syndicat national des cadres et employ\u00e9s des entreprises d&rsquo;assurances (SNECEA) a tenu une conf\u00e9rence de presse pour d\u00e9noncer le<\/p>\n","protected":false},"author":1,"featured_media":48725,"comment_status":"open","ping_status":"open","sticky":false,"template":"","format":"standard","meta":{"footnotes":""},"categories":[26],"tags":[],"class_list":["post-48722","post","type-post","status-publish","format-standard","has-post-thumbnail","hentry","category-fait-divers"],"_links":{"self":[{"href":"https:\/\/dekkbi.com\/index.php?rest_route=\/wp\/v2\/posts\/48722","targetHints":{"allow":["GET"]}}],"collection":[{"href":"https:\/\/dekkbi.com\/index.php?rest_route=\/wp\/v2\/posts"}],"about":[{"href":"https:\/\/dekkbi.com\/index.php?rest_route=\/wp\/v2\/types\/post"}],"author":[{"embeddable":true,"href":"https:\/\/dekkbi.com\/index.php?rest_route=\/wp\/v2\/users\/1"}],"replies":[{"embeddable":true,"href":"https:\/\/dekkbi.com\/index.php?rest_route=%2Fwp%2Fv2%2Fcomments&post=48722"}],"version-history":[{"count":1,"href":"https:\/\/dekkbi.com\/index.php?rest_route=\/wp\/v2\/posts\/48722\/revisions"}],"predecessor-version":[{"id":48726,"href":"https:\/\/dekkbi.com\/index.php?rest_route=\/wp\/v2\/posts\/48722\/revisions\/48726"}],"wp:featuredmedia":[{"embeddable":true,"href":"https:\/\/dekkbi.com\/index.php?rest_route=\/wp\/v2\/media\/48725"}],"wp:attachment":[{"href":"https:\/\/dekkbi.com\/index.php?rest_route=%2Fwp%2Fv2%2Fmedia&parent=48722"}],"wp:term":[{"taxonomy":"category","embeddable":true,"href":"https:\/\/dekkbi.com\/index.php?rest_route=%2Fwp%2Fv2%2Fcategories&post=48722"},{"taxonomy":"post_tag","embeddable":true,"href":"https:\/\/dekkbi.com\/index.php?rest_route=%2Fwp%2Fv2%2Ftags&post=48722"}],"curies":[{"name":"wp","href":"https:\/\/api.w.org\/{rel}","templated":true}]}}