{"id":48719,"date":"2024-12-16T10:36:12","date_gmt":"2024-12-16T10:36:12","guid":{"rendered":"https:\/\/dekkbi.com\/?p=48719"},"modified":"2024-12-16T11:34:10","modified_gmt":"2024-12-16T11:34:10","slug":"le-sommet-de-la-paix-prevu-a-luanda-entre-le-rwanda-et-la-rdc-netait-plus-pertinent-selon-kigali","status":"publish","type":"post","link":"https:\/\/dekkbi.com\/?p=48719","title":{"rendered":"Le sommet de la paix entre Rwanda et RDC n&rsquo;\u00e9tait \u00ab\u00a0plus pertinent\u00a0\u00bb"},"content":{"rendered":"\n<p>Le sommet de paix pr\u00e9vu dimanche \u00e0 Luanda entre Kigali et Kinshasa sur le conflit dans l&rsquo;est de la RDC n&rsquo;\u00e9tait \u00ab\u00a0plus pertinent\u00a0\u00bb \u00e0 cause de l'\u00a0\u00bbintransigeance\u00a0\u00bb de n\u00e9gociateurs congolais, a d\u00e9clar\u00e9 dimanche \u00e0 l&rsquo;AFP le ministre rwandais des affaires \u00e9trang\u00e8res, Olivier Nduhungirehe.<\/p>\n\n\n\n<p>Ce sommet qui a finalement \u00e9t\u00e9 annul\u00e9 \u00ab\u00a0n&rsquo;\u00e9tait plus pertinent parce que les chefs d\u2019\u00c9tat ne viendront pas juste pour une belle photo sans aucun r\u00e9sultat concret\u00a0\u00bb, a-t-il ajout\u00e9 pour expliquer l&rsquo;absence du pr\u00e9sident rwandais Paul Kagame \u00e0 Luanda, la capitale de l&rsquo;Angola.<\/p>\n\n\n\n<p>Les pr\u00e9sidents congolais F\u00e9lix Tshisekedi et rwandais Paul Kagame devaient se rencontrer sous les auspices du pr\u00e9sident angolais Joao Louren\u00e7o, m\u00e9diateur d\u00e9sign\u00e9 de l&rsquo;Union africaine (UA) dans le conflit entre les deux pays voisins.<\/p>\n\n\n\n<p>A la mi-journ\u00e9e, seul M. Tshisekedi \u00e9tait arriv\u00e9 au si\u00e8ge de la pr\u00e9sidence \u00e0 Luanda.<\/p>\n\n\n\n<p>Selon Kigali, le gouvernement congolais avait initialement accept\u00e9 un dialogue avec les rebelles du M23.<\/p>\n\n\n\n<p>\u00ab\u00a0C\u2019est dans ce cadre que nous avons particip\u00e9 au sommet, puis nous avons \u00e9galement re\u00e7u le texte, le projet d\u2019accord, qui incluait \u00e9galement le dialogue\u00a0\u00bb, a ajout\u00e9 M. Nduhungirehe, joint au t\u00e9l\u00e9phone \u00e0 Luanda depuis Kigali.<\/p>\n\n\n\n<p>Le M23 (\u00ab\u00a0Mouvement du 23 mars\u00a0\u00bb), groupe arm\u00e9 soutenu par Kigali et son arm\u00e9e, s&rsquo;est empar\u00e9 depuis novembre 2021 de vastes pans de territoire dans l&rsquo;est de la RDC riche en minerais et th\u00e9\u00e2tre de violences depuis 30 ans.<\/p>\n\n\n\n<p>\u00ab\u00a0Lorsque nous sommes arriv\u00e9s ici (\u00e0 Luanda) en tant que ministres (&#8230;) un ministre de la RDC a cat\u00e9goriquement rejet\u00e9 toute id\u00e9e de dialogue avec le M23, affirmant qu\u2019il s\u2019agissait d\u2019une organisation terroriste\u00a0\u00bb, a ajout\u00e9 le chef de la diplomatie rwandaise.<\/p>\n\n\n\n<p>\u00ab\u00a0Si les ministres ne sont pas d\u2019accord, en raison de l\u2019intransigeance de la d\u00e9l\u00e9gation de la RDC, quelle serait la pertinence de ce sommet?\u00a0\u00bb, a ajout\u00e9 M. Nduhungirehe, soulignant avoir pass\u00e9 \u00ab\u00a0neuf heures presque exclusivement sur cette question\u00a0\u00bb.<\/p>\n\n\n\n<p>\u00ab\u00a0Nous avons besoin que les facilitateurs consultent le M23 avec le gouvernement de la RDC, et qu\u2019ils proposent ensuite un langage concret, une voie concr\u00e8te pour faire avancer le dialogue entre le M23 et le gouvernement de la RDC\u00a0\u00bb, a-t-il ajout\u00e9. \u00ab\u00a0Et puis, s\u2019ils se mettent d\u2019accord sur quelque chose de concret, ils pourraient nous inviter \u00e0 nouveau, et alors le Rwanda est pr\u00eat, pr\u00eat \u00e0 participer \u00e0 ce sommet et \u00e0 aller de l\u2019avant\u00a0\u00bb.<\/p>\n\n\n\n<p>La RDC qualifie le M23 d'\u00a0\u00bbennemis de la R\u00e9publique\u00a0\u00bb et consid\u00e8re que les rebelles op\u00e8rent gr\u00e2ce au soutien de Kigali et son arm\u00e9e.<\/p>\n","protected":false},"excerpt":{"rendered":"<p>Le sommet de paix pr\u00e9vu dimanche \u00e0 Luanda entre Kigali et Kinshasa sur le conflit dans l&rsquo;est de la RDC<\/p>\n","protected":false},"author":1,"featured_media":48720,"comment_status":"open","ping_status":"open","sticky":false,"template":"","format":"standard","meta":{"footnotes":""},"categories":[51],"tags":[],"class_list":["post-48719","post","type-post","status-publish","format-standard","has-post-thumbnail","hentry","category-general"],"_links":{"self":[{"href":"https:\/\/dekkbi.com\/index.php?rest_route=\/wp\/v2\/posts\/48719","targetHints":{"allow":["GET"]}}],"collection":[{"href":"https:\/\/dekkbi.com\/index.php?rest_route=\/wp\/v2\/posts"}],"about":[{"href":"https:\/\/dekkbi.com\/index.php?rest_route=\/wp\/v2\/types\/post"}],"author":[{"embeddable":true,"href":"https:\/\/dekkbi.com\/index.php?rest_route=\/wp\/v2\/users\/1"}],"replies":[{"embeddable":true,"href":"https:\/\/dekkbi.com\/index.php?rest_route=%2Fwp%2Fv2%2Fcomments&post=48719"}],"version-history":[{"count":3,"href":"https:\/\/dekkbi.com\/index.php?rest_route=\/wp\/v2\/posts\/48719\/revisions"}],"predecessor-version":[{"id":48765,"href":"https:\/\/dekkbi.com\/index.php?rest_route=\/wp\/v2\/posts\/48719\/revisions\/48765"}],"wp:featuredmedia":[{"embeddable":true,"href":"https:\/\/dekkbi.com\/index.php?rest_route=\/wp\/v2\/media\/48720"}],"wp:attachment":[{"href":"https:\/\/dekkbi.com\/index.php?rest_route=%2Fwp%2Fv2%2Fmedia&parent=48719"}],"wp:term":[{"taxonomy":"category","embeddable":true,"href":"https:\/\/dekkbi.com\/index.php?rest_route=%2Fwp%2Fv2%2Fcategories&post=48719"},{"taxonomy":"post_tag","embeddable":true,"href":"https:\/\/dekkbi.com\/index.php?rest_route=%2Fwp%2Fv2%2Ftags&post=48719"}],"curies":[{"name":"wp","href":"https:\/\/api.w.org\/{rel}","templated":true}]}}