{"id":4871,"date":"2022-12-16T12:55:58","date_gmt":"2022-12-16T12:55:58","guid":{"rendered":"https:\/\/dekkbi.com\/?p=4871"},"modified":"2022-12-16T12:56:00","modified_gmt":"2022-12-16T12:56:00","slug":"wagner-deja-au-burkina-faso-le-president-ghaneen-laffirme","status":"publish","type":"post","link":"https:\/\/dekkbi.com\/?p=4871","title":{"rendered":"Wagner d\u00e9j\u00e0 au Burkina Faso? Le pr\u00e9sident ghan\u00e9en l&rsquo;affirme"},"content":{"rendered":"\n<p>Le groupe Wagner est-il d\u00e9j\u00e0 au Burkina ? C&rsquo;est ce qu&rsquo;a affirm\u00e9 mercredi le pr\u00e9sident ghan\u00e9en au cours de son t\u00eate-\u00e0-t\u00eate \u00e0 Washington avec le secr\u00e9taire d&rsquo;\u00c9tat am\u00e9ricain Antony Blinken, en marge du sommet \u00c9tats-Unis-Afrique. Au cours de cette entrevue, retransmise par la diplomatie am\u00e9ricaine, Nana Akufo-Addo a assur\u00e9 que le Burkina Faso, son voisin du nord, a conclu un arrangement pour faire \u00e0 son tour appel \u00e0 la soci\u00e9t\u00e9 de mercenaires russes.\u00a0<\/p>\n\n\n\n<p><strong>Nana Akufo-Addo\u00a0<\/strong>ne s&rsquo;est pas embarrass\u00e9 de conditionnels. Face au chef de la diplomatie am\u00e9ricaine Antony Blinken, qui acquiesce, il assure d&rsquo;un ton tr\u00e8s affirmatif que les mercenaires russes sont d\u00e9j\u00e0 d\u00e9ploy\u00e9s chez son voisin, sans apporter d&rsquo;\u00e9l\u00e9ments suppl\u00e9mentaires.<\/p>\n\n\n\n<p>\u00ab&nbsp;<em>Avant tout, il y a un sujet que je veux mettre sur la table de mani\u00e8re urgente. Aujourd&rsquo;hui, les mercenaires russes sont \u00e0 notre fronti\u00e8re nord.&nbsp;Le Burkina Faso a trouv\u00e9 un arrangement pour suivre le Mali et employer les forces de Wagner sur son territoire. Je crois qu&rsquo;une mine dans le sud du Burkina leur a \u00e9t\u00e9 allou\u00e9e comme forme de paiement pour leur service.<\/em>&nbsp;<em>Le Premier ministre du Burkina Faso a \u00e9t\u00e9 \u00e0 Moscou au cours des dix<\/em>&nbsp;<em>derniers jours. Et avoir ces mercenaires qui op\u00e8rent juste<\/em>&nbsp;<em>de l&rsquo;autre c\u00f4t\u00e9 de notre fronti\u00e8re est particuli\u00e8rement p\u00e9nible pour nous au Ghana&nbsp;<\/em>\u00bb, a-t-il d\u00e9clar\u00e9.<\/p>\n\n\n\n<p>Le pr\u00e9sident ghan\u00e9en regrette que l&rsquo;Afrique redevienne un th\u00e9\u00e2tre d&rsquo;affrontements entre grandes puissances. Mais alors que l&rsquo;endiguement de la Russie sur le continent \u00e9tait un des objectifs de ce sommet \u00c9tats-Unis\/Afrique, il n&rsquo;h\u00e9site pas \u00e0 demander aux Am\u00e9ricains de marquer leur soutien.<\/p>\n\n\n\n<p>\u00ab\u00a0<em>En plus de ne pas accepter de voir les grandes puissances faire \u00e0 nouveau de l&rsquo;Afrique leur th\u00e9\u00e2tre d&rsquo;op\u00e9ration, nous avons aussi eu une position claire \u00e0 propos de la guerre en Ukraine : nous avons r\u00e9guli\u00e8rement condamn\u00e9 publiquement l&rsquo;invasion par la Russie. Alors, avoir ce groupe \u00e0 notre fronti\u00e8re est un sujet de grande inqui\u00e9tude pour nous.\u00a0Et je voudrais que cette discussion se poursuive : dans quelle mesure nous pouvons vous avoir comme partenaire pour faire face \u00e0 ce danger\u00a0?<\/em>\u00a0<em>C&rsquo;est tr\u00e8s important\u00a0<\/em>\u00bb, a d\u00e9clar\u00e9 Nana Akufo-Addo dans son\u00a0<strong>intervention film\u00e9e, dont la vid\u00e9o est disponible<\/strong>\u00a0sur le site du d\u00e9partement d&rsquo;\u00c9tat am\u00e9ricain.<\/p>\n\n\n\n<p>Le pr\u00e9sident ghan\u00e9en Nana Akufo-Addo s&rsquo;inqui\u00e8te de la pr\u00e9sence de Wagner au Burkina Faso<\/p>\n\n\n\n<p>RFI<\/p>\n\n\n\n<p>Le porte-parole du gouvernement burkinab\u00e8 n&rsquo;a pas souhait\u00e9 r\u00e9agir \u00e0 ces affirmations. \u00ab&nbsp;<em>Je lui laisse la responsabilit\u00e9 de ce qu&rsquo;il a dit&nbsp;<\/em>\u00bb, a r\u00e9pondu Jean-Emmanuel Ouedraogo \u00e0 l&rsquo;AFP.<\/p>\n\n\n\n<p>Le ministre nig\u00e9rien des Affaires \u00e9trang\u00e8res, \u00e9galement pr\u00e9sent \u00e0 Washington pour le sommet Etats-Unis-Afrique,&nbsp;n\u2019est pas en mesure de confirmer cette information mais la juge \u00ab&nbsp;<em>vraisemblable<\/em>&nbsp;\u00bb :&nbsp;\u00ab&nbsp;<em>Le Burkina est sur cette trajectoire-l\u00e0, apparemment, d\u2019apr\u00e8s les informations que nous avons<\/em>, d\u00e9clare Hassoumi Massaoudou au micro de RFI.&nbsp;<em>Nous leur demandons de se ressaisir pour \u00e9viter de suivre cette trajectoire qui est une impasse. On voit tr\u00e8s bien que l\u2019intervention de Wagner au Mali, \u00e0 part de prot\u00e9ger la junte, n\u2019a pas permis d\u2019avoir de succ\u00e8s en mati\u00e8re de s\u00e9curit\u00e9. La situation s\u00e9curitaire se d\u00e9grade et aujourd\u2019hui le vide qu\u2019il y a depuis le d\u00e9part des Fran\u00e7ais est tout \u00e0 fait inqui\u00e9tant. Nous pensons que Wagner est une menace pour la stabilit\u00e9 de la zone ouest-africaine et aujourd\u2019hui nous devons consid\u00e9rer que cette menace-l\u00e0 doit \u00eatre port\u00e9e au niveau de la Cedeao pour qu\u2019il y ait une position nette sur ces mercenaires dans notre espace. C\u2019est un \u00e9l\u00e9ment h\u00e9t\u00e9rog\u00e8ne que nous devons combattre.&nbsp;\u00bb<\/em><\/p>\n\n\n\n<p>Le ministre des Affaires \u00e9trang\u00e8res nig\u00e9rien, Hassoumi Massaoudou, r\u00e9agit \u00e0 la pr\u00e9sence potentielle de Wagner au Burkina<\/p>\n\n\n\n<p><\/p>\n\n\n\n<p>Dans\u00a0<strong>une interview \u00e0\u00a0<em>Jeune Afrique<\/em><\/strong>, le 14 d\u00e9cembre, l\u2019ambassadrice am\u00e9ricaine aupr\u00e8s de l\u2019ONU, Linda Thomas-Greenfield, avait pour sa part\u00a0\u00e9voqu\u00e9 les \u00ab\u00a0<em>rumeurs<\/em>\u00a0\u00bb\u00a0d&rsquo;un d\u00e9ploiement de Wagner au Burkina Faso, rumeurs qui soul\u00e8vent, selon elle, de \u00ab\u00a0<em>s\u00e9rieuses\u00a0pr\u00e9occupations<\/em>\u00a0\u00bb.\u00a0<\/p>\n\n\n\n<h2 class=\"wp-block-heading\">Sc\u00e9nario malien<\/h2>\n\n\n\n<p>Depuis quelque temps, les signes de rapprochement entre le Burkina Faso et la Russie se multiplient. Comme le Mali, le Burkina Faso conna\u00eet une situation s\u00e9curitaire tr\u00e8s d\u00e9grad\u00e9e. Face \u00e0 la pouss\u00e9e des groupes jihadistes, les autorit\u00e9s ne contr\u00f4leraient qu&rsquo;une portion r\u00e9duite du territoire.&nbsp;<\/p>\n\n\n\n<p>Dans ce contexte, l&rsquo;attaque du camp de Djibo, le 24 octobre dernier, au cours de laquelle plus de 10 soldats burkinab\u00e9s ont \u00e9t\u00e9 tu\u00e9s, a servi d&rsquo;acc\u00e9l\u00e9rateur. Selon des sources bien inform\u00e9es, le chef de la junte avait pris contact avec Bamako pour obtenir un appui de l&rsquo;arm\u00e9e de l&rsquo;air malienne. Et m\u00eame si cet appui n&rsquo;a pas eu lieu, le capitaine Traor\u00e9 semblait alors avoir fait le choix de se tourner vers les mercenaires russes de Wagner.<\/p>\n\n\n\n<p>Comme au Mali, le Burkina a connu plusieurs coups d&rsquo;\u00c9tat et sa junte, pour se maintenir au pouvoir, a besoin de soutien. Un soutien que les mercenaires de Wagner sont pr\u00eats \u00e0 offrir contre r\u00e9mun\u00e9ration, d&rsquo;o\u00f9 la mine d&rsquo;or et la visite du Premier ministre burkinab\u00e8 \u00e0 Moscou \u00e9voqu\u00e9es par le pr\u00e9sident ghan\u00e9en.<\/p>\n\n\n\n<p>Le basculement du Burkina dans la sph\u00e8re d&rsquo;influence russe est donc possible, comme cela s&rsquo;est d\u00e9roul\u00e9 il y a un an au Mali, \u00e0 cette nuance pr\u00e8s&nbsp;qu\u2019\u00e0 ce jour, personne ne s&rsquo;aventure \u00e0&nbsp;confirmer&nbsp;la pr\u00e9sence effective de Wagner dans le pays.&nbsp;<\/p>\n\n\n\n<p><a href=\"https:\/\/www.facebook.com\/dialog\/share?app_id=113191652055439&amp;href=https%3A%2F%2Frfi.my%2F8zXx.F&amp;redirect_uri=https%3A%2F%2Fwww.rfi.fr%2Ffr%2Fafrique%2F20221215-wagner-d%25C3%25A9j%25C3%25A0-au-burkina-faso-le-pr%25C3%25A9sident-ghan%25C3%25A9en-l-affirme&amp;locale=fr_FR\" target=\"_blank\" rel=\"noreferrer noopener\"><\/a><a href=\"https:\/\/twitter.com\/intent\/tweet?url=https%3A%2F%2Frfi.my%2F8zXx.T&amp;via=RFI&amp;related=rfi&amp;text=Wagner%20d%C3%A9j%C3%A0%20au%20Burkina%20Faso%3F%20Le%20pr%C3%A9sident%20ghan%C3%A9en%20l%27affirme&amp;lang=fr\" target=\"_blank\" rel=\"noreferrer noopener\"><\/a><a href=\"https:\/\/web.whatsapp.com\/send?text=Wagner%20d%C3%A9j%C3%A0%20au%20Burkina%20Faso%3F%20Le%20pr%C3%A9sident%20ghan%C3%A9en%20l%27affirme%20-%20https%3A%2F%2Frfi.my%2F8zXx.W\" target=\"_blank\" rel=\"noreferrer noopener\"><\/a><\/p>\n","protected":false},"excerpt":{"rendered":"<p>Le groupe Wagner est-il d\u00e9j\u00e0 au Burkina ? C&rsquo;est ce qu&rsquo;a affirm\u00e9 mercredi le pr\u00e9sident ghan\u00e9en au cours de son<\/p>\n","protected":false},"author":1,"featured_media":4873,"comment_status":"open","ping_status":"open","sticky":false,"template":"","format":"standard","meta":{"footnotes":""},"categories":[6],"tags":[],"class_list":["post-4871","post","type-post","status-publish","format-standard","has-post-thumbnail","hentry","category-politics"],"_links":{"self":[{"href":"https:\/\/dekkbi.com\/index.php?rest_route=\/wp\/v2\/posts\/4871","targetHints":{"allow":["GET"]}}],"collection":[{"href":"https:\/\/dekkbi.com\/index.php?rest_route=\/wp\/v2\/posts"}],"about":[{"href":"https:\/\/dekkbi.com\/index.php?rest_route=\/wp\/v2\/types\/post"}],"author":[{"embeddable":true,"href":"https:\/\/dekkbi.com\/index.php?rest_route=\/wp\/v2\/users\/1"}],"replies":[{"embeddable":true,"href":"https:\/\/dekkbi.com\/index.php?rest_route=%2Fwp%2Fv2%2Fcomments&post=4871"}],"version-history":[{"count":1,"href":"https:\/\/dekkbi.com\/index.php?rest_route=\/wp\/v2\/posts\/4871\/revisions"}],"predecessor-version":[{"id":4874,"href":"https:\/\/dekkbi.com\/index.php?rest_route=\/wp\/v2\/posts\/4871\/revisions\/4874"}],"wp:featuredmedia":[{"embeddable":true,"href":"https:\/\/dekkbi.com\/index.php?rest_route=\/wp\/v2\/media\/4873"}],"wp:attachment":[{"href":"https:\/\/dekkbi.com\/index.php?rest_route=%2Fwp%2Fv2%2Fmedia&parent=4871"}],"wp:term":[{"taxonomy":"category","embeddable":true,"href":"https:\/\/dekkbi.com\/index.php?rest_route=%2Fwp%2Fv2%2Fcategories&post=4871"},{"taxonomy":"post_tag","embeddable":true,"href":"https:\/\/dekkbi.com\/index.php?rest_route=%2Fwp%2Fv2%2Ftags&post=4871"}],"curies":[{"name":"wp","href":"https:\/\/api.w.org\/{rel}","templated":true}]}}