{"id":48638,"date":"2024-12-13T12:55:39","date_gmt":"2024-12-13T12:55:39","guid":{"rendered":"https:\/\/dekkbi.com\/?p=48638"},"modified":"2024-12-13T13:13:30","modified_gmt":"2024-12-13T13:13:30","slug":"ibrahima-nour-eddine-diagne-vous-invite-a-la-ceremonie-de-dedicace-de-son-ouvrage-intitule-la-parole-des-silences-le-samedi-28-decembre-2024-au-musee-nationale-des-civilisations-noires-de-dakar-a","status":"publish","type":"post","link":"https:\/\/dekkbi.com\/?p=48638","title":{"rendered":"Ibrahima Nour Eddine DIAGNE: D\u00e9dicace de son ouvrage \u00ab\u00a0La parole des silences\u00a0\u00bb"},"content":{"rendered":"\n<p>Ibrahima Nour Eddine DIAGNE vous invite le samedi 28 d\u00e9cembre 2024 au Mus\u00e9e Nationale des Civilisations Noires de Dakar \u00e0\u00a0partir\u00a0de\u00a09h30 pour la c\u00e9r\u00e9monie de d\u00e9dicace de son ouvrage intitul\u00e9 \u00ab\u00a0<strong>La parole des silences<\/strong>\u00ab\u00a0.\u00a0<\/p>\n\n\n\n<p>\u00ab\u00a0<strong>La parole des silences<\/strong>\u00a0\u00bb\u00a0est une compilation d\u2019analyses, de r\u00e9flexions et d\u2019opinions sur les grandes questions que traverse le monde. C\u2019est un ouvrage qui aborde sans complaisance ni exc\u00e8s, les diff\u00e9rents sujets qui cristallisent les passions et g\u00e9n\u00e8rent des fissures dans la concorde des peuples et des nations.<\/p>\n\n\n\n<p>Le livre contient beaucoup d\u2019invites pour un monde pacifique, o\u00f9 chacun peut vivre son droit au bonheur. Le d\u00e9veloppement personnel y est aussi largement abord\u00e9 avec un m\u00e9lange de pragmatisme, de philosophie, d\u2019humour et de spiritualit\u00e9.<\/p>\n\n\n\n<p>Enfin, L\u2019auteur se focalise sur le S\u00e9n\u00e9gal et ses d\u00e9fis et formule des propositions innovantes, voire audacieuses ou simplement irr\u00e9alistes selon la perception que pourra s\u2019en faire chaque lecteur.<\/p>\n\n\n\n<p><em><strong>FORMULAIRE D&rsquo;INSCRIPTION<\/strong><\/em><\/p>\n\n\n\n<p><a href=\"https:\/\/docs.google.com\/forms\/d\/e\/1FAIpQLSekzrt17Rynw9GZk2ycU4b1wwUTlvkgtxx7cpJTDeZCa1Hr7Q\/viewform\">Ibrahima Nour Eddine DIAGNE vous invite \u00e0 la c\u00e9r\u00e9monie de d\u00e9dicace de son ouvrage intitul\u00e9 \u00ab\u00a0La parole des silences\u00a0\u00bb le samedi 28 d\u00e9cembre 2024 au Mus\u00e9e Nationale des Civilisations Noires de Dakar \u00e0 partir de 9h30.<\/a><\/p>\n\n\n\n<p><\/p>\n","protected":false},"excerpt":{"rendered":"<p>Ibrahima Nour Eddine DIAGNE vous invite le samedi 28 d\u00e9cembre 2024 au Mus\u00e9e Nationale des Civilisations Noires de Dakar \u00e0\u00a0partir\u00a0de\u00a09h30<\/p>\n","protected":false},"author":1,"featured_media":48639,"comment_status":"open","ping_status":"open","sticky":false,"template":"","format":"standard","meta":{"footnotes":""},"categories":[21],"tags":[],"class_list":["post-48638","post","type-post","status-publish","format-standard","has-post-thumbnail","hentry","category-societe"],"_links":{"self":[{"href":"https:\/\/dekkbi.com\/index.php?rest_route=\/wp\/v2\/posts\/48638","targetHints":{"allow":["GET"]}}],"collection":[{"href":"https:\/\/dekkbi.com\/index.php?rest_route=\/wp\/v2\/posts"}],"about":[{"href":"https:\/\/dekkbi.com\/index.php?rest_route=\/wp\/v2\/types\/post"}],"author":[{"embeddable":true,"href":"https:\/\/dekkbi.com\/index.php?rest_route=\/wp\/v2\/users\/1"}],"replies":[{"embeddable":true,"href":"https:\/\/dekkbi.com\/index.php?rest_route=%2Fwp%2Fv2%2Fcomments&post=48638"}],"version-history":[{"count":8,"href":"https:\/\/dekkbi.com\/index.php?rest_route=\/wp\/v2\/posts\/48638\/revisions"}],"predecessor-version":[{"id":48649,"href":"https:\/\/dekkbi.com\/index.php?rest_route=\/wp\/v2\/posts\/48638\/revisions\/48649"}],"wp:featuredmedia":[{"embeddable":true,"href":"https:\/\/dekkbi.com\/index.php?rest_route=\/wp\/v2\/media\/48639"}],"wp:attachment":[{"href":"https:\/\/dekkbi.com\/index.php?rest_route=%2Fwp%2Fv2%2Fmedia&parent=48638"}],"wp:term":[{"taxonomy":"category","embeddable":true,"href":"https:\/\/dekkbi.com\/index.php?rest_route=%2Fwp%2Fv2%2Fcategories&post=48638"},{"taxonomy":"post_tag","embeddable":true,"href":"https:\/\/dekkbi.com\/index.php?rest_route=%2Fwp%2Fv2%2Ftags&post=48638"}],"curies":[{"name":"wp","href":"https:\/\/api.w.org\/{rel}","templated":true}]}}