{"id":48608,"date":"2024-12-13T10:44:25","date_gmt":"2024-12-13T10:44:25","guid":{"rendered":"https:\/\/dekkbi.com\/?p=48608"},"modified":"2024-12-13T15:52:05","modified_gmt":"2024-12-13T15:52:05","slug":"nomination-du-premier-ministre-francois-bayrou-a-quitte-lelysee-apres-1h45-dentretien-avec-emmanuel-macron-le-nom-du-chef-du-gouvernement-se-fait-attendre","status":"publish","type":"post","link":"https:\/\/dekkbi.com\/?p=48608","title":{"rendered":"Fran\u00e7ois Bayrou nomm\u00e9 Premier ministre\u00a0: quels sont les premiers d\u00e9fis?"},"content":{"rendered":"\n<p>Apr\u00e8s une semaine de consultations, Emmanuel Macron a demand\u00e9 vendredi au pr\u00e9sident du MoDem de former un gouvernement. Le successeur de Michel Barnier a notamment pour mission de faire adopter rapidement un nouveau budget.<\/p>\n\n\n\n<p>Le chef de l&rsquo;Etat a fait son choix. Neuf jours apr\u00e8s la censure du gouvernement de Michel Barnier, Fran\u00e7ois Bayrou\u00a0a \u00e9t\u00e9 nomm\u00e9 Premier ministre, vendredi 13\u00a0d\u00e9cembre. Sixi\u00e8me locataire de Matignon sous Emmanuel Macron, le pr\u00e9sident du MoDem va d\u00e9sormais s&rsquo;atteler \u00e0 la\u00a0d\u00e9licate composition du gouvernement, dont les \u00e9quilibres politiques seront d\u00e9terminants pour \u00e9viter une nouvelle d\u00e9convenue \u00e0 l&rsquo;Assembl\u00e9e. Le nouveau locataire de Matignon aura \u00e9galement comme t\u00e2che de donner un budget au pays. Franceinfo vous r\u00e9sume les diff\u00e9rentes \u00e9tapes qui attendent le nouveau chef du gouvernement.<\/p>\n\n\n\n<h2 class=\"wp-block-heading\">&nbsp;Composer son gouvernement &nbsp;<\/h2>\n\n\n\n<p>Apr\u00e8s la d\u00e9mission&nbsp;de Michel Barnier, le 5 d\u00e9cembre, Emmanuel Macron avait promis, lors d&rsquo;une allocution t\u00e9l\u00e9vis\u00e9e, de nommer un gouvernement&nbsp;<em>\u00ab\u00a0d&rsquo;int\u00e9r\u00eat g\u00e9n\u00e9ral\u00a0\u00bb<\/em>. Comme le pr\u00e9voit l&rsquo;article 8 de la Constitution, c&rsquo;est le pr\u00e9sident de la R\u00e9publique qui&nbsp;<em>\u00ab\u00a0nomme les autres membres du gouvernement\u00a0\u00bb<\/em>,&nbsp;<em>\u00ab\u00a0sur la proposition du Premier ministre\u00a0\u00bb<\/em>.&nbsp;L&rsquo;Elys\u00e9e et Matignon vont devoir se d\u00e9cider&nbsp;plus rapidement que lors du dernier remaniement. Nomm\u00e9 le 5 septembre, Michel Barnier avait pr\u00e9sent\u00e9 ses ministres deux semaines plus tard. Cette fois, le tandem ex\u00e9cutif va s&rsquo;atteler \u00e0 un casting minist\u00e9riel d&rsquo;autant plus crucial qu&rsquo;il pourrait d\u00e9terminer la capacit\u00e9 du gouvernement \u00e0 s&rsquo;inscrire dans la dur\u00e9e.&nbsp;<\/p>\n\n\n\n<p>Fra\u00eechement nomm\u00e9, le maire de Pau ne dispose pas de majorit\u00e9 \u00e0 l&rsquo;Assembl\u00e9e nationale. Pour ne pas subir le m\u00eame sort que Michel Barnier,&nbsp;il&nbsp;va devoir n\u00e9gocier avec les partis leur participation au gouvernement, leur soutien aux futurs projets de loi ou du moins un accord de \u00ab\u00a0non-censure\u00a0\u00bb. Malgr\u00e9 leurs divisions apparues lors de l&rsquo;examen du budget, les macronistes et les centristes devraient continuer de cohabiter au sein du gouvernement avec Les R\u00e9publicains. Toutefois, les relations entre le Palois et le parti (anciennement UMP) sont tendues depuis de nombreuses ann\u00e9es, Fran\u00e7ois Bayrou ayant vertement critiqu\u00e9 par le pass\u00e9 les id\u00e9es et m\u00e9thodes de Nicolas Sarkozy, ainsi que l&rsquo;\u00e9volution de la formation sous la direction de Laurent Wauquiez et d&rsquo;Eric Ciotti.<\/p>\n\n\n\n<p>La nouveaut\u00e9 serait une participation accrue de la gauche, mais le Parti socialiste a fait savoir\u00a0dans un communiqu\u00e9(Nouvelle fen\u00eatre)\u00a0qu&rsquo;il ne participerait pas \u00e0 ce gouvernement.\u00a0Emmanuel Macron a cherch\u00e9 ces derniers jours \u00e0 obtenir des socialistes qu&rsquo;ils ne censurent pas son futur Premier ministre, ce qui permettrait par ailleurs au gouvernement de ne plus d\u00e9pendre de l&rsquo;extr\u00eame droite. Aucun accord n&rsquo;a cependant \u00e9t\u00e9 trouv\u00e9. Le nouveau locataire de Matignon\u00a0<em>\u00ab\u00a0ne peut pas \u00eatre Fran\u00e7ois Bayrou\u00a0\u00bb<\/em>, avait pr\u00e9venu mercredi le patron du PS, Olivier Faure.<\/p>\n\n\n\n<p><em>\u00ab\u00a0<\/em><em>Le nom de Fran\u00e7ois Bayrou s&rsquo;est impos\u00e9 ces derniers jours comme le plus consensuel<\/em>, a expliqu\u00e9 la pr\u00e9sidence vendredi.<em>&nbsp;Au fur et \u00e0 mesure des consultations, le maire de Pau est apparu comme la personnalit\u00e9 la plus \u00e0 m\u00eame d&rsquo;assurer l&rsquo;unit\u00e9\u00a0\u00bb&nbsp;<\/em>et de former un<em>&nbsp;\u00ab\u00a0gouvernement d&rsquo;int\u00e9r\u00eat g\u00e9n\u00e9ral\u00a0\u00bb<\/em>. Le pr\u00e9sident le charge de&nbsp;<em>\u00ab\u00a0dialoguer avec l&rsquo;ensemble des partis politiques r\u00e9unis mardi 10 d\u00e9cembre \u00e0 l&rsquo;Elysee&nbsp;<\/em>[tous ceux pr\u00e9sents \u00e0 l&rsquo;Assembl\u00e9e, sauf le RN et LFI]&nbsp;<em>afin de trouver les conditions de la stabilit\u00e9 et de l&rsquo;action\u00a0\u00bb.<\/em><\/p>\n\n\n\n<p>L&rsquo;arriv\u00e9e de ce centriste\u00a0\u00e0 la t\u00eate du gouvernement laisse-t-elle une chance \u00e0 un \u00e9ventuel pacte de non-censure\u00a0? A ce stade, seule La France insoumise a annonc\u00e9, sans surprise,\u00a0qu&rsquo;elle d\u00e9posera une motion de censure\u00a0contre le gouvernement de Fran\u00e7ois Bayrou. Les cadres du RN ont fait savoir qu&rsquo;ils ne le censureraient pas a priori.<\/p>\n\n\n\n<h2 class=\"wp-block-heading\">Faire voter la loi sp\u00e9ciale&nbsp;<\/h2>\n\n\n\n<p>C&rsquo;est la mission la plus urgente pour l&rsquo;ex\u00e9cutif\u00a0: faire adopter\u00a0la loi sp\u00e9ciale pour assurer<em>\u00a0\u00ab\u00a0la continuit\u00e9 de l&rsquo;Etat\u00a0\u00bb<\/em>, alors que l&rsquo;ann\u00e9e se termine et qu&rsquo;aucun budget 2025 n&rsquo;a pour l&rsquo;heure \u00e9t\u00e9 adopt\u00e9. Ce texte, pr\u00e9sent\u00e9 mercredi en Conseil des ministres, vise \u00e0<em>\u00a0\u00ab\u00a0\u00e9viter un shutdown\u00a0\u00bb<\/em>, selon les mots de Laurent Saint-Martin, ministre d\u00e9missionnaire du Budget et des Comptes publics. Il autorise le gouvernement\u00a0<em>\u00ab\u00a0\u00e0 continuer de percevoir les imp\u00f4ts existants\u00a0\u00bb<\/em>, jusqu&rsquo;au vote d&rsquo;un nouveau budget. La loi permet aussi \u00e0 l&rsquo;Etat et \u00e0 la S\u00e9curit\u00e9 sociale d&#8217;emprunter sur les march\u00e9s financiers, pour ne pas se retrouver en cessation de paiement.\u00a0<\/p>\n\n\n\n<p>Ce projet de loi a \u00e9t\u00e9 examin\u00e9 mercredi par la commission des finances de l&rsquo;Assembl\u00e9e et doit \u00eatre discut\u00e9 dans l&rsquo;h\u00e9micycle lundi puis au S\u00e9nat mercredi. Si un nouveau ministre du Budget n&rsquo;est pas nomm\u00e9 d&rsquo;ici l\u00e0, l&rsquo;actuel occupant du poste pourrait-il&nbsp;d\u00e9fendre le texte devant les d\u00e9put\u00e9s ?&nbsp;<em>\u00ab\u00a0Il n&rsquo;y a aucune certitude sur le fait qu&rsquo;un ministre d\u00e9missionnaire puisse \u00eatre au banc<\/em>&nbsp;[c&rsquo;est-\u00e0-dire dans l&rsquo;h\u00e9micycle pour d\u00e9fendre un projet de loi]<em>, mais le bureau de l&rsquo;Assembl\u00e9e peut l&rsquo;accepter\u00a0\u00bb<\/em>, explique Benjamin Morel, ma\u00eetre de conf\u00e9rences en droit public.&nbsp;<em>\u00ab\u00a0Le ministre d\u00e9missionnaire exp\u00e9die les affaires courantes avec ou sans Premier ministre, jusqu&rsquo;\u00e0 ce qu&rsquo;un successeur soit<\/em>&nbsp;nomm\u00e9\u00a0\u00bb, rappelle-t-il.&nbsp;Autre option : Fran\u00e7ois Bayrou<em>&nbsp;\u00ab\u00a0peut d\u00e9fendre lui-m\u00eame le projet de loi sp\u00e9ciale, ce qui serait la meilleure formule\u00a0\u00bb<\/em>, analyse le constitutionnaliste Michel Lascombe.&nbsp;<\/p>\n\n\n\n<p>Les oppositions se sont engag\u00e9es \u00e0 voter ce texte, mais Matignon devra faire face \u00e0 une bataille politique et juridique sur la question du bar\u00e8me de l&rsquo;imp\u00f4t sur le revenu, et notamment sur la possibilit\u00e9 de l&rsquo;indexer sur le revenu sur l&rsquo;inflation, ce que pr\u00e9voyait le projet de loi d\u00e9fendu par Michel Barnier. Or, en l&rsquo;absence de nouveau budget, environ<em>\u00a0<\/em>380\u00a0000 foyers\u00a0deviendront imposables en 2025, selon\u00a0l&rsquo;Observatoire fran\u00e7ais des conjonctures \u00e9conomiques(Nouvelle fen\u00eatre).<\/p>\n\n\n\n<p>En commission jeudi, les oppositions ont adopt\u00e9 un amendement pour indexer le bar\u00e8me de l&rsquo;imp\u00f4t sur le revenu sur l&rsquo;inflation dans la loi sp\u00e9ciale. Mais le gouvernement d\u00e9missionnaire assure que\u00a0cette m\u00e9thode est contraire \u00e0 la Constitution. Il reviendra \u00e0 la pr\u00e9sidente de l&rsquo;Assembl\u00e9e, Ya\u00ebl Braun-Pivet, de d\u00e9clarer cet amendement recevable ou non. Les oppositions ont promis de ne pas saisir le Conseil constitutionnel sur ce texte. Il n&rsquo;est pas non plus certain que l&rsquo;Elys\u00e9e, Matignon ou les pr\u00e9sidents de l&rsquo;Assembl\u00e9e et du S\u00e9nat, usent de leur droit de saisine sur un sujet aussi explosif que l&rsquo;imp\u00f4t.\u00a0<\/p>\n\n\n\n<h2 class=\"wp-block-heading\">Faire adopter un budget pour 2025&nbsp;<\/h2>\n\n\n\n<p>Fran\u00e7ois Bayrou va ensuite devoir s&rsquo;atteler \u00e0 un chantier encore plus complexe, qui a provoqu\u00e9 la chute de son pr\u00e9d\u00e9cesseur&nbsp;: faire voter un budget pour 2025. Va-t-il repartir de z\u00e9ro pour \u00e9tablir les d\u00e9penses et les recettes de l&rsquo;Etat&nbsp;? S&rsquo;appuiera-t-il sur la version initialement pr\u00e9sent\u00e9e par Michel Barnier, sur celle r\u00e9\u00e9crite par les s\u00e9nateurs, ou encore sur celle \u00e9labor\u00e9e par la commission mixte paritaire \u00e0 l&rsquo;issue de l&rsquo;examen au Parlement&nbsp;?&nbsp;A ce stade, rien n&rsquo;est d\u00e9cid\u00e9.<\/p>\n\n\n\n<p>Le nouveau gouvernement disposera, comme le pr\u00e9c\u00e9dent, de&nbsp;marges de man\u0153uvre limit\u00e9es, avec des finances publiques dans le rouge et une Assembl\u00e9e morcel\u00e9e. Les travaux parlementaires \u00e9tant suspendus entre le 20 d\u00e9cembre et le 14 janvier, la bataille ne devrait pas d\u00e9marrer avant plusieurs semaines.&nbsp;&nbsp;<\/p>\n\n\n\n<h2 class=\"wp-block-heading\">D\u00e9finir ses priorit\u00e9s pour la suite<\/h2>\n\n\n\n<p>Traditionnellement, tout nouveau Premier ministre prononce apr\u00e8s sa nomination un discours de politique g\u00e9n\u00e9rale devant les deux chambres du Parlement, mais ce n&rsquo;est pas une obligation constitutionnelle. Cette allocution lui permet notamment de fixer un cap politique et d&rsquo;annoncer des chantiers ou des r\u00e9formes. Elle n&rsquo;intervient g\u00e9n\u00e9ralement qu&rsquo;apr\u00e8s la nomination d&rsquo;un gouvernement au complet. Michel Barnier avait attendu 26 jours apr\u00e8s son arriv\u00e9e \u00e0 Matignon pour prononcer son discours de politique g\u00e9n\u00e9rale et Gabriel Attal 21 jours.&nbsp;<\/p>\n\n\n\n<p>M\u00eame si le chef du gouvernement n&rsquo;est pas oblig\u00e9 d&rsquo;engager sa responsabilit\u00e9 \u00e0 l&rsquo;occasion de ce discours, il n&rsquo;\u00e9chappera pas \u00e0 une motion de censure. Le groupe&nbsp;La France insoumise a d\u00e9j\u00e0 promis de la d\u00e9poser, comme il l&rsquo;avait fait pour Michel Barnier d\u00e9but octobre. A l&rsquo;\u00e9poque, le gouvernement n&rsquo;avait d\u00fb son sursis qu&rsquo;\u00e0 l&rsquo;abstention du Rassemblement national.<\/p>\n\n\n\n<p>Fran\u00e7ois Bayrou est aussi attendu par le secteur agricole pour apporter des r\u00e9ponses concr\u00e8tes \u00e0 la crise et faire entendre la voix de la France \u00e0 Bruxelles alors que\u00a0l&rsquo;Union europ\u00e9enne veut conclure un trait\u00e9 de libre-\u00e9change avec le Mercosur. Dans un geste destin\u00e9 aux oppositions, Michel Barnier avait aussi promis d&rsquo;engager une r\u00e9flexion sur le mode de scrutin proportionnel, au printemps 2025. Son successeur, partisan de longue date de ce mode de scrutin, pourrait reprendre le flambeau.<\/p>\n\n\n\n<p>SOURCE FRANCEINFO<\/p>\n","protected":false},"excerpt":{"rendered":"<p>Apr\u00e8s une semaine de consultations, Emmanuel Macron a demand\u00e9 vendredi au pr\u00e9sident du MoDem de former un gouvernement. Le successeur<\/p>\n","protected":false},"author":1,"featured_media":48609,"comment_status":"open","ping_status":"open","sticky":false,"template":"","format":"standard","meta":{"footnotes":""},"categories":[51],"tags":[],"class_list":["post-48608","post","type-post","status-publish","format-standard","has-post-thumbnail","hentry","category-general"],"_links":{"self":[{"href":"https:\/\/dekkbi.com\/index.php?rest_route=\/wp\/v2\/posts\/48608","targetHints":{"allow":["GET"]}}],"collection":[{"href":"https:\/\/dekkbi.com\/index.php?rest_route=\/wp\/v2\/posts"}],"about":[{"href":"https:\/\/dekkbi.com\/index.php?rest_route=\/wp\/v2\/types\/post"}],"author":[{"embeddable":true,"href":"https:\/\/dekkbi.com\/index.php?rest_route=\/wp\/v2\/users\/1"}],"replies":[{"embeddable":true,"href":"https:\/\/dekkbi.com\/index.php?rest_route=%2Fwp%2Fv2%2Fcomments&post=48608"}],"version-history":[{"count":4,"href":"https:\/\/dekkbi.com\/index.php?rest_route=\/wp\/v2\/posts\/48608\/revisions"}],"predecessor-version":[{"id":48660,"href":"https:\/\/dekkbi.com\/index.php?rest_route=\/wp\/v2\/posts\/48608\/revisions\/48660"}],"wp:featuredmedia":[{"embeddable":true,"href":"https:\/\/dekkbi.com\/index.php?rest_route=\/wp\/v2\/media\/48609"}],"wp:attachment":[{"href":"https:\/\/dekkbi.com\/index.php?rest_route=%2Fwp%2Fv2%2Fmedia&parent=48608"}],"wp:term":[{"taxonomy":"category","embeddable":true,"href":"https:\/\/dekkbi.com\/index.php?rest_route=%2Fwp%2Fv2%2Fcategories&post=48608"},{"taxonomy":"post_tag","embeddable":true,"href":"https:\/\/dekkbi.com\/index.php?rest_route=%2Fwp%2Fv2%2Ftags&post=48608"}],"curies":[{"name":"wp","href":"https:\/\/api.w.org\/{rel}","templated":true}]}}