{"id":48605,"date":"2024-12-13T10:40:57","date_gmt":"2024-12-13T10:40:57","guid":{"rendered":"https:\/\/dekkbi.com\/?p=48605"},"modified":"2024-12-13T10:58:18","modified_gmt":"2024-12-13T10:58:18","slug":"syrie-12-dates-pour-mieux-comprendre-le-conflit-qui-ravage-le-pays-depuis-treize-ans","status":"publish","type":"post","link":"https:\/\/dekkbi.com\/?p=48605","title":{"rendered":"Syrie: 12 dates pour mieux comprendre le conflit"},"content":{"rendered":"\n<p>Du soul\u00e8vement populaire de Deraa en 2011 \u00e0 la chute du r\u00e9gime Assad le 8 d\u00e9cembre 2024, la Syrie a connu 13 ans d&rsquo;une guerre particuli\u00e8rement meurtri\u00e8re. Retour sur les dates cl\u00e9s de ce conflit sanglant qui continue d&rsquo;avoir des r\u00e9percussions dans toute la r\u00e9gion du Moyen-Orient.<\/p>\n\n\n\n<p><strong>Par : Paul Khalifeh &#8212;<em> correspondant RFI \u00e0 Beyrouth<\/em><\/strong><\/p>\n\n\n\n<p>La guerre en\u00a0<strong>Syrie<\/strong>\u00a0est le plus long conflit du XXI\u1d49 si\u00e8cle et l&rsquo;un des plus sanglants. Quelque 500 000 morts, plus d\u2019un million de bless\u00e9s, six millions de r\u00e9fugi\u00e9s et autant de d\u00e9plac\u00e9s internes&#8230; La moiti\u00e9 de la population syrienne a \u00e9t\u00e9 affect\u00e9e physiquement par ce conflit qui a pris fin ce 8 d\u00e9cembre avec la chute de\u00a0<strong>Bachar el-Assad<\/strong>. Les enjeux g\u00e9opolitiques de cette crise ont provoqu\u00e9 l\u2019intervention directe des arm\u00e9es russe, turque, am\u00e9ricaine, iranienne et isra\u00e9lienne, ainsi que des acteurs extra-\u00e9tatiques de plusieurs dizaines de nationalit\u00e9s. RFI vous propose une cl\u00e9 de lecture \u00e0 travers douze dates pour mieux comprendre les \u00e9v\u00e9nements.<\/p>\n\n\n\n<ul class=\"wp-block-list\">\n<li><strong>15 mars 2011<\/strong><\/li>\n<\/ul>\n\n\n\n<p>La premi\u00e8re manifestation contre le r\u00e9gime syrien \u00e9clate \u00e0 Deraa, dans le sud du pays, pourtant un fief historique du parti Baas au pouvoir depuis 1963 en Syrie. Le mouvement de protestation est provoqu\u00e9 par l\u2019arrestation et la torture d\u2019une quinzaine d\u2019adolescents accus\u00e9s d\u2019avoir \u00e9crit sur un mur des graffitis hostiles au pr\u00e9sident Bachar el-Assad.<\/p>\n\n\n\n<p>La n\u00e9gligence des zones rurales par le pouvoir et la crise de l\u2019agriculture, aggrav\u00e9e par des ann\u00e9es de s\u00e9cheresse, amplifient le ressentiment de la population. Au fil des jours, la protestation se politise et les manifestants avancent une s\u00e9rie de revendications \u00e0 caract\u00e8re social et politique. Vers la fin du mois, les premiers slogans appelant \u00e0 la \u00ab&nbsp;<em>chute du r\u00e9gime<\/em>&nbsp;\u00bb apparaissent. Malgr\u00e9 la r\u00e9pression des forces de s\u00e9curit\u00e9, la contestation se durcit et s\u2019\u00e9tend \u00e0 d\u2019autres r\u00e9gions de Syrie.<\/p>\n\n\n\n<ul class=\"wp-block-list\">\n<li><strong>4 juin 2011<\/strong><\/li>\n<\/ul>\n\n\n\n<p>Cent-vingt policiers et soldats syriens sont tu\u00e9s par des insurg\u00e9s arm\u00e9s dans la ville de Jisr al-Choughour, frontali\u00e8re de la Turquie, dans le nord-ouest du pays. Les ambassadeurs occidentaux et arabes en poste \u00e0 Damas sont amen\u00e9s par les autorit\u00e9s syriennes sur les lieux de l\u2019embuscade pour constater les faits. Cette attaque marque le d\u00e9but de la militarisation de la r\u00e9volte syrienne apr\u00e8s deux mois de manifestations&nbsp;dans la plupart des villes du pays, r\u00e9prim\u00e9es par les forces de l\u2019ordre.<\/p>\n\n\n\n<ul class=\"wp-block-list\">\n<li><strong>17 juillet 2012<\/strong><\/li>\n<\/ul>\n\n\n\n<p>L&rsquo;Arm\u00e9e syrienne libre (ASL), compos\u00e9e de dissidents de l\u2019arm\u00e9e r\u00e9guli\u00e8re et de brigades d\u2019ob\u00e9dience islamiste, cr\u00e9\u00e9e un an plus t\u00f4t en Turquie, lance la bataille de Damas. Les insurg\u00e9s prennent le contr\u00f4le de la Ghouta orientale et d\u2019une grande partie de la campagne au sud et au nord de la capitale. Le gouvernement garde le contr\u00f4le de Damas et des r\u00e9gions menant vers le poste fronti\u00e8re de Masnaa avec le Liban. La dynamique de l&rsquo;offensive rebelle se d\u00e9place vers Alep. Les quartiers \u00e0 l\u2019est de la deuxi\u00e8me ville et capitale \u00e9conomique de la Syrie tombent aux mains des groupes de l\u2019opposition. La crise syrienne s\u2019est transform\u00e9e en guerre civile.<\/p>\n\n\n\n<ul class=\"wp-block-list\">\n<li><strong>30 avril 2013<\/strong><\/li>\n<\/ul>\n\n\n\n<p>Le chef du Hezbollah libanais Hassan Nasrallah reconna\u00eet officiellement la participation de ses combattants \u00e0 la guerre aux c\u00f4t\u00e9s de l\u2019arm\u00e9e syrienne. Cet engagement permet aux troupes r\u00e9guli\u00e8res d\u2019enregistrer, six semaines plus tard, leur premi\u00e8re victoire apr\u00e8s une s\u00e9rie de revers partout dans le pays. Les troupes gouvernementales, soutenues par des combattants du Hezbollah prennent, le 5 juin, la ville de Qoussair, frontali\u00e8re du Liban, dans la province de Homs. Cette date marque la r\u00e9gionalisation du conflit syrien avec l\u2019entr\u00e9e en jeu d\u2019acteurs ext\u00e9rieurs.<\/p>\n\n\n\n<ul class=\"wp-block-list\">\n<li><strong>21 ao\u00fbt 2013<\/strong><\/li>\n<\/ul>\n\n\n\n<p>Mille quatre-cents civils meurent dans une double attaque au gaz sarin qui a vis\u00e9 deux r\u00e9gions de la Ghouta orientale de Damas, tenues par les rebelles. L\u2019opposition accuse les forces du r\u00e9gime d\u2019\u00eatre \u00e0 l\u2019origine de ce massacre. Damas nie toute responsabilit\u00e9. Cette attaque chimique intervient peu de temps apr\u00e8s que le pr\u00e9sident am\u00e9ricain Barack Obama n&rsquo;annonce que l\u2019utilisation de ce type d\u2019arme est une \u00ab<em>&nbsp;ligne rouge<\/em>&nbsp;\u00bb qui, si elle est franchie, provoquerait une riposte am\u00e9ricaine.&nbsp;Mais au lieu d\u2019une r\u00e9ponse militaire, les \u00c9tats-Unis et la Russie s\u2019entendent sur le d\u00e9mant\u00e8lement de l&rsquo;arsenal chimique syrien, sous la supervision d\u2019experts des Nations unies.<\/p>\n\n\n\n<ul class=\"wp-block-list\">\n<li><strong>14 janvier 2014<\/strong><\/li>\n<\/ul>\n\n\n\n<p>Les jihadistes du groupe \u00c9tat islamique en Irak et au Levant (EIIL), anc\u00eatre du groupe \u00c9tat islamique (EI), fond\u00e9 par Abou Bakr al-Baghdadi, prennent la ville de Raqqa, dans le nord, tomb\u00e9e quelques mois plus t\u00f4t aux mains de rebelles locaux. Cette ville est d\u00e9cr\u00e9t\u00e9e capitale provisoire du \u00ab&nbsp;Califat&nbsp;\u00bb proclam\u00e9e par l\u2019EI. L\u2019organisation parviendra \u00e0 contr\u00f4ler un cinqui\u00e8me du territoire syrien et le quart de l\u2019Irak, avant d\u2019\u00eatre battue par une coalition internationale men\u00e9e par les \u00c9tats-Unis et par l\u2019arm\u00e9e syrienne soutenue par les forces russes pour reprendre notamment la ville de Palmyre.<\/p>\n\n\n\n<ul class=\"wp-block-list\">\n<li><strong>30 septembre 2015<\/strong><\/li>\n<\/ul>\n\n\n\n<p>Au nom de la \u00ab&nbsp;<em>lutte contre les terroristes<\/em>&nbsp;\u00bb, la Russie, alli\u00e9e de longue date de la Syrie, annonce \u00e0 la surprise g\u00e9n\u00e9rale sa participation militaire directe dans la guerre aux c\u00f4t\u00e9s de l\u2019arm\u00e9e syrienne. Des dizaines de Sukho\u00ef d\u00e9collent de la base a\u00e9rienne de Hmeimim, mise \u00e0 disposition de l\u2019arm\u00e9e russe par les autorit\u00e9s syriennes, dans la province de Lattaqui\u00e9. L\u2019intervention de la Russie permettra au r\u00e9gime, tr\u00e8s fragilis\u00e9, de reprendre progressivement le contr\u00f4le des deux tiers du territoire. La plus importante victoire \u00e9tant la reconqu\u00eate d\u2019Alep, en d\u00e9cembre 2016.<\/p>\n\n\n\n<ul class=\"wp-block-list\">\n<li><strong>24 ao\u00fbt 2016<\/strong><\/li>\n<\/ul>\n\n\n\n<p>L\u2019argument de la \u00ab&nbsp;<em>lutte contre le terrorisme<\/em>&nbsp;\u00bb est repris un an plus tard par la Turquie pour justifier l\u2019entr\u00e9e de son arm\u00e9e en Syrie. L&rsquo;op\u00e9ration \u00ab&nbsp;Bouclier de l&rsquo;Euphrate&nbsp;\u00bb dans la province d&rsquo;Alep vise deux groupes : l&rsquo;EI et les milices kurdes YPG, alli\u00e9es de Washington. L\u2019arm\u00e9e turque \u00e9largira son d\u00e9ploiement \u00e0 la province voisine d\u2019Idleb, devenu le dernier bastion des islamistes et des rebelles chass\u00e9s des autres r\u00e9gions de Syrie.<\/p>\n\n\n\n<ul class=\"wp-block-list\">\n<li><strong>23 mars 2019<\/strong>\u00a0<\/li>\n<\/ul>\n\n\n\n<p>Les Forces d\u00e9mocratiques syriennes (FDS), domin\u00e9es par les Kurdes et soutenues par les Occidentaux, prennent le contr\u00f4le de la localit\u00e9 de Baghouz, dans l\u2019est de la Syrie, dernier bastion de l\u2019EI. Cette conqu\u00eate scelle le d\u00e9mant\u00e8lement du califat auto-proclam\u00e9 d\u2019Abou Bakr al-Baghdadi. Le groupe \u00c9tat islamique avait perdu sa capitale syrienne, Raqqa, en octobre 2017, apr\u00e8s une bataille&nbsp;de plusieurs mois avec les forces kurdes soutenues par les Am\u00e9ricains.<\/p>\n\n\n\n<ul class=\"wp-block-list\">\n<li><strong>15 juin 2020<\/strong><\/li>\n<\/ul>\n\n\n\n<p>Entr\u00e9e en vigueur de la Loi C\u00e9sar, sign\u00e9e quelques mois plus t\u00f4t par le pr\u00e9sident am\u00e9ricain Donald Trump. Ce texte, tr\u00e8s s\u00e9v\u00e8re, interdit pratiquement toute transaction financi\u00e8re et \u00e9conomique avec la Syrie. Elle aura pour effets d\u2019appauvrir la population et de ruiner l\u2019\u00c9tat syrien en ass\u00e9chant ses sources de financement. C\u00e9sar est le pseudonyme d&rsquo;un lanceur d&rsquo;alerte syrien qui avait fait fuiter des milliers de photos de prisonniers tortur\u00e9s dans les prisons gouvernementales.<\/p>\n\n\n\n<ul class=\"wp-block-list\">\n<li><strong>6 f\u00e9vrier 2023<\/strong><\/li>\n<\/ul>\n\n\n\n<p>Un tremblement de terre de magnitude 7,8 degr\u00e9s ravage la r\u00e9gion, faisant 50 000 morts en Turquie et 6&nbsp;000 morts en Syrie. En Syrie, la catastrophe est aggrav\u00e9e par les sanctions am\u00e9ricaines et occidentales qui ont fortement affect\u00e9 le secteur hospitalier et celui des secours. \u00c0 la faveur de ce d\u00e9sastre, plusieurs pays arabes renouent le contact avec le pr\u00e9sident Bachar el-Assad, qui brise son isolement politique. Damas sera autoris\u00e9e \u00e0 reprendre son si\u00e8ge au sein de la Ligue arabe et Bachar el-Assad sera invit\u00e9 au sommet arabe de Riyad, le 18 mai.<\/p>\n\n\n\n<ul class=\"wp-block-list\">\n<li><strong>8 d\u00e9cembre 2024<\/strong><\/li>\n<\/ul>\n\n\n\n<p>Un avion d\u00e9colle, \u00e0 l\u2019aube, de l\u2019a\u00e9roport de Damas avec \u00e0 son bord Bachar el-Assad et sa famille. Apr\u00e8s 25 ann\u00e9es pass\u00e9es au pouvoir, dont 13 ans de guerre civile, le pr\u00e9sident syrien vient d\u2019\u00eatre renvers\u00e9 \u00e0 l\u2019issue d\u2019une offensive \u00e9clair d\u2019une\u00a0<strong>coalition rebelle<\/strong>\u00a0h\u00e9t\u00e9roclite partie d\u2019Idleb, le 27 novembre. La Russie annonce, le lendemain, avoir accord\u00e9 l\u2019asile au pr\u00e9sident d\u00e9chu et \u00e0 sa famille pour des \u00ab\u00a0<em>raisons humanitaires\u00a0<\/em>\u00bb. La rapidit\u00e9 de la chute du r\u00e9gime surprend le monde entier. L\u2019arm\u00e9e syrienne, affaiblie par 13 ans de guerre et par les sanctions occidentales, d\u00e9moralis\u00e9e, d\u00e9motiv\u00e9e, a renonc\u00e9 \u00e0 d\u00e9fendre le r\u00e9gime. Les rebelles entrent \u00e0 Damas sans v\u00e9ritablement combattre.<\/p>\n","protected":false},"excerpt":{"rendered":"<p>Du soul\u00e8vement populaire de Deraa en 2011 \u00e0 la chute du r\u00e9gime Assad le 8 d\u00e9cembre 2024, la Syrie a<\/p>\n","protected":false},"author":1,"featured_media":48606,"comment_status":"open","ping_status":"open","sticky":false,"template":"","format":"standard","meta":{"footnotes":""},"categories":[51],"tags":[],"class_list":["post-48605","post","type-post","status-publish","format-standard","has-post-thumbnail","hentry","category-general"],"_links":{"self":[{"href":"https:\/\/dekkbi.com\/index.php?rest_route=\/wp\/v2\/posts\/48605","targetHints":{"allow":["GET"]}}],"collection":[{"href":"https:\/\/dekkbi.com\/index.php?rest_route=\/wp\/v2\/posts"}],"about":[{"href":"https:\/\/dekkbi.com\/index.php?rest_route=\/wp\/v2\/types\/post"}],"author":[{"embeddable":true,"href":"https:\/\/dekkbi.com\/index.php?rest_route=\/wp\/v2\/users\/1"}],"replies":[{"embeddable":true,"href":"https:\/\/dekkbi.com\/index.php?rest_route=%2Fwp%2Fv2%2Fcomments&post=48605"}],"version-history":[{"count":2,"href":"https:\/\/dekkbi.com\/index.php?rest_route=\/wp\/v2\/posts\/48605\/revisions"}],"predecessor-version":[{"id":48619,"href":"https:\/\/dekkbi.com\/index.php?rest_route=\/wp\/v2\/posts\/48605\/revisions\/48619"}],"wp:featuredmedia":[{"embeddable":true,"href":"https:\/\/dekkbi.com\/index.php?rest_route=\/wp\/v2\/media\/48606"}],"wp:attachment":[{"href":"https:\/\/dekkbi.com\/index.php?rest_route=%2Fwp%2Fv2%2Fmedia&parent=48605"}],"wp:term":[{"taxonomy":"category","embeddable":true,"href":"https:\/\/dekkbi.com\/index.php?rest_route=%2Fwp%2Fv2%2Fcategories&post=48605"},{"taxonomy":"post_tag","embeddable":true,"href":"https:\/\/dekkbi.com\/index.php?rest_route=%2Fwp%2Fv2%2Ftags&post=48605"}],"curies":[{"name":"wp","href":"https:\/\/api.w.org\/{rel}","templated":true}]}}