{"id":48595,"date":"2024-12-13T10:32:19","date_gmt":"2024-12-13T10:32:19","guid":{"rendered":"https:\/\/dekkbi.com\/?p=48595"},"modified":"2024-12-13T11:12:20","modified_gmt":"2024-12-13T11:12:20","slug":"altercation-lors-de-leur-face-a-face-le-cng-rappelle-a-lordre-ada-fass-et-lac-2","status":"publish","type":"post","link":"https:\/\/dekkbi.com\/?p=48595","title":{"rendered":"Altercation: CNG rappelle \u00e0 l\u2019ordre Ada Fass et Lac2"},"content":{"rendered":"\n<p>Le CNG de Lutte a convoqu\u00e9 le ph\u00e9nom\u00e8ne de la m\u00e9dina et le Djato de Gu\u00e9diawaye apr\u00e8s une bagarre au \u201cface to face\u201d d\u2019Abidjan.<\/p>\n\n\n\n<p>Il y\u2019a un peu plus d\u2019une semaine, Lac de Guiers et Ada Fass faisaient la promotion de leur combat en C\u00f4te d\u2019Ivoire. Mais au-del\u00e0 de l\u2019attente que suscitait cet \u00e9v\u00e9nement d\u00e9localis\u00e9 hors du pays, les amateurs ont assist\u00e9 \u00e0 une altercation entre les deux lutteurs qui s\u2019en sont venus aux mains devant les spectateurs ivoiriens m\u00e9dus\u00e9s.<\/p>\n\n\n\n<p>Ce mercredi, les deux protagonistes du 4 avril \u00e9taient dans les bureaux du CNG pour r\u00e9pondre \u00e0 une convocation du comit\u00e9 dirig\u00e9e par Malick Ngom. Ils ont ainsi reconnu leur tord et pr\u00e9senter des excuses au monde de la lutte.<\/p>\n\n\n\n<p>\u201c<em>Le CNG nous a convoqu\u00e9 pour nous rappeler \u00e0 l\u2019ordre ce qui est normal car nous devons mieux nous comporter. Nous sommes des exemples pour des milliers de jeunes. Nous allons appliquer les conseils qui nous ont \u00e9t\u00e9 donn\u00e9s<\/em>\u201d a d\u00e9clar\u00e9 Ada Fass.<\/p>\n\n\n\n<p>De son c\u00f4t\u00e9 Lac 2 a abord\u00e9 dans le m\u00eame sillage&nbsp;&nbsp;sollicitant le pardon du CNG. \u201c<em>Nous ne souhaitons pas \u00eatre sanctionn\u00e9s m\u00eame si nous reconnaissons nos erreurs<\/em>\u201d a-t-il fait savoir.<\/p>\n\n\n\n<p>Wiwsport.com<\/p>\n","protected":false},"excerpt":{"rendered":"<p>Le CNG de Lutte a convoqu\u00e9 le ph\u00e9nom\u00e8ne de la m\u00e9dina et le Djato de Gu\u00e9diawaye apr\u00e8s une bagarre au<\/p>\n","protected":false},"author":1,"featured_media":48596,"comment_status":"open","ping_status":"open","sticky":false,"template":"","format":"standard","meta":{"footnotes":""},"categories":[9],"tags":[],"class_list":["post-48595","post","type-post","status-publish","format-standard","has-post-thumbnail","hentry","category-sports"],"_links":{"self":[{"href":"https:\/\/dekkbi.com\/index.php?rest_route=\/wp\/v2\/posts\/48595","targetHints":{"allow":["GET"]}}],"collection":[{"href":"https:\/\/dekkbi.com\/index.php?rest_route=\/wp\/v2\/posts"}],"about":[{"href":"https:\/\/dekkbi.com\/index.php?rest_route=\/wp\/v2\/types\/post"}],"author":[{"embeddable":true,"href":"https:\/\/dekkbi.com\/index.php?rest_route=\/wp\/v2\/users\/1"}],"replies":[{"embeddable":true,"href":"https:\/\/dekkbi.com\/index.php?rest_route=%2Fwp%2Fv2%2Fcomments&post=48595"}],"version-history":[{"count":3,"href":"https:\/\/dekkbi.com\/index.php?rest_route=\/wp\/v2\/posts\/48595\/revisions"}],"predecessor-version":[{"id":48629,"href":"https:\/\/dekkbi.com\/index.php?rest_route=\/wp\/v2\/posts\/48595\/revisions\/48629"}],"wp:featuredmedia":[{"embeddable":true,"href":"https:\/\/dekkbi.com\/index.php?rest_route=\/wp\/v2\/media\/48596"}],"wp:attachment":[{"href":"https:\/\/dekkbi.com\/index.php?rest_route=%2Fwp%2Fv2%2Fmedia&parent=48595"}],"wp:term":[{"taxonomy":"category","embeddable":true,"href":"https:\/\/dekkbi.com\/index.php?rest_route=%2Fwp%2Fv2%2Fcategories&post=48595"},{"taxonomy":"post_tag","embeddable":true,"href":"https:\/\/dekkbi.com\/index.php?rest_route=%2Fwp%2Fv2%2Ftags&post=48595"}],"curies":[{"name":"wp","href":"https:\/\/api.w.org\/{rel}","templated":true}]}}