{"id":48578,"date":"2024-12-13T10:11:20","date_gmt":"2024-12-13T10:11:20","guid":{"rendered":"https:\/\/dekkbi.com\/?p=48578"},"modified":"2024-12-13T10:16:45","modified_gmt":"2024-12-13T10:16:45","slug":"avec-80-a-100-gie-et-pme-le-made-in-senegal-se-prepare-pour-lexpo-2025-au-japon","status":"publish","type":"post","link":"https:\/\/dekkbi.com\/?p=48578","title":{"rendered":"Avec 80 \u00e0 100 GIE et PME: Le Made in Senegal se pr\u00e9pare pour Japon 2025"},"content":{"rendered":"\n<h3 class=\"wp-block-heading\">Dans le but de renforcer et de dynamiser le secteur priv\u00e9 national, le \u00ab\u00a0Made in Senegal\u00a0\u00bb sera bien pr\u00e9sent \u00e0 l&rsquo;Expo 2025 de Japon. Serigne Gu\u00e8ye Diop, le ministre de l\u2019\u00c9conomie et de l\u2019Industrie, pr\u00e9voit d&rsquo;y emmener au moins 80 \u00e0 100 GIE et PME, afin de mettre en valeur le savoir-faire s\u00e9n\u00e9galais sur la sc\u00e8ne internationale. Le ministre a donc invit\u00e9 l&rsquo;ASEPEX (Agence s\u00e9n\u00e9galaise de la promotion des exportations), \u00e0 poursuivre le travail d\u00e9j\u00e0 entam\u00e9.<br><br>Serigne Gueye Diop s\u2019est exprim\u00e9 hier \u00e0 l\u2019occasion de la journ\u00e9e nationale du S\u00e9n\u00e9gal dans le cadre des activit\u00e9s de la 32e FIDAK au CICES, o\u00f9 il a effectu\u00e9 une visite des stands.<br><br>Le voici au micro de Al Amine SENGHOR et Aita Ndoye\u2026.<\/h3>\n\n\n\n<figure class=\"wp-block-embed is-type-rich is-provider-prise-en-charge-des-contenus-embarqu-s wp-block-embed-prise-en-charge-des-contenus-embarqu-s wp-embed-aspect-16-9 wp-has-aspect-ratio\"><div class=\"wp-block-embed__wrapper\">\n<iframe loading=\"lazy\" title=\"Le Made in Senegal se pr\u00e9pare pour l&#039;Expo 2025 au Japon avec 80 \u00e0 100 GIE et PME\" width=\"800\" height=\"450\" src=\"https:\/\/www.youtube.com\/embed\/A1caVb2qauw?feature=oembed\" frameborder=\"0\" allow=\"accelerometer; autoplay; clipboard-write; encrypted-media; gyroscope; picture-in-picture; web-share\" referrerpolicy=\"strict-origin-when-cross-origin\" allowfullscreen><\/iframe>\n<\/div><\/figure>\n\n\n\n<p>SOURCE LERAL<\/p>\n","protected":false},"excerpt":{"rendered":"<p>Dans le but de renforcer et de dynamiser le secteur priv\u00e9 national, le \u00ab\u00a0Made in Senegal\u00a0\u00bb sera bien pr\u00e9sent \u00e0<\/p>\n","protected":false},"author":1,"featured_media":48580,"comment_status":"open","ping_status":"open","sticky":false,"template":"","format":"standard","meta":{"footnotes":""},"categories":[21],"tags":[],"class_list":["post-48578","post","type-post","status-publish","format-standard","has-post-thumbnail","hentry","category-societe"],"_links":{"self":[{"href":"https:\/\/dekkbi.com\/index.php?rest_route=\/wp\/v2\/posts\/48578","targetHints":{"allow":["GET"]}}],"collection":[{"href":"https:\/\/dekkbi.com\/index.php?rest_route=\/wp\/v2\/posts"}],"about":[{"href":"https:\/\/dekkbi.com\/index.php?rest_route=\/wp\/v2\/types\/post"}],"author":[{"embeddable":true,"href":"https:\/\/dekkbi.com\/index.php?rest_route=\/wp\/v2\/users\/1"}],"replies":[{"embeddable":true,"href":"https:\/\/dekkbi.com\/index.php?rest_route=%2Fwp%2Fv2%2Fcomments&post=48578"}],"version-history":[{"count":2,"href":"https:\/\/dekkbi.com\/index.php?rest_route=\/wp\/v2\/posts\/48578\/revisions"}],"predecessor-version":[{"id":48586,"href":"https:\/\/dekkbi.com\/index.php?rest_route=\/wp\/v2\/posts\/48578\/revisions\/48586"}],"wp:featuredmedia":[{"embeddable":true,"href":"https:\/\/dekkbi.com\/index.php?rest_route=\/wp\/v2\/media\/48580"}],"wp:attachment":[{"href":"https:\/\/dekkbi.com\/index.php?rest_route=%2Fwp%2Fv2%2Fmedia&parent=48578"}],"wp:term":[{"taxonomy":"category","embeddable":true,"href":"https:\/\/dekkbi.com\/index.php?rest_route=%2Fwp%2Fv2%2Fcategories&post=48578"},{"taxonomy":"post_tag","embeddable":true,"href":"https:\/\/dekkbi.com\/index.php?rest_route=%2Fwp%2Fv2%2Ftags&post=48578"}],"curies":[{"name":"wp","href":"https:\/\/api.w.org\/{rel}","templated":true}]}}