{"id":48549,"date":"2024-12-13T09:26:56","date_gmt":"2024-12-13T09:26:56","guid":{"rendered":"https:\/\/dekkbi.com\/?p=48549"},"modified":"2024-12-13T10:15:40","modified_gmt":"2024-12-13T10:15:40","slug":"pour-batir-une-nation-souveraine-et-ouverte-aux-ideaux-du-panafricanisme-enseigner-et-faire-connaitre-a-la-jeunesse-le-long-heritage-des-heros-de-la-resistance-coloniale","status":"publish","type":"post","link":"https:\/\/dekkbi.com\/?p=48549","title":{"rendered":"Pour b\u00e2tir une nation souveraine et ouverte aux id\u00e9aux du panafricanisme"},"content":{"rendered":"\n<p><strong>Enseigner et faire conna\u00eetre \u00e0 la jeunesse le long h\u00e9ritage des h\u00e9ros de la r\u00e9sistance coloniale<\/strong>.<\/p>\n\n\n\n<p><em>\u00abL\u2019\u00c9tat comme les collectivit\u00e9s locales ont pour mission d\u2019enseigner et de faire conna\u00eetre ce long h\u00e9ritage, dans toute sa complexit\u00e9, pour inspirer les politiques de transformation de notre soci\u00e9t\u00e9\u00bb,<\/em>&nbsp;a martel\u00e9 le chef de l\u2019Etat.&nbsp;Bassirour Diomaye Diakhar Faye qui a inaugur\u00e9 la statue de Lat Dior hier, jeudi 12 d\u00e9cembre 2024, \u00e0 Thi\u00e8s, &nbsp;a indiqu\u00e9 que&nbsp;<em>\u00abl\u2019initiative du maire Babacar Diop est \u00e0 citer en exemple \u00e0 tous les \u00e9diles des collectivit\u00e9s locales qui, en coh\u00e9rence avec l\u2019\u00c9tat, auront \u00e0 concevoir et mettre en \u0153uvre une politique novatrice de soutien aux industries culturelles. Accompagner les artistes et les cr\u00e9ateurs culturels participe \u00e0 b\u00e2tir notre patrimoine mat\u00e9riel et immat\u00e9riel, levain incontournable de notre vivre ensemble. Au-del\u00e0 de la dimension esth\u00e9tique, l\u2019\u0153uvre que nous inaugurons aujourd\u2019hui, \u00e0 l\u2019image de tant d\u2019autres produits de l\u2019imagination cr\u00e9atrice de nos artistes, cin\u00e9astes et litt\u00e9raires, est porteuse d\u2019une efficace fonction p\u00e9dagogique, dans la transmission de nos valeurs et vertus les meilleures<\/em>\u00bb.<\/p>\n\n\n\n<p>Mieux, a-t-il insist\u00e9,&nbsp;<em>\u00abL\u2019\u00e9cole doit s\u2019emparer de cette m\u00e9moire, quel qu\u2019en soit le support, pour former en notre jeunesse les b\u00e2tisseurs d\u2019une nation souveraine et ouverte aux id\u00e9aux du Panafricanisme.\u00bb&nbsp;<\/em>Pour lui, le parrainage de nos rues, de nos places publiques, de nos infrastructures sportives et culturelles, de nos \u00e9coles et \u00e9difices publics et priv\u00e9s est appel\u00e9 \u00e0 davantage puiser ses noms dans ce patrimoine partag\u00e9, ce socle de r\u00e9f\u00e9rences collectives sur lesquelles s\u2019\u00e9difient notre imaginaire national et nos convictions patriotiques.<\/p>\n\n\n\n<p><em>\u00abContinuer \u00e0 faire patrie, c\u2019est renforcer la perspective de l\u2019unit\u00e9 \u00e0 partir de toutes les sources qui alimentent la m\u00e9moire nationale, forte de sa diversit\u00e9. Aujourd\u2019hui nous c\u00e9l\u00e9brons Lat Joor Ngon\u00e9 Latyr Joop dans une ville o\u00f9 se sont \u00e9crites des pages glorieuses de notre histoire\u00bb,<\/em>&nbsp;a-t-il fait savoir.<\/p>\n\n\n\n<p>Il a \u00e9galement rappel\u00e9 que Thi\u00e8s est aussi la ville des cheminots qui se sont illustr\u00e9s dans tous les combats pour la libert\u00e9 et la justice sociale.&nbsp;<em>\u00abIls ont pay\u00e9 au prix fort cet engagement militant. Semb\u00e8ne Ousmane a immortalis\u00e9 la longue gr\u00e8ve des cheminots de 1947, dans une \u0153uvre devenue classique Les bouts de bois de Dieu. Moins connue est la gr\u00e8ve de 1938 qui s\u2019est achev\u00e9e dans un bain de sang le 27 septembre. Un autre massacre colonial que vous avez immortalis\u00e9 avec l\u2019\u00e9rection d\u2019un monument au bout de l\u2019avenue Aynina Fall, \u00e0 l\u2019entr\u00e9e de la Cit\u00e9 Ibrahima Sarr, du nom des leaders de la gr\u00e8ve de 1947. Nous \u00e9tions au cr\u00e9puscule du Front populaire. Les pogroms des heures sombres de la Deuxi\u00e8me Guerre mondiale assombrissaient l\u2019horizon\u00bb.&nbsp;<\/em><\/p>\n\n\n\n<p>Revenant sur le massacre de Thiaroye 44, il s\u2019interroge&nbsp;:&nbsp;<em>\u00abEst-il besoin de le rappeler ? Le conflit mondial s\u2019est achev\u00e9, pour l\u2019Afrique, avec le massacre des tirailleurs s\u00e9n\u00e9galais \u00e0 Thiaroye le 1er d\u00e9cembre 1944. Nous venons d\u2019en comm\u00e9morer le 80e anniversaire afin que jamais ne s\u2019\u00e9teigne la contribution des hommes et des femmes d\u2019Afrique \u00e0 l\u2019\u00e9dification d\u2019un monde toujours plus humain parce que plus juste\u00bb<\/em>.<\/p>\n\n\n\n<p><strong>ID<\/strong> &#8211; SUDQUOTIDIEN<\/p>\n","protected":false},"excerpt":{"rendered":"<p>Enseigner et faire conna\u00eetre \u00e0 la jeunesse le long h\u00e9ritage des h\u00e9ros de la r\u00e9sistance coloniale. \u00abL\u2019\u00c9tat comme les collectivit\u00e9s<\/p>\n","protected":false},"author":1,"featured_media":48550,"comment_status":"open","ping_status":"open","sticky":false,"template":"","format":"standard","meta":{"footnotes":""},"categories":[26],"tags":[],"class_list":["post-48549","post","type-post","status-publish","format-standard","has-post-thumbnail","hentry","category-fait-divers"],"_links":{"self":[{"href":"https:\/\/dekkbi.com\/index.php?rest_route=\/wp\/v2\/posts\/48549","targetHints":{"allow":["GET"]}}],"collection":[{"href":"https:\/\/dekkbi.com\/index.php?rest_route=\/wp\/v2\/posts"}],"about":[{"href":"https:\/\/dekkbi.com\/index.php?rest_route=\/wp\/v2\/types\/post"}],"author":[{"embeddable":true,"href":"https:\/\/dekkbi.com\/index.php?rest_route=\/wp\/v2\/users\/1"}],"replies":[{"embeddable":true,"href":"https:\/\/dekkbi.com\/index.php?rest_route=%2Fwp%2Fv2%2Fcomments&post=48549"}],"version-history":[{"count":2,"href":"https:\/\/dekkbi.com\/index.php?rest_route=\/wp\/v2\/posts\/48549\/revisions"}],"predecessor-version":[{"id":48585,"href":"https:\/\/dekkbi.com\/index.php?rest_route=\/wp\/v2\/posts\/48549\/revisions\/48585"}],"wp:featuredmedia":[{"embeddable":true,"href":"https:\/\/dekkbi.com\/index.php?rest_route=\/wp\/v2\/media\/48550"}],"wp:attachment":[{"href":"https:\/\/dekkbi.com\/index.php?rest_route=%2Fwp%2Fv2%2Fmedia&parent=48549"}],"wp:term":[{"taxonomy":"category","embeddable":true,"href":"https:\/\/dekkbi.com\/index.php?rest_route=%2Fwp%2Fv2%2Fcategories&post=48549"},{"taxonomy":"post_tag","embeddable":true,"href":"https:\/\/dekkbi.com\/index.php?rest_route=%2Fwp%2Fv2%2Ftags&post=48549"}],"curies":[{"name":"wp","href":"https:\/\/api.w.org\/{rel}","templated":true}]}}