{"id":48546,"date":"2024-12-13T09:23:41","date_gmt":"2024-12-13T09:23:41","guid":{"rendered":"https:\/\/dekkbi.com\/?p=48546"},"modified":"2024-12-13T09:23:41","modified_gmt":"2024-12-13T09:23:41","slug":"promotion-de-la-destination-senegal-developper-le-tourisme-a-travers-la-peche","status":"publish","type":"post","link":"https:\/\/dekkbi.com\/?p=48546","title":{"rendered":"Promotion de la destination S\u00e9n\u00e9gal: d\u00e9velopper le tourisme \u00e0 travers la p\u00eache"},"content":{"rendered":"\n<p><strong>Le minist\u00e8re des P\u00eaches et des Infrastructures Maritimes et Portuaires, a tenu sa Journ\u00e9e \u00e0 la Foire Internationale de Dakar (FIDAK) hier, jeudi 12 d\u00e9cembre, sous le th\u00e8me&nbsp;:&nbsp;<em>\u00abTourisme et s\u00e9curit\u00e9 maritimes, enjeux et perspectives\u00bb.<\/em>&nbsp;Le d\u00e9partement dirig\u00e9 par Docteur Fatou Diouf compte ainsi poser la r\u00e9flexion sur comment promouvoir la destination S\u00e9n\u00e9gal \u00e0 travers la p\u00eache.<\/strong><\/p>\n\n\n\n<p>La Journ\u00e9e d\u00e9di\u00e9e au minist\u00e8re de la P\u00eache \u00e0 la Foire internationale de Dakar (FIDAK), a \u00e9t\u00e9 tenue hier, jeudi 12 d\u00e9cembre.&nbsp; Le th\u00e8me choisi pour la c\u00e9l\u00e9brer est&nbsp;:&nbsp;<em>\u00abTourisme et s\u00e9curit\u00e9 maritimes, enjeux et perspectives\u00bb.<\/em>&nbsp;Venu pr\u00e9sider l\u2019\u00e9v\u00e9nement, le ministre des P\u00eaches et des Infrastructures Maritimes et Portuaires, Docteur Fatou Diouf, a trouv\u00e9 que le th\u00e8me est une&nbsp;<em>\u00abinvite&nbsp; pour r\u00e9fl\u00e9chir sur les d\u00e9fis \u00e0 renouveler, mais aussi sur les opportunit\u00e9s immenses qui se dessinent \u00e0 l\u2019horizon pour nos c\u00f4tes, nos infrastructures et nos communaut\u00e9s\u00bb.<\/em><\/p>\n\n\n\n<p>Selon le ministre,&nbsp;<em>\u00able S\u00e9n\u00e9gal riche de ses c\u00f4tes, de ses ports et de ses \u00e9cosyst\u00e8mes marins, est une terre d\u2019opportunit\u00e9s\u00bb.<\/em>&nbsp;Elle s\u2019appuie sur le fait que&nbsp;<em>\u00ables ressources halieutiques alimentent des millions de foyers, tandis que notre littoral, par sa beaut\u00e9 et son authenticit\u00e9, attire des touristes du monde entier<\/em>\u00bb. Toutefois, note Docteur Fatou Diouf,&nbsp;<em>\u00abpour que cet \u00e9cosyst\u00e8me maritime continue de jouer pleinement son r\u00f4le moteur dans notre \u00e9conomie, il est imp\u00e9ratif d\u2019adresser avec s\u00e9rieux les questions de s\u00e9curit\u00e9 maritime. Il ne peut y avoir de d\u00e9veloppement touristique durable ou de prosp\u00e9rit\u00e9 \u00e9conomique sans un environnement maritime s\u00fbr, r\u00e9silient et prot\u00e9g\u00e9\u00bb<\/em>.<\/p>\n\n\n\n<p>Selon toujours le ministre de la p\u00eache,&nbsp;<em>\u00abface \u00e0 des menaces comme la pollution marine, les activit\u00e9s illicites, les accidents en mer ou encore les d\u00e9r\u00e8glements climatiques, les efforts des structures \u00e9tatiques doivent \u00eatre collectifs\u00bb<\/em>. Elle explique de ce fait, que&nbsp;<em>\u00abrenforcer la s\u00e9curit\u00e9 maritime, c\u2019est non seulement prot\u00e9ger les vies humaines, mais aussi pr\u00e9server nos ressources pour les g\u00e9n\u00e9rations futures. Pour ce qui concerne le tourisme fluvio-maritime, il repr\u00e9sente un secteur d\u2019avenir si nous nous r\u00e9f\u00e9rons au tourisme c\u00f4tier, \u00e0 la croisi\u00e8re ou encore \u00e0 la promotion de nos cultures maritimes et fluviales locales\u00bb<\/em>.<\/p>\n\n\n\n<p>Dr Fatou Diouf insiste que&nbsp;<em>\u00abpour exploiter le potentiel maritime, il est n\u00e9cessaire d\u2019instaurer une confiance durable entre les visiteurs, les op\u00e9rateurs et nos institutions\u00bb.<\/em>&nbsp;Le ministre a jug\u00e9, en outre que,&nbsp; la s\u00e9curit\u00e9 maritime doit devenir le socle sur lequel repose le d\u00e9veloppement touristique. Elle informe que son d\u00e9partement&nbsp;<em>\u00abva \u0153uvrer pour des moyens de transport fluvio-maritime diversifi\u00e9s et modernes, des dispositifs de surveillance efficaces et une coop\u00e9ration renforc\u00e9e entre les acteurs publics et priv\u00e9s\u00bb<\/em>.<\/p>\n\n\n\n<p>Pour la Directrice g\u00e9n\u00e9rale du Conseil&nbsp; s\u00e9n\u00e9galais des chargeurs (COSEC), Ndeye Rokhaya Thiam,&nbsp;<em>\u00abla croissance du tourisme maritime passera \u00e9galement par la mise en \u0153uvre de lignes de croisi\u00e8re le long de la fa\u00e7ade maritime, mais \u00e9galement dans les eaux int\u00e9rieures comme le fleuve S\u00e9n\u00e9gal\u00bb.<\/em>&nbsp;Et \u00e0 ce niveau, &nbsp;indique-t-elle,&nbsp;<em>\u00able conseil et actionnaires majoritaires \u00e0 des projets en gestation susceptibles de g\u00e9n\u00e9rer un flux d\u2019activit\u00e9s et de ressources importantes, tout en respectant bien entendu les normes de s\u00e9curit\u00e9 exig\u00e9es\u2026 Cette journ\u00e9e est certainement une occasion pour contribuer \u00e0 d\u00e9finir un plan d\u2019action qui pourra promouvoir le tourisme maritime au S\u00e9n\u00e9gal\u00bb<\/em>.<\/p>\n\n\n\n<p>Ndeye Rokhaya Thiam a, elle aussi, salu\u00e9 l\u2019importance de la mutualisation des forces entre les diff\u00e9rentes structures de l\u2019Etat.&nbsp;<em>\u00abLe COSEC a toujours accord\u00e9 une importance primordiale \u00e0 cette Journ\u00e9e du minist\u00e8re de la P\u00eache car elle est la marque de l\u2019inclusion, de la solidarit\u00e9, de l\u2019esprit de corps et d\u2019une volont\u00e9 sans faille de raffermir les liens existants entre les diff\u00e9rentes structures \u00e9voluant dans le secteur des p\u00eaches et des transports maritimes\u00bb<\/em>. Il s\u2019agit \u00e9galement, dit-elle,&nbsp;<em>\u00abde d\u00e9montrer que les actions et projets men\u00e9s au sein du minist\u00e8re r\u00e9v\u00e8lent une m\u00eame vision, celle d\u00e9clin\u00e9e par les plus hautes autorit\u00e9s de ce pays\u00bb.<\/em><\/p>\n\n\n\n<p>De son c\u00f4t\u00e9, le ministre de la Famille et des Solidarit\u00e9s, &nbsp;Ma\u00efmouna Di\u00e8ye, envisage&nbsp;<em>\u00abqu\u2019au sortir de cette journ\u00e9e la signature d\u2019une convention de partenariat pour mieux encadrer ces femmes\u00bb.<\/em>&nbsp;Elle a profit\u00e9 de l\u2019occasion pour inviter son homologue de la P\u00eache, au prochain festival Kom-Kom \u00e0 Ziguinchor, d\u00e9di\u00e9 \u00e0 l\u2019autonomisation de la femme, du 16 au 22 d\u00e9cembre 2024.<\/p>\n\n\n\n<p><strong>Fatou NDIAYE<\/strong><br>SUDQUOTIDIEN<\/p>\n","protected":false},"excerpt":{"rendered":"<p>Le minist\u00e8re des P\u00eaches et des Infrastructures Maritimes et Portuaires, a tenu sa Journ\u00e9e \u00e0 la Foire Internationale de Dakar<\/p>\n","protected":false},"author":1,"featured_media":48547,"comment_status":"open","ping_status":"open","sticky":false,"template":"","format":"standard","meta":{"footnotes":""},"categories":[3],"tags":[],"class_list":["post-48546","post","type-post","status-publish","format-standard","has-post-thumbnail","hentry","category-event-more-news"],"_links":{"self":[{"href":"https:\/\/dekkbi.com\/index.php?rest_route=\/wp\/v2\/posts\/48546","targetHints":{"allow":["GET"]}}],"collection":[{"href":"https:\/\/dekkbi.com\/index.php?rest_route=\/wp\/v2\/posts"}],"about":[{"href":"https:\/\/dekkbi.com\/index.php?rest_route=\/wp\/v2\/types\/post"}],"author":[{"embeddable":true,"href":"https:\/\/dekkbi.com\/index.php?rest_route=\/wp\/v2\/users\/1"}],"replies":[{"embeddable":true,"href":"https:\/\/dekkbi.com\/index.php?rest_route=%2Fwp%2Fv2%2Fcomments&post=48546"}],"version-history":[{"count":1,"href":"https:\/\/dekkbi.com\/index.php?rest_route=\/wp\/v2\/posts\/48546\/revisions"}],"predecessor-version":[{"id":48548,"href":"https:\/\/dekkbi.com\/index.php?rest_route=\/wp\/v2\/posts\/48546\/revisions\/48548"}],"wp:featuredmedia":[{"embeddable":true,"href":"https:\/\/dekkbi.com\/index.php?rest_route=\/wp\/v2\/media\/48547"}],"wp:attachment":[{"href":"https:\/\/dekkbi.com\/index.php?rest_route=%2Fwp%2Fv2%2Fmedia&parent=48546"}],"wp:term":[{"taxonomy":"category","embeddable":true,"href":"https:\/\/dekkbi.com\/index.php?rest_route=%2Fwp%2Fv2%2Fcategories&post=48546"},{"taxonomy":"post_tag","embeddable":true,"href":"https:\/\/dekkbi.com\/index.php?rest_route=%2Fwp%2Fv2%2Ftags&post=48546"}],"curies":[{"name":"wp","href":"https:\/\/api.w.org\/{rel}","templated":true}]}}