{"id":48543,"date":"2024-12-13T09:09:38","date_gmt":"2024-12-13T09:09:38","guid":{"rendered":"https:\/\/dekkbi.com\/?p=48543"},"modified":"2024-12-13T09:09:38","modified_gmt":"2024-12-13T09:09:38","slug":"inauguration-de-la-statue-de-lat-dior-a-thies-bassirou-diomaye-faye-salue-la-memoire-dune-figure-centrale-de-la-resistance-anticoloniale","status":"publish","type":"post","link":"https:\/\/dekkbi.com\/?p=48543","title":{"rendered":"Inauguration de la statue de Lat Dior \u00e0 Thi\u00e8s : Bassirou Diomaye Faye salue la m\u00e9moire d\u2019une figure centrale de la r\u00e9sistance anticoloniale"},"content":{"rendered":"\n<p><strong>Le chef de l\u2019\u00c9tat Bassirou Diomaye Faye a pr\u00e9sid\u00e9, ce jeudi 12 d\u00e9cembre, \u00e0 Thi\u00e8s, la c\u00e9r\u00e9monie d\u2019inauguration du monument \u00e0 la m\u00e9moire de Lat Joor Ngone Latyr Joop. Il a profit\u00e9 de l\u2019occasion pour saluer l\u2019initiative du conseil municipal de Thi\u00e8s.<\/strong><\/p>\n\n\n\n<p>Un monument \u00e0 la m\u00e9moire de Lat Joor Ngone Latyr Joop, figure centrale dans la r\u00e9sistance anticoloniale a \u00e9t\u00e9 \u00e9rig\u00e9 ce 12 d\u00e9cembre. Une initiative hautement salu\u00e9e par le chef de l\u2019Etat. \u00ab&nbsp;L\u2019initiative du maire Babacar Diop est \u00e0 citer en exemple \u00e0 tous les \u00e9diles des collectivit\u00e9s locales qui, en coh\u00e9rence avec l\u2019\u00c9tat, auront \u00e0 concevoir et mettre en \u0153uvre une politique novatrice de soutien aux industries culturelles&nbsp;\u00bb, a f\u00e9licit\u00e9 Bassirou Diomaye Faye. Au-del\u00e0 de la dimension esth\u00e9tique, poursuit-il, l\u2019\u0153uvre, \u00e0 l\u2019image de tant d\u2019autres produits de l\u2019imagination cr\u00e9atrice de nos artistes, cin\u00e9astes et litt\u00e9raires, est porteuse d\u2019une efficace fonction p\u00e9dagogique, dans la transmission de nos valeurs et vertus les meilleures.<\/p>\n\n\n\n<p>Le Pr\u00e9sident de la R\u00e9publique a soulign\u00e9 que ce monument aurait pu trouver sa place n\u2019importe o\u00f9 en Afrique, mais nulle part mieux qu\u2019\u00e0 Thi\u00e8s, o\u00f9 il r\u00e9sonne avec l\u2019avenue \u00e9ponyme du h\u00e9ros.&nbsp;\u00ab&nbsp;L\u2019\u00e9cole doit s\u2019emparer de cette m\u00e9moire, quel qu\u2019en soit le support, pour former en notre jeunesse les b\u00e2tisseurs d\u2019une nation souveraine et ouverte aux id\u00e9aux du Panafricanisme&nbsp;\u00bb, a relev\u00e9 M. Faye. Ce dernier estime que le parrainage de nos rues, de nos places publiques, de nos infrastructures sportives et culturelles, de nos \u00e9coles et \u00e9difices publics et priv\u00e9s est appel\u00e9 \u00e0 davantage puiser ses noms dans ce patrimoine partag\u00e9, ce socle de r\u00e9f\u00e9rences collectives sur lesquelles s\u2019\u00e9difient notre imaginaire national et nos convictions patriotiques.<\/p>\n\n\n\n<p>LE SOLEIL<\/p>\n","protected":false},"excerpt":{"rendered":"<p>Le chef de l\u2019\u00c9tat Bassirou Diomaye Faye a pr\u00e9sid\u00e9, ce jeudi 12 d\u00e9cembre, \u00e0 Thi\u00e8s, la c\u00e9r\u00e9monie d\u2019inauguration du monument<\/p>\n","protected":false},"author":1,"featured_media":48544,"comment_status":"open","ping_status":"open","sticky":false,"template":"","format":"standard","meta":{"footnotes":""},"categories":[21],"tags":[],"class_list":["post-48543","post","type-post","status-publish","format-standard","has-post-thumbnail","hentry","category-societe"],"_links":{"self":[{"href":"https:\/\/dekkbi.com\/index.php?rest_route=\/wp\/v2\/posts\/48543","targetHints":{"allow":["GET"]}}],"collection":[{"href":"https:\/\/dekkbi.com\/index.php?rest_route=\/wp\/v2\/posts"}],"about":[{"href":"https:\/\/dekkbi.com\/index.php?rest_route=\/wp\/v2\/types\/post"}],"author":[{"embeddable":true,"href":"https:\/\/dekkbi.com\/index.php?rest_route=\/wp\/v2\/users\/1"}],"replies":[{"embeddable":true,"href":"https:\/\/dekkbi.com\/index.php?rest_route=%2Fwp%2Fv2%2Fcomments&post=48543"}],"version-history":[{"count":1,"href":"https:\/\/dekkbi.com\/index.php?rest_route=\/wp\/v2\/posts\/48543\/revisions"}],"predecessor-version":[{"id":48545,"href":"https:\/\/dekkbi.com\/index.php?rest_route=\/wp\/v2\/posts\/48543\/revisions\/48545"}],"wp:featuredmedia":[{"embeddable":true,"href":"https:\/\/dekkbi.com\/index.php?rest_route=\/wp\/v2\/media\/48544"}],"wp:attachment":[{"href":"https:\/\/dekkbi.com\/index.php?rest_route=%2Fwp%2Fv2%2Fmedia&parent=48543"}],"wp:term":[{"taxonomy":"category","embeddable":true,"href":"https:\/\/dekkbi.com\/index.php?rest_route=%2Fwp%2Fv2%2Fcategories&post=48543"},{"taxonomy":"post_tag","embeddable":true,"href":"https:\/\/dekkbi.com\/index.php?rest_route=%2Fwp%2Fv2%2Ftags&post=48543"}],"curies":[{"name":"wp","href":"https:\/\/api.w.org\/{rel}","templated":true}]}}