{"id":48521,"date":"2024-12-12T11:39:58","date_gmt":"2024-12-12T11:39:58","guid":{"rendered":"https:\/\/dekkbi.com\/?p=48521"},"modified":"2024-12-12T11:49:51","modified_gmt":"2024-12-12T11:49:51","slug":"foot-apres-le-comite-executif-de-la-fsf-lequipe-nationale-du-senegal-attend-son-selectionneur","status":"publish","type":"post","link":"https:\/\/dekkbi.com\/?p=48521","title":{"rendered":"Foot : Apr\u00e8s le Comit\u00e9 ex\u00e9cutif de la FSF, l\u2019Equipe Nationale du S\u00e9n\u00e9gal attend son s\u00e9lectionneur"},"content":{"rendered":"\n<p>Pape Thiaw ? Omar Daf ? Habib Beye ? Un \u00e9tranger ? &#8211;  Le flou autour de la succession d\u2019Aliou Ciss\u00e9 \u00e0 la t\u00eate de l\u2019Equipe Nationale du S\u00e9n\u00e9gal s\u2019est pratiquement dissip\u00e9 \u00e0 l\u2019issue de la r\u00e9union du comit\u00e9 de la FSF sur les deux derniers jours. Et l\u2019int\u00e9rimaire d\u2019octobre \u00e0 novembre tient la corde.<\/p>\n\n\n\n<p>Depuis l\u2019\u00e9viction d\u2019Aliou Ciss\u00e9 \u00e0 la t\u00eate de l\u2019Equipe Nationale du S\u00e9n\u00e9gal au d\u00e9but du mois d\u2019octobre dernier, son successeur n\u2019est pas encore connu, mais on est plus vraiment tr\u00e8s loin d\u2019\u00eatre fix\u00e9s. Apr\u00e8s deux jours de r\u00e9union du Comit\u00e9 ex\u00e9cutif de la F\u00e9d\u00e9ration S\u00e9n\u00e9galaise de Football (FSF), le pr\u00e9sident Augustin Senghor se laisse un d\u00e9lai de quelques jours avant, sans doute, l\u2019officialisation du nom du futur s\u00e9lectionneur principal. Cela parce que l\u2019\u00c9tat et son Minist\u00e8re des Sports doivent approuver le choix provenant de l\u2019instance dirigeante du football s\u00e9n\u00e9galais.<\/p>\n\n\n\n<p><strong>Un s\u00e9lectionneur \u00e9tranger\u00a0? Pas question<\/strong><\/p>\n\n\n\n<p>Dans son histoire, l\u2019Equipe Nationale du S\u00e9n\u00e9gal a tr\u00e8s souvent \u00e9t\u00e9 guid\u00e9e par un technicien \u00e9tranger. Jules Vandooren, Otto Pfister, Claude Le Roy, Bruno Metsu\u2026 Mais depuis l\u2019\u00e9pop\u00e9e d\u2019Aliou Ciss\u00e9, dont l\u2019exp\u00e9rience sur le banc des Lions n\u2019a rien \u00e0 envier \u00e0 celle, notamment, de son pr\u00e9d\u00e9cesseur Alain Giresse, et au regard du potentiel d\u2019entra\u00eeneurs locaux, la FSF n\u2019en a qu\u2019\u00e0 faire des \u00ab&nbsp;sorciers blancs&nbsp;\u00bb. Dans le dossier de la succession d\u2019El Tactico, il para\u00eet donc impossible que le pr\u00e9sident de la F\u00e9d\u00e9ration opte pour un s\u00e9lectionneur qui ne serait pas S\u00e9n\u00e9galais.<\/p>\n\n\n\n<p><strong>Daf sous-contrat\u2026 B\u00e8ye priorit\u00e9 club&nbsp;?<\/strong><\/p>\n\n\n\n<p>Ces derniers mois, le nom d\u2019Omar Daf a r\u00e9guli\u00e8rement \u00e9t\u00e9 cit\u00e9 pour prendre les r\u00eanes de l\u2019Equipe Nationale du S\u00e9n\u00e9gal. \u00c0 47 ans et apr\u00e8s des premi\u00e8res exp\u00e9riences en Ligue 2 avec le FC Sochaux, l\u2019actuel entra\u00eeneur d\u2019Amiens n\u2019est pas insensible \u00e0 l\u2019id\u00e9e d\u2019entra\u00eener les&nbsp;&nbsp;champions&nbsp;d\u2019Afrique 2022. Mais si la FSF a m\u00eame pens\u00e9 \u00e0 lui, ces rumeurs et ce d\u00e9sir n\u2019ont jamais abouti et ne devraient pas l\u2019\u00eatre, du moins sit\u00f4t. La raison : Daf, qui avait sign\u00e9 pour deux ans avec une option d\u2019une ann\u00e9e en juin 2023, doit encore officiellement six mois de contrat \u00e0 la formation picarde.<\/p>\n\n\n\n<p>Pour se lib\u00e9rer de son bail avec l\u2019ASC, actuel septi\u00e8me de la Ligue 2 fran\u00e7aise, il faudrait que la F\u00e9d\u00e9ration S\u00e9n\u00e9galaise de Football, ou Omar Daf lui-m\u00eame, mette la main dans la poche, ce qui n\u2019est pas envisageable, surtout par les f\u00e9d\u00e9raux. Quid d\u2019Habib Beye ? Le technicien de 47 ans est l\u2019un, si ce n\u2019est LE chouchou des supporters s\u00e9n\u00e9galais et de certains membres de l\u2019instance dirigeante pour mener le bateau de l\u2019Equipe Nationale et l\u2019\u00e8re post-Aliou Ciss\u00e9. L\u2019hypoth\u00e8se de le voir sur le banc des Lions n\u2019a jamais \u00e9t\u00e9 vraiment \u00e9cart\u00e9e, encore moins par Augustin Senghor.<\/p>\n\n\n\n<p>Probl\u00e8me num\u00e9ro un ? L\u2019ancien entra\u00eeneur du Red Star, sans poste depuis son d\u00e9part du club audonien \u00e0 la fin de saison derni\u00e8re, semble vouloir s\u2019inscrire dans un projet avec un club de l\u2019\u00e9lite. Probl\u00e8me num\u00e9ro deux ? S\u2019il n\u2019est pas totalement insensible \u00e0 l\u2019id\u00e9e d\u2019entra\u00eener les Lions, le consultant de la cha\u00eene crypt\u00e9e Canal+ devrait accepter un salaire nettement inf\u00e9rieur \u00e0 ce qu\u2019il pourrait pr\u00e9tendre en club car le Minist\u00e8re des Sports, qui paie le salaire du s\u00e9lectionneur, est peu enclin \u00e0 conc\u00e9der sur quelque point financier. Aliou Ciss\u00e9 peut en t\u00e9moigner.<\/p>\n\n\n\n<p><strong>Thiaw, l\u2019homme du pr\u00e9sident<\/strong><\/p>\n\n\n\n<p><em>\u00ab Nous maintenons notre vision de donner la priorit\u00e9 aux techniciens s\u00e9n\u00e9galais, qu\u2019ils soient bas\u00e9s au S\u00e9n\u00e9gal ou \u00e0 l\u2019\u00e9tranger \u00bb<\/em>, assurait Augustin Senghor en novembre dernier. Toujours est-il que le fait de ne pas aller au bout du bout pour Omar Daf ou Habib Beye n\u2019est pas sans raison. Elle est l\u2019explication que la cote de Pape Thiaw a grimp\u00e9 pour le pr\u00e9sident de la FSF qui en fait d\u00e9sormais sa priorit\u00e9. La nomination de Thiaw serait un choix naturel, logique, et cr\u00e9dible. D\u2019autant plus que cr\u00e9dible qu\u2019il a parfaitement r\u00e9ussi son int\u00e9rim avec quatre victoires en quatre matchs.<\/p>\n\n\n\n<p>Mais c\u2019est surtout l\u2019exp\u00e9rience du football continental, la proximit\u00e9, d\u00e9j\u00e0 acquise, avec des joueurs qui ont d\u00e9j\u00e0 adopt\u00e9 son jeu qui font de l\u2019ancien entra\u00eeneur de Niarry Tally un successeur l\u00e9gitime d\u2019Aliou Ciss\u00e9. S\u00e9lectionneur, il a gagn\u00e9 le dernier Championnat d\u2019Afrique des Nations (CHAN 2022) avec une \u00e9quipe nationale locale du S\u00e9n\u00e9gal qui se confrontait \u00e0 toutes les difficult\u00e9s pour se qualifier pour la comp\u00e9tition. De plus, contrairement \u00e0 d\u2019autres concurrents, Pape Thiaw constitue \u00ab&nbsp;bon march\u00e9&nbsp;\u00bb pour le Minist\u00e8re. \u00c0 l\u2019heure de la d\u00e9cision d\u00e9finitive, \u00e7a comptera. Forc\u00e9ment.<\/p>\n\n\n\n<p><strong>wiwsport.com<\/strong><\/p>\n","protected":false},"excerpt":{"rendered":"<p>Pape Thiaw ? Omar Daf ? Habib Beye ? Un \u00e9tranger ? &#8211; Le flou autour de la succession d\u2019Aliou<\/p>\n","protected":false},"author":1,"featured_media":48524,"comment_status":"open","ping_status":"open","sticky":false,"template":"","format":"standard","meta":{"footnotes":""},"categories":[9],"tags":[],"class_list":["post-48521","post","type-post","status-publish","format-standard","has-post-thumbnail","hentry","category-sports"],"_links":{"self":[{"href":"https:\/\/dekkbi.com\/index.php?rest_route=\/wp\/v2\/posts\/48521","targetHints":{"allow":["GET"]}}],"collection":[{"href":"https:\/\/dekkbi.com\/index.php?rest_route=\/wp\/v2\/posts"}],"about":[{"href":"https:\/\/dekkbi.com\/index.php?rest_route=\/wp\/v2\/types\/post"}],"author":[{"embeddable":true,"href":"https:\/\/dekkbi.com\/index.php?rest_route=\/wp\/v2\/users\/1"}],"replies":[{"embeddable":true,"href":"https:\/\/dekkbi.com\/index.php?rest_route=%2Fwp%2Fv2%2Fcomments&post=48521"}],"version-history":[{"count":2,"href":"https:\/\/dekkbi.com\/index.php?rest_route=\/wp\/v2\/posts\/48521\/revisions"}],"predecessor-version":[{"id":48525,"href":"https:\/\/dekkbi.com\/index.php?rest_route=\/wp\/v2\/posts\/48521\/revisions\/48525"}],"wp:featuredmedia":[{"embeddable":true,"href":"https:\/\/dekkbi.com\/index.php?rest_route=\/wp\/v2\/media\/48524"}],"wp:attachment":[{"href":"https:\/\/dekkbi.com\/index.php?rest_route=%2Fwp%2Fv2%2Fmedia&parent=48521"}],"wp:term":[{"taxonomy":"category","embeddable":true,"href":"https:\/\/dekkbi.com\/index.php?rest_route=%2Fwp%2Fv2%2Fcategories&post=48521"},{"taxonomy":"post_tag","embeddable":true,"href":"https:\/\/dekkbi.com\/index.php?rest_route=%2Fwp%2Fv2%2Ftags&post=48521"}],"curies":[{"name":"wp","href":"https:\/\/api.w.org\/{rel}","templated":true}]}}