{"id":48479,"date":"2024-12-12T10:52:31","date_gmt":"2024-12-12T10:52:31","guid":{"rendered":"https:\/\/dekkbi.com\/?p=48479"},"modified":"2024-12-12T10:52:31","modified_gmt":"2024-12-12T10:52:31","slug":"adama-gaye-a-nouveau-convoque-par-la-cybercriminalite-le-journaliste-sinterroge-sur-sa-securite","status":"publish","type":"post","link":"https:\/\/dekkbi.com\/?p=48479","title":{"rendered":"Adama Gaye \u00e0 nouveau convoqu\u00e9 par la Cybercriminalit\u00e9: Le journaliste s&rsquo;interroge sur sa s\u00e9curit\u00e9"},"content":{"rendered":"\n<p>Le journaliste Adama Gaye a de nouveau \u00e9t\u00e9 convoqu\u00e9 par la Division de la Cybers\u00e9curit\u00e9. En effet, Abass Fall, le nouveau ministre du Travail, a d\u00e9pos\u00e9 une plainte \u00e0 son encontre dans le cadre de l&rsquo;affaire ASER.<\/p>\n\n\n\n<p>\u00ab\u00a0<em>Convoqu\u00e9 : Apr\u00e8s un mois, la cybercriminalit\u00e9 Allo, ici Inspecteur Diallo de la Cybercriminalit\u00e9, \u00eates-vous Monsieur Gaye? Il est 22h 20, ce soir, mercredi 11 d\u00e9cembre, quand je re\u00e7ois cet appel&#8230; \u00c0 nouveau, me voici, apr\u00e8s un mois de s\u00e9jour au S\u00e9n\u00e9gal, convoqu\u00e9 par la Division de la Cybercriminalit\u00e9. Sur la plainte d&rsquo;Abass Fall concernant l&rsquo;Aser. Pourquoi un mois ? Pourquoi maintenant ? Peuple du S\u00e9n\u00e9gal, je vous prends encore \u00e0 t\u00e9moin. Une fois de plus&#8230;<br><br>J&rsquo;informe la communaut\u00e9 internationale. Mes engagements internationaux, cruciaux, sont hypoth\u00e9qu\u00e9s.<br>Suis-je en train de payer le verdict du proc\u00e8s instruit contre ma personne par l&rsquo;Etat du S\u00e9n\u00e9gal sur les circonstances de la mort de l&rsquo;ancien ministre des Finances ? Ballott\u00e9 entre les services de s\u00e9curit\u00e9 de notre pays, je pose cette question: suis-je d\u00e9sormais menac\u00e9 dans un pays, le mien, o\u00f9 j&rsquo;ai jusqu&rsquo;ici v\u00e9cu en tranquillit\u00e9, sans jamais y avoir commis un seul crime? Suis-je en danger ? Dois-je quitter mon pays pour vivre \u00e0 l&rsquo;\u00e9tranger ? Qui en veut \u00e0 ma personne? Je donne ma langue au chat. Me reproche-t-on d&rsquo;avoir affirm\u00e9 mon attachement \u00e0 la libert\u00e9 d&rsquo;expression, qui est consubstantielle \u00e0 la d\u00e9mocratie<\/em>,\u00a0\u00bb, s&rsquo;interroge le journaliste.<\/p>\n\n\n\n<p><em>\u00ab\u00a0Je ne me sens plus en s\u00e9curit\u00e9. Mon sixi\u00e8me sens me dit que quelque chose de grave se pr\u00e9pare contre ma personne, et je sens que plus rien n&rsquo;est s\u00fbr ici: m\u00eame si r\u00e9pondre \u00e0 une convocation d&rsquo;une institution de s\u00e9curit\u00e9 devrait relever d&rsquo;une formalit\u00e9, l&rsquo;encha\u00eenement des convocations qui me sont oppos\u00e9es alors que des urgences m&rsquo;attendent hors des fronti\u00e8res de mon pays, me fait craindre le pire<\/em>\u00ab\u00a0, a t-il ajout\u00e9.<\/p>\n\n\n\n<p>Il invite la communaut\u00e9 internationale, France, USA, Espagne, Onu, Ua, Ue, Amnesty International et toutes les instances soucieuses de la pr\u00e9servation des droits humains, \u00e0 prendre son cas tr\u00e8s au s\u00e9rieux.<\/p>\n\n\n\n<p>Mame Fatou K\u00e9b\u00e9<br>SOURCE LERAL<\/p>\n","protected":false},"excerpt":{"rendered":"<p>Le journaliste Adama Gaye a de nouveau \u00e9t\u00e9 convoqu\u00e9 par la Division de la Cybers\u00e9curit\u00e9. En effet, Abass Fall, le<\/p>\n","protected":false},"author":1,"featured_media":48480,"comment_status":"open","ping_status":"open","sticky":false,"template":"","format":"standard","meta":{"footnotes":""},"categories":[26],"tags":[],"class_list":["post-48479","post","type-post","status-publish","format-standard","has-post-thumbnail","hentry","category-fait-divers"],"_links":{"self":[{"href":"https:\/\/dekkbi.com\/index.php?rest_route=\/wp\/v2\/posts\/48479","targetHints":{"allow":["GET"]}}],"collection":[{"href":"https:\/\/dekkbi.com\/index.php?rest_route=\/wp\/v2\/posts"}],"about":[{"href":"https:\/\/dekkbi.com\/index.php?rest_route=\/wp\/v2\/types\/post"}],"author":[{"embeddable":true,"href":"https:\/\/dekkbi.com\/index.php?rest_route=\/wp\/v2\/users\/1"}],"replies":[{"embeddable":true,"href":"https:\/\/dekkbi.com\/index.php?rest_route=%2Fwp%2Fv2%2Fcomments&post=48479"}],"version-history":[{"count":1,"href":"https:\/\/dekkbi.com\/index.php?rest_route=\/wp\/v2\/posts\/48479\/revisions"}],"predecessor-version":[{"id":48481,"href":"https:\/\/dekkbi.com\/index.php?rest_route=\/wp\/v2\/posts\/48479\/revisions\/48481"}],"wp:featuredmedia":[{"embeddable":true,"href":"https:\/\/dekkbi.com\/index.php?rest_route=\/wp\/v2\/media\/48480"}],"wp:attachment":[{"href":"https:\/\/dekkbi.com\/index.php?rest_route=%2Fwp%2Fv2%2Fmedia&parent=48479"}],"wp:term":[{"taxonomy":"category","embeddable":true,"href":"https:\/\/dekkbi.com\/index.php?rest_route=%2Fwp%2Fv2%2Fcategories&post=48479"},{"taxonomy":"post_tag","embeddable":true,"href":"https:\/\/dekkbi.com\/index.php?rest_route=%2Fwp%2Fv2%2Ftags&post=48479"}],"curies":[{"name":"wp","href":"https:\/\/api.w.org\/{rel}","templated":true}]}}