{"id":48459,"date":"2024-12-12T10:20:54","date_gmt":"2024-12-12T10:20:54","guid":{"rendered":"https:\/\/dekkbi.com\/?p=48459"},"modified":"2024-12-12T10:22:32","modified_gmt":"2024-12-12T10:22:32","slug":"celebration-de-la-journee-de-lidentite-et-du-patrimoine-culturel-matam-solidifie-la-cohesion-sociale","status":"publish","type":"post","link":"https:\/\/dekkbi.com\/?p=48459","title":{"rendered":"C\u00e9l\u00e9bration de la journ\u00e9e de l\u2019identit\u00e9 et du patrimoine culturel: Matam solidifie la coh\u00e9sion sociale"},"content":{"rendered":"\n<p>Apr\u00e8s le lancement officiel de la 18<sup>\u00e8me<\/sup>&nbsp;Semaine Nationale de la Petite Enfance et de la Case des Tout-Petits \u00e0 Saint-Louis, la r\u00e9gion de Matam a abrit\u00e9 le mardi 10 d\u00e9cembre, la journ\u00e9e de l\u2019Identit\u00e9 et du Patrimoine culturel. Durant une c\u00e9r\u00e9monie qui s\u2019est d\u00e9roul\u00e9e en pr\u00e9sence de Madame Yaye Khadidiatou Djamil Diallo, Directrice g\u00e9n\u00e9rale de l\u2019ANPECTP, du&nbsp;Directeur de l\u2019enseignement pr\u00e9scolaire, repr\u00e9sentant le ministre de l\u2019\u00e9ducation nationale, des autorit\u00e9s administratives et locales, des repr\u00e9sentants des partenaires techniques et financiers, parmi lesquels Monsieur Mamadou Di\u00e9dhiou, coordonnateur national du PRDC-VFS, les repr\u00e9sentants des structures de la prise en charge de la petite enfance, de la soci\u00e9t\u00e9 civile, des autorit\u00e9s coutumi\u00e8res et religieuses\u2026<\/p>\n\n\n\n<p>C\u2019est\u00a0la place publique de la gouvernance, situ\u00e9e sur les bords du\u00a0fleuve S\u00e9n\u00e9gal face \u00e0 la Mauritanie, qui a servi de cadre pour f\u00eater cette importante journ\u00e9e, marqu\u00e9e par une s\u00e9rie de prestations des tout-petits, venus des diff\u00e9rentes localit\u00e9s de la r\u00e9gion, et des r\u00e9gates sur le fleuve S\u00e9n\u00e9gal. Les prestations\u00a0d\u2019artistes du terroir et\u00a0 celle de Abdou Guit\u00e9 Seck auteur du nouvel hymne de la petite enfance ont \u00e9t\u00e9 appr\u00e9ci\u00e9es.\u00a0Une chor\u00e9graphie parfaite a permis aux enfants du pr\u00e9scolaire de\u00a0<s>r<\/s>\u00a0d\u00e9couvrir les multiples facettes de\u00a0\u00a0l\u2019identit\u00e9 et du patrimoine culturel, \u00e0 travers de\u00a0nombreuses repr\u00e9sentations des ethnies\u00a0: peul, sonink\u00e9, diola, s\u00e9r\u00e8re, wolof et maure, mises en exergue par les tout-petits qui ont rivalis\u00e9 d\u2019ardeur pour cristalliser les coutumes et traditions de ces communaut\u00e9s. Tout un appel \u00e0 la coh\u00e9sion sociale\u00a0interpr\u00e9t\u00e9 par les enfants, vivement salu\u00e9 par les populations.\u00a0<em>\u00ab\u00a0Nous\u00a0voici r\u00e9unis \u00e0 Matam pour c\u00e9l\u00e9brer ce qui nous r\u00e9unit relie \u00e0 notre pass\u00e9 et qui \u00e9claire en m\u00eame temps, notre avenir, notre patrimoine et notre identit\u00e9 culturelle. Ces notions, constituent les racines profondes qui ancrent notre soci\u00e9t\u00e9 dans l\u2019histoire, tout en nourrissant nos esprits et nos c\u0153urs. Tel notre baobab national, elles sont le reflet de notre \u00e2me collective fa\u00e7onn\u00e9e par les g\u00e9n\u00e9rations qui nous ont pr\u00e9c\u00e9d\u00e9s et que nous avons la responsabilit\u00e9 de transmettre aux g\u00e9n\u00e9rations futures\u00a0\u00bb,\u00a0<\/em>a d\u00e9clar\u00e9 la directrice g\u00e9n\u00e9rale de l\u2019Agence de\u00a0la Petite Enfance et de la Case des Tout-Petits. Mettant\u00a0en lumi\u00e8re l\u2019importance de la culture dans la construction de l\u2019identit\u00e9 d\u2019un peuple comme un \u00e9l\u00e9ment crucial permettant de d\u00e9finir l\u2019humanit\u00e9 d\u2019une communaut\u00e9,\u00a0Khadidiatou Djamila Diallo,\u00a0a relev\u00e9 la n\u00e9cessit\u00e9\u00a0d\u2019initier les tout-petits aux coutumes et traditions s\u00e9n\u00e9galaises. En ne se\u00a0limitant pas toutefois \u00e0 des fronti\u00e8res g\u00e9ographiques, car, la culture, selon, elle traverse le temps et les espaces, s\u2019abreuve de chaque rencontre, de chaque \u00e9change.\u00a0<em>\u00ab\u00a0Notre identit\u00e9 culturelle est le fruit de traditions, de valeurs, de langues, d\u2019art et de savoir-faire. Elle est ce qui nous distingue, mais elle est aussi ce qui nous relie les uns des autres, dans notre commun vouloir de vivre ensemble. Loin de se limiter \u00e0 des frontali\u00e8res g\u00e9ographiques (\u2026). Notre identit\u00e9 ne peut\u00a0pas \u00eatre fig\u00e9e, elle est vivante, dynamique, elle \u00e9volue, se transforme et s\u2019adapte, mais, sans jamais perdre son essence et sa quintessence\u00a0\u00bb,<\/em>\u00a0\u00a0a-t-elle dit en prenant la parole.<\/p>\n\n\n\n<p>Dans la r\u00e9gion de Matam, l\u2019environnement et la culture seront au menu de cette semaine d\u00e9di\u00e9e \u00e0 l\u2019enfance, qui est plac\u00e9e sous le th\u00e8me :&nbsp;<em>\u00ab&nbsp;S\u00e9tal sunu r\u00e9ew and ci ak tuut tank yi nguir mu sax&nbsp;\u00bb (<\/em>Promouvoir la culture environnementale d\u00e8s la petite enfance), th\u00e8me de cette ann\u00e9e de la&nbsp; 18<sup>\u00e8me<\/sup>&nbsp;Semaine Nationale de la Petite Enfance et de la Case des Tout-Petits.<\/p>\n\n\n\n<p><strong>PAPE MOCTAR NDIAYE<\/strong><\/p>\n\n\n\n<p>SOURCE SUDQUOTIDIEN<\/p>\n","protected":false},"excerpt":{"rendered":"<p>Apr\u00e8s le lancement officiel de la 18\u00e8me&nbsp;Semaine Nationale de la Petite Enfance et de la Case des Tout-Petits \u00e0 Saint-Louis,<\/p>\n","protected":false},"author":1,"featured_media":48460,"comment_status":"open","ping_status":"open","sticky":false,"template":"","format":"standard","meta":{"footnotes":""},"categories":[26],"tags":[],"class_list":["post-48459","post","type-post","status-publish","format-standard","has-post-thumbnail","hentry","category-fait-divers"],"_links":{"self":[{"href":"https:\/\/dekkbi.com\/index.php?rest_route=\/wp\/v2\/posts\/48459","targetHints":{"allow":["GET"]}}],"collection":[{"href":"https:\/\/dekkbi.com\/index.php?rest_route=\/wp\/v2\/posts"}],"about":[{"href":"https:\/\/dekkbi.com\/index.php?rest_route=\/wp\/v2\/types\/post"}],"author":[{"embeddable":true,"href":"https:\/\/dekkbi.com\/index.php?rest_route=\/wp\/v2\/users\/1"}],"replies":[{"embeddable":true,"href":"https:\/\/dekkbi.com\/index.php?rest_route=%2Fwp%2Fv2%2Fcomments&post=48459"}],"version-history":[{"count":2,"href":"https:\/\/dekkbi.com\/index.php?rest_route=\/wp\/v2\/posts\/48459\/revisions"}],"predecessor-version":[{"id":48464,"href":"https:\/\/dekkbi.com\/index.php?rest_route=\/wp\/v2\/posts\/48459\/revisions\/48464"}],"wp:featuredmedia":[{"embeddable":true,"href":"https:\/\/dekkbi.com\/index.php?rest_route=\/wp\/v2\/media\/48460"}],"wp:attachment":[{"href":"https:\/\/dekkbi.com\/index.php?rest_route=%2Fwp%2Fv2%2Fmedia&parent=48459"}],"wp:term":[{"taxonomy":"category","embeddable":true,"href":"https:\/\/dekkbi.com\/index.php?rest_route=%2Fwp%2Fv2%2Fcategories&post=48459"},{"taxonomy":"post_tag","embeddable":true,"href":"https:\/\/dekkbi.com\/index.php?rest_route=%2Fwp%2Fv2%2Ftags&post=48459"}],"curies":[{"name":"wp","href":"https:\/\/api.w.org\/{rel}","templated":true}]}}