{"id":48446,"date":"2024-12-12T09:46:11","date_gmt":"2024-12-12T09:46:11","guid":{"rendered":"https:\/\/dekkbi.com\/?p=48446"},"modified":"2024-12-12T09:46:12","modified_gmt":"2024-12-12T09:46:12","slug":"saint-louis-ugb-les-etudiants-invites-a-sinspirer-de-la-philosophie-de-lhomme-consistant-a-mettre-la-vertu-et-la-morale-au-coeur-de-notre-action-et-engagement-politique","status":"publish","type":"post","link":"https:\/\/dekkbi.com\/?p=48446","title":{"rendered":"SAINT-LOUIS \u2013 UGB: Les \u00e9tudiants invit\u00e9s \u00e0 s\u2019inspirer de la philosophie de l\u2019homme consistant \u00e0 mettre la vertu et la morale au c\u0153ur de notre action et engagement politique\u00a0"},"content":{"rendered":"\n<p>L\u2019\u00e9dition 2024 du \u00ab&nbsp;grand forum de la Biblioth\u00e8que Centrale de l\u2019Universit\u00e9 Gaston Berger de Saint-Louis&nbsp;\u00bb a \u00e9t\u00e9 l\u2019occasion pour les universitaires de revisiter l\u2019\u00e9thique politique recommand\u00e9e par Ceerno Sileymaani Baal. Pour Mamadou Youri Sall, enseignant-chercheur \u00e0 l\u2019Universit\u00e9 Gaston Berger et Directeur du Centre de Recherches sur le Patrimoine intellectuel africain Baajoordo, il s\u2019agit de th\u00e9matiques qui traversent notre soci\u00e9t\u00e9 et qui int\u00e9ressent tous ses membres.&nbsp;<em>\u00ab&nbsp;Aujourd\u2019hui c\u2019\u00e9tait dans le domaine de l\u2019\u00e9thique politique chez Ceerno Sileymaani Baal. Nous sommes invit\u00e9s \u00e0 en avec les meilleurs sp\u00e9cialistes du moment notamment les professeurs Lamane Mbaye, Maurice Soudieck Dione, Ibrahima Sylla et Alassane Adama Sy. Donc nous avons vraiment explor\u00e9 cette th\u00e9matique. Il y a une convergence qui se d\u00e9gage et c\u2019est faux de dire qu\u2019on ne peut pas faire de la politique en \u00e9cartant la morale en Afrique surtout dans ce contexte. Et on a essay\u00e9 de revisiter l\u2019ensemble des pens\u00e9es et surtout reconvoquer beaucoup de penseurs d\u2019Europe, d\u2019Am\u00e9rique et de l\u2019Afrique surtout de l\u2019Afrique de l\u2019Ouest.&nbsp;\u00bb,<\/em>&nbsp;a-t-il fait savoir. \u00ab<em>&nbsp;M\u00eame ceux qu\u2019on pensait qui ne mettent pas la morale, la vertu, l\u2019\u00e9thique dans l\u2019action politique ou dans la pens\u00e9e politique. Tous, tant qu\u2019ils sont, ils mettaient la vertu, la morale et dans l\u2019action et dans la morale politique que ce soit Machiavel, Montesquieu, Ceerno Sileymaani Baal jusqu\u2019aux penseurs assez m\u00e9connus et on a revisit\u00e9 l\u2019Universit\u00e9 Sankor\u00e9 et celle de Pire et m\u00eame la soci\u00e9t\u00e9 foutank\u00e9 en disant que la vertu \u00e9tait au c\u0153ur de l\u2019action politique&nbsp;\u00bb,&nbsp;<\/em>a-t-il ajout\u00e9.<\/p>\n\n\n\n<p><strong>Donc il est temps de remettre la vertu et la morale dans notre action et notre engagement politique.<\/strong><\/p>\n\n\n\n<p>Et de poursuivre&nbsp;:&nbsp;<em>\u00ab&nbsp;si on dit que la vertu doit \u00eatre dans l\u2019action politique cela nous pousse \u00e0 r\u00e9fl\u00e9chir sur ce que l\u2019on constate actuellement notamment la violence en politique. S\u2019il y a trop de violences en politique c\u2019est parce qu\u2019on n\u2019a pas mis la vertu dans notre engagement politique sinon il y aurait moins de violences \u00bb.<\/em>&nbsp;C\u2019est pourquoi il a pr\u00e9conis\u00e9 que l\u2019on revoie notre fa\u00e7on de s\u2019engager et de faire de la politique en, ass\u00e9nant&nbsp;: \u00ab&nbsp;<em>quand on donne la parole, l\u2019engagement politique, l\u2019engagement oral, l\u2019engagement \u00e9crit. Tout cela ce sont des valeurs supr\u00eames dans notre soci\u00e9t\u00e9.&nbsp; La promesse, n\u2019engage pas que ceux qui y croient<s>,<\/s>&nbsp;celle-ci engage aussi celui ou celle qui promet car quand on promet on s\u2019engage oralement ou par \u00e9crit, on doit tout faire pour respecter son engagement. Sinon si on trahit son engagement on cr\u00e9e ou on suscite de la violence et c\u2019est cela qu\u2019il faut revoir.<\/em>&nbsp;Donc il a clam\u00e9 &nbsp;que l\u2019on ne s\u2019engage pas facilement et l\u00e9g\u00e8rement car dans notre soci\u00e9t\u00e9 cela ne se fait pas<s>.<\/s>&nbsp;Il dit retenir de Cerno Sileymaani Baal, que l\u2019engagement politique doit \u00eatre accompagn\u00e9 de la vertu et de la morale. Plusieurs activit\u00e9s ont marqu\u00e9 la tenue de ce grand forum de la Biblioth\u00e8que Centrale de l\u2019Universit\u00e9 Gaston Berger. Le Directeur, Abdoulaye Gu\u00e8ye, s\u2019y s\u2019est longuement appesanti apr\u00e8s avoir remerci\u00e9 les autorit\u00e9s pour l\u2019appui et l\u2019accompagnement pour la r\u00e9ussite de cette activit\u00e9.&nbsp;<em>\u00ab&nbsp;Nous avons des initiatives cette ann\u00e9e et la premi\u00e8re c\u2019est que nous avons profit\u00e9 de ce forum pour f\u00eater les retrait\u00e9s et formuler des pri\u00e8res \u00e0 l\u2019endroit de ceux qui nous ont quitt\u00e9s. En plus du concours en peinture ou work shop qui est organis\u00e9 chaque ann\u00e9e, nous avons mis en place une formation ou renforcement des capacit\u00e9s avec des ma\u00eetres en peinture qui ont aid\u00e9 les \u00e9tudiants durant deux jours pour leur permettre d\u2019acqu\u00e9rir de nouvelles comp\u00e9tences. Le troisi\u00e8me \u00e9l\u00e9ment de nouveaut\u00e9 c\u2019est que nous comptons diffuser un film sur Ceerno Souleymane Baal au niveau du campus social pour permettre aux \u00e9tudiants de mieux le conna\u00eetre&nbsp;\u00bb,<\/em>&nbsp;a d\u00e9clar\u00e9 M. Gu\u00e8ye. Venu repr\u00e9senter le Recteur de l\u2019UGB \u00e0 ce forum, Abdoul Aziz Ndiaye se f\u00e9licitera du th\u00e8me de l\u2019\u00e9dition 2024 du&nbsp;forum&nbsp;qui&nbsp;porte sur&nbsp;<em>\u00ab L\u2019\u00e9thique politique recommand\u00e9e par Ceerno Sileymaani Baal \u00bb<\/em>,&nbsp;en le qualifiant&nbsp;<s>est<\/s>&nbsp;&nbsp;\u00ab&nbsp;<em>d\u2019une importance capitale<\/em><em>&nbsp;<\/em><em>surtout dans ce contexte post\u00e9lectoral, temps d\u2019introspection, d<\/em><em>\u2019<\/em><em>interrogation et du renouveau.&nbsp;La th\u00e9matique interpelle d\u00e9j\u00e0 notre conscience historique, certes en tant que&nbsp;<\/em><em>s<\/em><em>\u00e9n\u00e9galais, mais, plus encore, en tant qu\u2019Africain<\/em><em>&nbsp;\u00bb.&nbsp;<\/em>&nbsp;M. Ndiaye en a profit\u00e9 pour inviter les \u00e9tudiants \u00e0&nbsp;s\u2019inspirer du leadership \u00e9thique de Ceerno Sileymaani Baal comme vecteur de transformation sociale. Ce qui&nbsp;implique des valeurs comme l\u2019int\u00e9grit\u00e9, la transparence, la responsabilit\u00e9 et la justice sociale.&nbsp;Lors de ce forum de la BU, certains parmi les intervenants ont laiss\u00e9 entendre que la biblioth\u00e8que est le c\u0153ur de l\u2019universit\u00e9 du fait qu\u2019il regorge tout le savoir qui devrait \u00eatre v\u00e9hicul\u00e9 \u00e0 travers la lecture et les recherches.<\/p>\n\n\n\n<p>YVES TENDENG<\/p>\n","protected":false},"excerpt":{"rendered":"<p>L\u2019\u00e9dition 2024 du \u00ab&nbsp;grand forum de la Biblioth\u00e8que Centrale de l\u2019Universit\u00e9 Gaston Berger de Saint-Louis&nbsp;\u00bb a \u00e9t\u00e9 l\u2019occasion pour les<\/p>\n","protected":false},"author":1,"featured_media":48447,"comment_status":"open","ping_status":"open","sticky":false,"template":"","format":"standard","meta":{"footnotes":""},"categories":[21],"tags":[],"class_list":["post-48446","post","type-post","status-publish","format-standard","has-post-thumbnail","hentry","category-societe"],"_links":{"self":[{"href":"https:\/\/dekkbi.com\/index.php?rest_route=\/wp\/v2\/posts\/48446","targetHints":{"allow":["GET"]}}],"collection":[{"href":"https:\/\/dekkbi.com\/index.php?rest_route=\/wp\/v2\/posts"}],"about":[{"href":"https:\/\/dekkbi.com\/index.php?rest_route=\/wp\/v2\/types\/post"}],"author":[{"embeddable":true,"href":"https:\/\/dekkbi.com\/index.php?rest_route=\/wp\/v2\/users\/1"}],"replies":[{"embeddable":true,"href":"https:\/\/dekkbi.com\/index.php?rest_route=%2Fwp%2Fv2%2Fcomments&post=48446"}],"version-history":[{"count":1,"href":"https:\/\/dekkbi.com\/index.php?rest_route=\/wp\/v2\/posts\/48446\/revisions"}],"predecessor-version":[{"id":48448,"href":"https:\/\/dekkbi.com\/index.php?rest_route=\/wp\/v2\/posts\/48446\/revisions\/48448"}],"wp:featuredmedia":[{"embeddable":true,"href":"https:\/\/dekkbi.com\/index.php?rest_route=\/wp\/v2\/media\/48447"}],"wp:attachment":[{"href":"https:\/\/dekkbi.com\/index.php?rest_route=%2Fwp%2Fv2%2Fmedia&parent=48446"}],"wp:term":[{"taxonomy":"category","embeddable":true,"href":"https:\/\/dekkbi.com\/index.php?rest_route=%2Fwp%2Fv2%2Fcategories&post=48446"},{"taxonomy":"post_tag","embeddable":true,"href":"https:\/\/dekkbi.com\/index.php?rest_route=%2Fwp%2Fv2%2Ftags&post=48446"}],"curies":[{"name":"wp","href":"https:\/\/api.w.org\/{rel}","templated":true}]}}