{"id":48439,"date":"2024-12-12T09:32:12","date_gmt":"2024-12-12T09:32:12","guid":{"rendered":"https:\/\/dekkbi.com\/?p=48439"},"modified":"2024-12-12T11:30:06","modified_gmt":"2024-12-12T11:30:06","slug":"3fpt-90-milliards-mobilises-et-pres-de-400-000-personnes-formees-en-dix-ans","status":"publish","type":"post","link":"https:\/\/dekkbi.com\/?p=48439","title":{"rendered":"3FPT\u00a0&#8211; 10 ans: 90\u00a0milliards mobilis\u00e9s et pr\u00e8s de 400000 personnes form\u00e9es"},"content":{"rendered":"\n<p>Le Fonds de financement de la formation professionnelle et technique (3Fpt) a organis\u00e9 mardi 10 d\u00e9cembre, une rencontre de networking, sur le th\u00e8me : \u00ab Ensemble pour un impact durable dans l\u2019employabilit\u00e9 des jeunes \u00bb. L\u2019\u00e9v\u00e9nement qui entre dans le cadre de ses dix ann\u00e9es d\u2019existence a permis de dresser un bilan satisfaisant concernant la formation et l\u2019employabilit\u00e9.<\/p>\n\n\n\n<p>Le Fonds de financement de la formation professionnelle et technique (3Fpt) a r\u00e9uni ses partenaires techniques et financiers avant-hier, \u00e0 Dakar, dans le cadre d\u2019une rencontre de net working, organis\u00e9e \u00e0 l\u2019occasion des 10&nbsp;ans d\u2019existence de la structure. L\u2019\u00e9v\u00e9nement, plac\u00e9 sous le th\u00e8me \u00ab Ensemble pour un impact durable dans l\u2019em ployabilit\u00e9 des jeunes \u00bb, a per mis de dresser un bilan des r\u00e9a lisations de la structure et de r\u00e9fl\u00e9chir dans la foul\u00e9e sur les perspectives en mati\u00e8re de formation et d\u2019employabilit\u00e9 des jeunes.<\/p>\n\n\n\n<p>Selon Babo Amadou B\u00e2, directeur g\u00e9n\u00e9ral du 3 Fpt, \u00ab en dix ans, le 3 Fpt a form\u00e9 394 22&nbsp;personnes, financ\u00e9 676&nbsp;projets et mobilis\u00e9 plus de 90&nbsp;milliards de FCfa gr\u00e2ce \u00e0 l\u2019appui de l\u2019\u00c9tat, du secteur priv\u00e9 et des partenaires techniques et financiers \u00bb. M. B\u00e2 n\u2019a pas manqu\u00e9 de souligner l\u2019action du secteur priv\u00e9 dans ces r\u00e9alisations. Dans la m\u00eame lanc\u00e9e, Sou l\u00e8ye Kane, conseiller technique venu repr\u00e9senter le ministre de la Formation professionnelle \u00e0 la rencontre, a r\u00e9affirm\u00e9 l\u2019importance des partenariats d\u00e9velopp\u00e9s par le 3 Fpt dans le cadre de ses missions. Il s\u2019agit, selon lui, de r\u00e9pondre aux d\u00e9fis li\u00e9s \u00e0 l\u2019employabilit\u00e9 des jeunes. \u00ab Le fonds est un outil strat\u00e9gique et indispensable pour concr\u00e9tiser les ambitions nationales en mati\u00e8re de formation professionnelle \u00bb, a d\u00e9clar\u00e9 M.&nbsp;Kane.<\/p>\n\n\n\n<p>De son c\u00f4t\u00e9, Malick Gu\u00e8ye, pr\u00e9sident du conseil d\u2019administration du 3Fpt, a mis en avant le r\u00f4le central du secteur priv\u00e9, principal financier du fonds. La contribution des entreprises, a-t-il expliqu\u00e9, permet de former des jeunes comp\u00e9tents, capables de r\u00e9pondre aux exigences \u00e9conomiques lo cales et mondiales. Il a \u00e9galement salu\u00e9 la tenue de ce net working qui, a-t-il dit, renforce les liens entre les acteurs tout en favorisant l\u2019\u00e9laboration de strat\u00e9gies communes pour l\u2019avenir. \u00ab Cette rencontre a permis de consolider les partenariats pour la mise en \u0153uvre de projets structurants , a indiqu\u00e9 Malick Gu\u00e8ye. Il a rappel\u00e9 que dans le cadre du nouveau r\u00e9f\u00e9rentiel des politiques publiques bas\u00e9 sur la Vision S\u00e9n\u00e9gal&nbsp;2050, l\u2019ob jectif est de renforcer les comp\u00e9tences des jeunes pour leur garantir un avenir professionnel durable, tout en r\u00e9pondant aux besoins du march\u00e9 du travail.<\/p>\n\n\n\n<p><strong>Adama NDIAYE (Stagiaire)<\/strong><br>LESOLEIL<\/p>\n","protected":false},"excerpt":{"rendered":"<p>Le Fonds de financement de la formation professionnelle et technique (3Fpt) a organis\u00e9 mardi 10 d\u00e9cembre, une rencontre de networking,<\/p>\n","protected":false},"author":1,"featured_media":48440,"comment_status":"open","ping_status":"open","sticky":false,"template":"","format":"standard","meta":{"footnotes":""},"categories":[3],"tags":[],"class_list":["post-48439","post","type-post","status-publish","format-standard","has-post-thumbnail","hentry","category-event-more-news"],"_links":{"self":[{"href":"https:\/\/dekkbi.com\/index.php?rest_route=\/wp\/v2\/posts\/48439","targetHints":{"allow":["GET"]}}],"collection":[{"href":"https:\/\/dekkbi.com\/index.php?rest_route=\/wp\/v2\/posts"}],"about":[{"href":"https:\/\/dekkbi.com\/index.php?rest_route=\/wp\/v2\/types\/post"}],"author":[{"embeddable":true,"href":"https:\/\/dekkbi.com\/index.php?rest_route=\/wp\/v2\/users\/1"}],"replies":[{"embeddable":true,"href":"https:\/\/dekkbi.com\/index.php?rest_route=%2Fwp%2Fv2%2Fcomments&post=48439"}],"version-history":[{"count":2,"href":"https:\/\/dekkbi.com\/index.php?rest_route=\/wp\/v2\/posts\/48439\/revisions"}],"predecessor-version":[{"id":48511,"href":"https:\/\/dekkbi.com\/index.php?rest_route=\/wp\/v2\/posts\/48439\/revisions\/48511"}],"wp:featuredmedia":[{"embeddable":true,"href":"https:\/\/dekkbi.com\/index.php?rest_route=\/wp\/v2\/media\/48440"}],"wp:attachment":[{"href":"https:\/\/dekkbi.com\/index.php?rest_route=%2Fwp%2Fv2%2Fmedia&parent=48439"}],"wp:term":[{"taxonomy":"category","embeddable":true,"href":"https:\/\/dekkbi.com\/index.php?rest_route=%2Fwp%2Fv2%2Fcategories&post=48439"},{"taxonomy":"post_tag","embeddable":true,"href":"https:\/\/dekkbi.com\/index.php?rest_route=%2Fwp%2Fv2%2Ftags&post=48439"}],"curies":[{"name":"wp","href":"https:\/\/api.w.org\/{rel}","templated":true}]}}