{"id":48436,"date":"2024-12-12T09:29:29","date_gmt":"2024-12-12T09:29:29","guid":{"rendered":"https:\/\/dekkbi.com\/?p=48436"},"modified":"2024-12-12T09:29:30","modified_gmt":"2024-12-12T09:29:30","slug":"de-detenue-a-depute-amy-dia-un-symbole-de-resistance","status":"publish","type":"post","link":"https:\/\/dekkbi.com\/?p=48436","title":{"rendered":"DE DETENUE A DEPUTE &#8211; Amy Dia, un symbole de \u00ab r\u00e9sistance \u00bb"},"content":{"rendered":"\n<p>15 juillet 2022 ! La vie d\u2019Amy Dia, dit Amina bascule, et du mauvais c\u00f4t\u00e9. La coordinatrice du parti les Patriotes africains du S\u00e9n\u00e9gal pour le travail, l\u2019\u00e9thique et la fraternit\u00e9 (Pastef) \u00e0 Sam-Notaire (Gu\u00e9diawaye), est plac\u00e9e sous mandat de d\u00e9p\u00f4t pour des faits d\u2019association de malfaiteurs en lien avec une entreprise terroriste. La m\u00e8re de famille et militante de Pastef est cit\u00e9e dans une affaire dite \u00ab Forces sp\u00e9ciales \u00bb. Apr\u00e8s avoir pass\u00e9 20 mois derri\u00e8re les barreaux, elle affirme avoir v\u00e9cu cette incarc\u00e9ration avec dignit\u00e9, malgr\u00e9 des conditions difficiles.<\/p>\n\n\n\n<p>Les souvenirs de son s\u00e9jour \u00e0 la prison pour femmes de Libert\u00e9 6 l\u2019assaillent. Elle les partage : \u00ab J\u2019ai v\u00e9cu mon emprisonnement avec dignit\u00e9. C\u2019\u00e9tait tr\u00e8s difficile. Mais, je croyais en mes convictions \u00bb, d\u00e9clare-t-elle. Amy poursuit: \u00ab Durant tout mon s\u00e9jour carc\u00e9ral, j\u2019avais droit \u00e0 cinq minutes d\u2019appel les lundis, mercredis, jeudis, vendredis et samedis. J\u2019utilisais ce temps pour appeler mon mari, lui indiquer les repas que je voulais et lui faire part des v\u00eatements dont j\u2019avais besoin. \u00c0 cause de la prison, j\u2019ai perdu l\u2019habitude de consulter les r\u00e9seaux sociaux \u00bb. Malgr\u00e9 son long s\u00e9jour carc\u00e9ral, avec un \u00e9tat de sant\u00e9 fragile, elle n\u2019a jamais montr\u00e9 de signe de faiblesse. En bonne croyante, la responsable politique dit avoir tout mis dans le compte du Cr\u00e9ateur supr\u00eame. Le bout du tunnel, Amy Dia l\u2019a vu le 4 mars 2024, date \u00e0 laquelle elle a b\u00e9n\u00e9fici\u00e9 d\u2019une libert\u00e9 provisoire assortie d\u2019un contr\u00f4le judiciaire.<\/p>\n\n\n\n<p> Un retour en soci\u00e9t\u00e9 loin d\u2019\u00eatre \u00e9vidente. Gr\u00e2ce \u00e0 un \u00e9poux tr\u00e8s serviable, une famille pr\u00e9sente et des amis disponibles, elle a rapidement repris go\u00fbt \u00e0 la vie. Mieux, la dame va m\u00eame retrouver le terrain politique et battre campagne lors des derni\u00e8res \u00e9lections l\u00e9gislatives. Investie \u00e0 la 12e position sur la liste nationale de la coalition dirig\u00e9e par le Premier ministre Ousmane Sonko, elle fait d\u00e9sormais partie des nouveaux parlementaires apr\u00e8s la victoire \u00ab \u00e9clatante \u00bb de Pastef\/Les patriotes. Une \u00e9lection qu\u2019elle aborde avec responsabilit\u00e9. Amy s\u2019engage, en effet, \u00e0 repr\u00e9senter dignement les S\u00e9n\u00e9galais, sans exception. \u00ab Nous devons travailler avec acharnement pour m\u00e9riter la confiance plac\u00e9e en nous. Nous n\u2019avons pas droit \u00e0 l\u2019erreur. Nous devons faire du S\u00e9n\u00e9gal un pays prosp\u00e8re et souverain \u00bb, mart\u00e8le-telle. Son mantra \u00e0 l\u2019Assembl\u00e9e nationale : d\u00e9fendre l\u2019injustice sous toutes ses formes. \u00ab Je ne cautionne pas l\u2019injustice. Je la combats toujours. J\u2019ai toujours d\u00e9nonc\u00e9 l\u2019effectif pl\u00e9thorique des \u00e9tudiants \u00e0 l\u2019Universit\u00e9 Cheikh Anta Diop de Dakar, le taux de ch\u00f4mage \u00e9lev\u00e9 des jeunes dans le pays ainsi que la marginalisation des familles d\u00e9favoris\u00e9es. Je vais \u00eatre la voix de ces couches de la soci\u00e9t\u00e9 \u00e0 l\u2019Assembl\u00e9e nationale \u00bb, promet-elle.<\/p>\n\n\n\n<p>N\u00e9e \u00e0 Pikine en 1969, Amy Dia a effectu\u00e9 ses \u00e9tudes primaires \u00e0 l\u2019\u00e9cole 6 de Pikine. Son passage dans cet \u00e9tablissement scolaire marque toujours Ibra Sarr, son ancien instituteur qui l\u2019a eu de la classe de CE2 \u00e0 la classe de CM2. \u00ab Elle \u00e9tait une \u00e9l\u00e8ve calme, pond\u00e9r\u00e9e et studieuse. Elle faisait partie des meilleures de ma classe. J\u2019\u00e9tais tr\u00e8s exigeant, mais je n\u2019ai jamais eu de probl\u00e8me avec elle parce qu\u2019elle inspirait le respect \u00bb, t\u00e9moigne le vieux Sarr qui, aujourd\u2019hui, profite de sa retraite.<\/p>\n\n\n\n<p><strong>Professeure d\u2019anglais pendant 7 ans<\/strong><\/p>\n\n\n\n<p>Apr\u00e8s l\u2019obtention de son entr\u00e9e en sixi\u00e8me, Amy Dia est orient\u00e9e au coll\u00e8ge Fadilou Mback\u00e9 dans la m\u00eame commune. \u00c9l\u00e8ve studieuse, elle se distingue par ses performances en lettres. Ses quatre ann\u00e9es au coll\u00e8ge lui ont permis d\u2019obtenir un brevet de fin d\u2019\u00e9tudes moyennes. Le lyc\u00e9e John Fitzgerald Kennedy de Dakar lui ouvre ses portes, mais elle passe seulement une ann\u00e9e avant de rejoindre le lyc\u00e9e Lymamou Laye de Gu\u00e9diawaye. Elle poursuit ses efforts dans ses \u00e9tudes et obtient son baccalaur\u00e9at en 1988. Orient\u00e9e au D\u00e9partement d\u2019anglais de la Facult\u00e9 des Lettres et sciences humaines, elle y passe trois ans et d\u00e9croche une Licence en Litt\u00e9rature am\u00e9ricaine. <\/p>\n\n\n\n<p>Elle dispense, pendant 7 ans, des cours d\u2019anglais dans une \u00e9cole priv\u00e9e de la banlieue avant d\u2019\u00eatre recrut\u00e9e par une multinationale o\u00f9 elle servait comme interpr\u00e8te jusqu\u2019 au jour de son arrestation. Apolitique \u00e0 ses d\u00e9buts, Amy Dia votait toujours pour le Parti d\u00e9mocratique s\u00e9n\u00e9galais (Pds) en raison de son admiration pour l\u2019ancien pr\u00e9sident Abdoulaye Wade. <\/p>\n\n\n\n<p>En 2016, elle d\u00e9couvre, par hasard, une vid\u00e9o d\u2019Ousmane Sonko lors d\u2019un programme anim\u00e9 par Pape Al\u00e9 Niang, l\u2019actuel directeur g\u00e9n\u00e9ral de la Rts. \u00ab Apr\u00e8s avoir regard\u00e9 l\u2019int\u00e9gralit\u00e9 de la vid\u00e9o, j\u2019ai vu en lui un leader charismatique et j\u2019ai dit \u00e0 ma m\u00e8re qui travaillait aux Imp\u00f4ts et domaines que j\u2019allais rejoindre le Pastef \u00bb, se souvient-elle. Quelques jours plus tard, elle joint le geste \u00e0 la parole et devient membre de Pastef Golf. \u00ab \u00c0 cette \u00e9poque, nous \u00e9tions peu nombreux. C\u2019\u00e9tait tr\u00e8s difficile, car nous n\u2019avions m\u00eame pas de si\u00e8ge pour tenir nos r\u00e9unions. J\u2019ai, par la suite, rencontr\u00e9 Ousmane Sonko. Apr\u00e8s notre \u00e9change, je me suis dit qu\u2019il \u00e9tait l\u2019homme qu\u2019il fallait pour changer le S\u00e9n\u00e9gal \u00bb, raconte-t-elle. Tr\u00e8s engag\u00e9e, Amy se bat pour la massification de Pastef \u00e0 Gu\u00e9diawaye. Elle est, aujourd\u2019hui, une figure marquante au sein des instances communales et d\u00e9partementales de son parti dans cette ville.<\/p>\n\n\n\n<p><strong>Aliou DIOUF<\/strong><br>LESOLEIL<\/p>\n","protected":false},"excerpt":{"rendered":"<p>15 juillet 2022 ! La vie d\u2019Amy Dia, dit Amina bascule, et du mauvais c\u00f4t\u00e9. La coordinatrice du parti les<\/p>\n","protected":false},"author":1,"featured_media":48437,"comment_status":"open","ping_status":"open","sticky":false,"template":"","format":"standard","meta":{"footnotes":""},"categories":[21],"tags":[],"class_list":["post-48436","post","type-post","status-publish","format-standard","has-post-thumbnail","hentry","category-societe"],"_links":{"self":[{"href":"https:\/\/dekkbi.com\/index.php?rest_route=\/wp\/v2\/posts\/48436","targetHints":{"allow":["GET"]}}],"collection":[{"href":"https:\/\/dekkbi.com\/index.php?rest_route=\/wp\/v2\/posts"}],"about":[{"href":"https:\/\/dekkbi.com\/index.php?rest_route=\/wp\/v2\/types\/post"}],"author":[{"embeddable":true,"href":"https:\/\/dekkbi.com\/index.php?rest_route=\/wp\/v2\/users\/1"}],"replies":[{"embeddable":true,"href":"https:\/\/dekkbi.com\/index.php?rest_route=%2Fwp%2Fv2%2Fcomments&post=48436"}],"version-history":[{"count":1,"href":"https:\/\/dekkbi.com\/index.php?rest_route=\/wp\/v2\/posts\/48436\/revisions"}],"predecessor-version":[{"id":48438,"href":"https:\/\/dekkbi.com\/index.php?rest_route=\/wp\/v2\/posts\/48436\/revisions\/48438"}],"wp:featuredmedia":[{"embeddable":true,"href":"https:\/\/dekkbi.com\/index.php?rest_route=\/wp\/v2\/media\/48437"}],"wp:attachment":[{"href":"https:\/\/dekkbi.com\/index.php?rest_route=%2Fwp%2Fv2%2Fmedia&parent=48436"}],"wp:term":[{"taxonomy":"category","embeddable":true,"href":"https:\/\/dekkbi.com\/index.php?rest_route=%2Fwp%2Fv2%2Fcategories&post=48436"},{"taxonomy":"post_tag","embeddable":true,"href":"https:\/\/dekkbi.com\/index.php?rest_route=%2Fwp%2Fv2%2Ftags&post=48436"}],"curies":[{"name":"wp","href":"https:\/\/api.w.org\/{rel}","templated":true}]}}