{"id":48431,"date":"2024-12-12T09:23:56","date_gmt":"2024-12-12T09:23:56","guid":{"rendered":"https:\/\/dekkbi.com\/?p=48431"},"modified":"2024-12-12T09:25:21","modified_gmt":"2024-12-12T09:25:21","slug":"commission-dethique-du-comite-dorganisation-des-jeux-olympiques-de-la-jeunesse-dakar-2026-mamadou-diagna-ndiaye-enrole-le-professeur-kader-boye","status":"publish","type":"post","link":"https:\/\/dekkbi.com\/?p=48431","title":{"rendered":"Commission d\u2019\u00e9thique du comit\u00e9 d\u2019organisation des jeux olympiques de la jeunesse \u00abDakar 2026\u00bb : Mamadou Diagna Ndiaye enr\u00f4le le Professeur Kader Boye"},"content":{"rendered":"\n<p><strong>Le Professeur Abdoul Kader Boye sera au c\u0153ur du dispositif en place pour les Jeux olympiques de la Jeunesse (JOJ) Dakar 2026.&nbsp;<\/strong><strong>L\u2019ancien recteur de l\u2019Universit\u00e9 Cheikh Anta Diop (UCAD) de Dakar a \u00e9t\u00e9 enr\u00f4l\u00e9&nbsp;dans le Comit\u00e9 d\u2019organisation par le pr\u00e9sident dudit comit\u00e9, Mamadou Diagna Ndiaye, pour pr\u00e9sider la Commission nouvellement mise en place. Passionn\u00e9 du sport, l\u2019\u00e9minent praticien du droit est tout enthousiaste de cette collaboration avec le patron de l\u2019olympisme s\u00e9n\u00e9galais et pour cette mission de r\u00e9ussir le grand d\u00e9fi du S\u00e9n\u00e9gal et de la jeunesse africaine en 2026.<\/strong><\/p>\n\n\n\n<p>Le Professeur Abdel Kader Boye a fait son entr\u00e9e dans le Comit\u00e9 d\u2019organisation des prochains Jeux olympiques de la Jeunesses (JOJ) qui vont se d\u00e9rouler en 2026 \u00e0 Dakar.&nbsp;&nbsp;L\u2019ancien recteur de l\u2019Universit\u00e9 Cheikh Anta Diop (UCAD) de Dakar a \u00e9t\u00e9 enr\u00f4l\u00e9 dans le Comit\u00e9 d\u2019organisation par le pr\u00e9sident Mamadou Diagna Ndiaye. Dans sa volont\u00e9 de promouvoir la dimension \u00e9thique, le pr\u00e9sident de l\u2019olympisme s\u00e9n\u00e9galais a sorti l\u2019\u00e9minent professeur de sa retraite, en lui confiant cette nouvelle commission.<\/p>\n\n\n\n<p>Ces nouvelles charges cadrent avec le profil du Professeur Kader Boye qui, au-del\u00e0 de sa casquette de patricien du droit, est un grand passionn\u00e9 du sport et ancien footballeur.&nbsp;<em>\u00abJe tiens \u00e0 remercier le pr\u00e9sident du Comit\u00e9 d\u2019organisation des Jeux olympiques de la Jeunesse qui se tiendra pour la premi\u00e8re fois en Afrique et au S\u00e9n\u00e9gal.&nbsp;&nbsp;Mamadou Diagna Ndiaye est un ami et un parent. Malgr\u00e9 mes ennuis de sant\u00e9, j\u2019ai tenu \u00e0 le seconder dans cette mission qui est une mission essentielle pour le S\u00e9n\u00e9gal et pour l\u2019Afrique. Parce qu\u2019il faut que nous r\u00e9ussissions. Il faut souhaiter au pr\u00e9sident Diagna Ndiaye cette r\u00e9ussite parce que c\u2019est le couronnement de tout ce qu\u2019il fait dans le sport au S\u00e9n\u00e9gal et au niveau international\u00bb,<\/em>&nbsp;a-t-il confi\u00e9. Dans cet \u00e9lan, il peut se pr\u00e9valoir de son parcours de juriste impr\u00e9gn\u00e9 aussi par sa passion du sport.<\/p>\n\n\n\n<p><strong><em>\u00abJE VAIS M\u2019INVESTIR AUTANT QUE MES FORCES ME LE PERMETTENT\u00bb<\/em><\/strong><\/p>\n\n\n\n<p><em>\u00abJ\u2019ai eu et je continue d\u2019avoir des rapports avec le sport. Tous ceux qui me connaissent savent que j\u2019adore le football et j\u2019adore l\u2019athl\u00e9tisme. Voil\u00e0 les deux sports que j\u2019ai pratiqu\u00e9s quand j\u2019\u00e9tais jeune \u00e9l\u00e8ve. Je me suis tellement adonn\u00e9 au football que mes parents m\u2019ont isol\u00e9 \u00e0 Paris pour que je continue mes \u00e9tudes \u00e0 l\u2019internat en France. Mais, j\u2019appartiens \u00e0 une famille de juriste.&nbsp;J\u2019adore tout ce qui activit\u00e9 publique, ce qui est construction de l\u2019\u00c9tat. Ce qui est en dehors du droit. Vous me voyez souvent prendre des positions publiques qui parfois d\u00e9rangent\u00bb,<\/em>&nbsp;ajoute-t-il<\/p>\n\n\n\n<p>Le Professeur Boye s\u2019est ainsi r\u00e9jouis d\u2019avoir retrouv\u00e9, dans cette collaboration, d\u2019anciens de ses \u00e9tudiants et particuli\u00e8rement Ibrahima Wade, qui n\u2019est autre que le Coordonnateur du Comit\u00e9 d\u2019organisation (COJOJ). Ce qui, selon lui, le conforte dans&nbsp;&nbsp;&nbsp;cette nouvelle mission.&nbsp;<em>\u00abJ\u2019esp\u00e8re, avec ce bagage que j\u2019ai en droit, avec ce petit savoir, m\u2019investir autant que mes forces me le permettent pour la r\u00e9ussite de la mission confi\u00e9e \u00e0 Mamadou Diagna Ndiaye. Monsieur Wade, que vous voyez l\u00e0, f\u00fbt mon \u00e9tudiant \u00e0 la Facult\u00e9 de Droit. Donc je me retrouve en famille. Ce que nous souhaitons, depuis que l\u2019annonce a \u00e9t\u00e9 faite, que le CIO avait confi\u00e9 au S\u00e9n\u00e9gal cette belle mission qui nous a rendu tous fiers, on s\u2019est demand\u00e9 chacun comment apporter son aide \u00e0 la r\u00e9ussite de cette mission.&nbsp;&nbsp;J\u2019ai quelques appr\u00e9hensions parce que je sais qu\u2019il faut \u00eatre tr\u00e8s rigoureux. Je compte sur eux.\u00bb<\/em><\/p>\n\n\n\n<p><strong>Omar DIAW<\/strong><br>SUDQUOTIDIEN<\/p>\n","protected":false},"excerpt":{"rendered":"<p>Le Professeur Abdoul Kader Boye sera au c\u0153ur du dispositif en place pour les Jeux olympiques de la Jeunesse (JOJ)<\/p>\n","protected":false},"author":1,"featured_media":48432,"comment_status":"open","ping_status":"open","sticky":false,"template":"","format":"standard","meta":{"footnotes":""},"categories":[9],"tags":[],"class_list":["post-48431","post","type-post","status-publish","format-standard","has-post-thumbnail","hentry","category-sports"],"_links":{"self":[{"href":"https:\/\/dekkbi.com\/index.php?rest_route=\/wp\/v2\/posts\/48431","targetHints":{"allow":["GET"]}}],"collection":[{"href":"https:\/\/dekkbi.com\/index.php?rest_route=\/wp\/v2\/posts"}],"about":[{"href":"https:\/\/dekkbi.com\/index.php?rest_route=\/wp\/v2\/types\/post"}],"author":[{"embeddable":true,"href":"https:\/\/dekkbi.com\/index.php?rest_route=\/wp\/v2\/users\/1"}],"replies":[{"embeddable":true,"href":"https:\/\/dekkbi.com\/index.php?rest_route=%2Fwp%2Fv2%2Fcomments&post=48431"}],"version-history":[{"count":2,"href":"https:\/\/dekkbi.com\/index.php?rest_route=\/wp\/v2\/posts\/48431\/revisions"}],"predecessor-version":[{"id":48435,"href":"https:\/\/dekkbi.com\/index.php?rest_route=\/wp\/v2\/posts\/48431\/revisions\/48435"}],"wp:featuredmedia":[{"embeddable":true,"href":"https:\/\/dekkbi.com\/index.php?rest_route=\/wp\/v2\/media\/48432"}],"wp:attachment":[{"href":"https:\/\/dekkbi.com\/index.php?rest_route=%2Fwp%2Fv2%2Fmedia&parent=48431"}],"wp:term":[{"taxonomy":"category","embeddable":true,"href":"https:\/\/dekkbi.com\/index.php?rest_route=%2Fwp%2Fv2%2Fcategories&post=48431"},{"taxonomy":"post_tag","embeddable":true,"href":"https:\/\/dekkbi.com\/index.php?rest_route=%2Fwp%2Fv2%2Ftags&post=48431"}],"curies":[{"name":"wp","href":"https:\/\/api.w.org\/{rel}","templated":true}]}}