{"id":48427,"date":"2024-12-12T09:18:37","date_gmt":"2024-12-12T09:18:37","guid":{"rendered":"https:\/\/dekkbi.com\/?p=48427"},"modified":"2024-12-12T09:19:01","modified_gmt":"2024-12-12T09:19:01","slug":"serie-de-rencontres-avec-de-prise-de-contact-du-nouveau-president-de-lassemblee-nationale-el-malick-ndiaye-sinvite-a-la-table-du-personnel-de-linstitution-parlementaire","status":"publish","type":"post","link":"https:\/\/dekkbi.com\/?p=48427","title":{"rendered":"S\u00e9rie de rencontres avec de prise de contact du nouveau pr\u00e9sident de l\u2019assembl\u00e9e nationale El Malick Ndiaye s\u2019invite \u00e0 la table du personnel de l\u2019institution parlementaire"},"content":{"rendered":"\n<p><strong>Dans le cadre de sa s\u00e9rie de prise de contact initi\u00e9e au lendemain de son \u00e9lection, le pr\u00e9sident de l\u2019Assembl\u00e9e nationale a rencontr\u00e9 hier, mercredi 11 d\u00e9cembre le personnel de l\u2019institution parlementaire. Lors de cette rencontre, El Malick Ndiaye a expliqu\u00e9 que sa d\u00e9marche vise \u00e0 recueillir leurs avis, d\u2019\u00e9couter leurs pr\u00e9occupations et de discuter des am\u00e9liorations \u00e0 apporter, en mettant un accent particulier sur les enjeux li\u00e9s \u00e0 la sant\u00e9, \u00e0 la s\u00e9curit\u00e9, \u00e0 la qualit\u00e9 et \u00e0 l\u2019environnement (QHSE), qui n\u00e9cessitent une attention renforc\u00e9e<\/strong><\/p>\n\n\n\n<p>Le pr\u00e9sident de l\u2019Assembl\u00e9e nationale poursuit ses rencontres de prise de contact avec les personnalit\u00e9s et acteurs de l\u2019institution parlementaire. Apr\u00e8s sa s\u00e9rie de visites de courtoisie effectu\u00e9e le dimanche 8 d\u00e9cembre aupr\u00e8s de ses pr\u00e9d\u00e9cesseurs, El Malick Ndiaye a rencontr\u00e9 hier, mercredi 11 d\u00e9cembre le personnel de l\u2019institution parlementaire. Lors de cette rencontre, le pr\u00e9sident de l\u2019Assembl\u00e9e nationale a \u00e9chang\u00e9 avec divers membres du personnel, notamment les agents administratifs, les responsables techniques, les chauffeurs, les techniciennes de surface et les agents du service de s\u00e9curit\u00e9 avant de se rendre au bureau des anciens parlementaires.<\/p>\n\n\n\n<p>Prenant la parole devant ce personnel d\u00e9sormais plac\u00e9 sous son autorit\u00e9, le Pr\u00e9sident, El Malick Ndiaye revenant sur les raisons de sa d\u00e9marche a soulign\u00e9 que son \u2019objectif principal \u00e9tait de recueillir leurs avis, d\u2019\u00e9couter leurs pr\u00e9occupations et de discuter des am\u00e9liorations \u00e0 apporter, en mettant un accent particulier sur les enjeux li\u00e9s \u00e0 la sant\u00e9, \u00e0 la s\u00e9curit\u00e9, \u00e0 la qualit\u00e9 et \u00e0 l\u2019environnement (QHSE), qui n\u00e9cessitent une attention renforc\u00e9e. Sous ce rapport, il a insist\u00e9 sur selon une note qui nous a \u00e9t\u00e9&nbsp;<s>est<\/s>&nbsp;transmise sur l\u2019importance de cr\u00e9er un cadre de travail serein et motivant, propice \u00e0 l\u2019\u00e9panouissement des collaborateurs et contribuant \u00e0 l\u2019efficacit\u00e9 globale de l\u2019institution.<\/p>\n\n\n\n<p>Poursuivant la source souligne \u00e9galement que le pr\u00e9sident de l\u2019Assembl\u00e9e nationale a aussi \u00e9voqu\u00e9 les enjeux strat\u00e9giques, comme la transition num\u00e9rique, l\u2019optimisation des espaces de travail et le renouvellement des \u00e9quipements. Des \u00e9volutions, selon lui, indispensables pour r\u00e9pondre aux exigences contemporaines et garantir un environnement de travail moderne et fonctionnel, \u00e0 la fois pour les parlementaires et le personnel.&nbsp;<em>\u00ab&nbsp;Cette visite s\u2019inscrit dans une d\u00e9marche proactive et humaine de gestion de l\u2019Assembl\u00e9e nationale. Le Pr\u00e9sident a r\u00e9affirm\u00e9 son ambition de garantir un cadre de travail s\u00e9curis\u00e9, adapt\u00e9 et respectueux du bien-\u00eatre de toutes les personnes \u00e9voluant au sein de l\u2019Institution parlementaire&nbsp;\u00bb<\/em>&nbsp;lit-on. La note pr\u00e9cise au sujet de cette initiative&nbsp;<em>qu\u2019elle \u00ab&nbsp;t\u00e9moigne de son engagement \u00e0 entretenir une relation de proximit\u00e9 avec les employ\u00e9s et \u00e0 mieux comprendre leurs conditions de travail&nbsp;\u00bb.<\/em><\/p>\n\n\n\n<p><strong>Nando Cabral Gomis<\/strong><br>SUDQUOTIDIEN<\/p>\n","protected":false},"excerpt":{"rendered":"<p>Dans le cadre de sa s\u00e9rie de prise de contact initi\u00e9e au lendemain de son \u00e9lection, le pr\u00e9sident de l\u2019Assembl\u00e9e<\/p>\n","protected":false},"author":1,"featured_media":47715,"comment_status":"open","ping_status":"open","sticky":false,"template":"","format":"standard","meta":{"footnotes":""},"categories":[6],"tags":[],"class_list":["post-48427","post","type-post","status-publish","format-standard","has-post-thumbnail","hentry","category-politics"],"_links":{"self":[{"href":"https:\/\/dekkbi.com\/index.php?rest_route=\/wp\/v2\/posts\/48427","targetHints":{"allow":["GET"]}}],"collection":[{"href":"https:\/\/dekkbi.com\/index.php?rest_route=\/wp\/v2\/posts"}],"about":[{"href":"https:\/\/dekkbi.com\/index.php?rest_route=\/wp\/v2\/types\/post"}],"author":[{"embeddable":true,"href":"https:\/\/dekkbi.com\/index.php?rest_route=\/wp\/v2\/users\/1"}],"replies":[{"embeddable":true,"href":"https:\/\/dekkbi.com\/index.php?rest_route=%2Fwp%2Fv2%2Fcomments&post=48427"}],"version-history":[{"count":1,"href":"https:\/\/dekkbi.com\/index.php?rest_route=\/wp\/v2\/posts\/48427\/revisions"}],"predecessor-version":[{"id":48428,"href":"https:\/\/dekkbi.com\/index.php?rest_route=\/wp\/v2\/posts\/48427\/revisions\/48428"}],"wp:featuredmedia":[{"embeddable":true,"href":"https:\/\/dekkbi.com\/index.php?rest_route=\/wp\/v2\/media\/47715"}],"wp:attachment":[{"href":"https:\/\/dekkbi.com\/index.php?rest_route=%2Fwp%2Fv2%2Fmedia&parent=48427"}],"wp:term":[{"taxonomy":"category","embeddable":true,"href":"https:\/\/dekkbi.com\/index.php?rest_route=%2Fwp%2Fv2%2Fcategories&post=48427"},{"taxonomy":"post_tag","embeddable":true,"href":"https:\/\/dekkbi.com\/index.php?rest_route=%2Fwp%2Fv2%2Ftags&post=48427"}],"curies":[{"name":"wp","href":"https:\/\/api.w.org\/{rel}","templated":true}]}}