{"id":48421,"date":"2024-12-12T09:12:06","date_gmt":"2024-12-12T09:12:06","guid":{"rendered":"https:\/\/dekkbi.com\/?p=48421"},"modified":"2024-12-12T10:27:08","modified_gmt":"2024-12-12T10:27:08","slug":"le-depute-de-pastef-menace-de-radiation-thierno-aly-sy-pousse-a-la-demission","status":"publish","type":"post","link":"https:\/\/dekkbi.com\/?p=48421","title":{"rendered":"Le d\u00e9put\u00e9 de Pastef menac\u00e9 de radiation : Thierno Aly Sy pouss\u00e9 \u00e0 la d\u00e9mission"},"content":{"rendered":"\n<p><strong>Le d\u00e9put\u00e9 de Pastef, Thierno Aly Sy, a rendu hier sa d\u00e9mission de l\u2019Assembl\u00e9e nationale en adressant une correspondance dans ce sens au pr\u00e9sident de l\u2019institution parlementaire, El Hadji Malick Ndiaye. D\u00e9cidant ainsi de mettre \u00e0 l\u2019aise ses camarades d\u00e9put\u00e9s du m\u00eame parti, Thierno Aly Sy avait vu les projecteurs braqu\u00e9s sur lui apr\u00e8s la radiation de Barth\u00e9lemy Dias de son poste de d\u00e9put\u00e9.&nbsp;<\/strong><strong>Par Amadou MBODJI \u2013<\/strong><\/p>\n\n\n\n<p>Le d\u00e9put\u00e9 Thierno Aly Sy du parti Pastef n\u2019aura dur\u00e9 que le temps d\u2019une rose au sein de l\u2019Assembl\u00e9e nationale. Apr\u00e8s l\u2019installation de la 15\u00e8me l\u00e9gislature, ce dernier&nbsp;&nbsp;n\u2019aura finalement pas pris part aux s\u00e9ances pl\u00e9ni\u00e8res. A peine install\u00e9 lors de la formation des commissions permanentes de l\u2019Assembl\u00e9e nationale, la semaine derni\u00e8re, le suppl\u00e9ant de Abass Fall sur la liste d\u00e9partementale de Pastef \u00e0 Dakar, a pr\u00e9sent\u00e9 sa d\u00e9mission de son poste de d\u00e9put\u00e9. M. Sy a adress\u00e9, hier, une correspondance dans ce sens au pr\u00e9sident de l\u2019Assembl\u00e9e nationale, El Malick Ndiaye.<\/p>\n\n\n\n<p><strong>\u00abMonsieur le pr\u00e9sident\u00a0<\/strong><\/p>\n\n\n\n<p>Je vous informe par cette lettre de ma d\u00e9cision de d\u00e9missionner de mon mandat de d\u00e9put\u00e9 \u00e0 l\u2019Assembl\u00e9e nationale. Je vous prie, Monsieur le pr\u00e9sident, d\u2019agr\u00e9er l\u2019expression de ma haute consid\u00e9ration\u00bb, a fait savoir le d\u00e9put\u00e9 Thierno Aly Sy.<\/p>\n\n\n\n<p>Aucune explication pr\u00e9cise n\u2019a \u00e9t\u00e9 fournie par le d\u00e9sormais ex-d\u00e9put\u00e9 par rapport \u00e0 sa d\u00e9mission de l\u2019Assembl\u00e9e nationale dans sa correspondance, laissant place \u00e0 des sp\u00e9culations.<\/p>\n\n\n\n<p>Comptable de formation et figure active du parti Pastef \u00e0 Mermoz,&nbsp;Thierno Aly Sy serait dans la m\u00eame situation que Barth\u00e9lemy Dias radi\u00e9 de son poste de d\u00e9put\u00e9 sur demande du ministre de la Justice sur la base de sa condamnation d\u00e9finitive dans l\u2019affaire Ndiaga Diouf.<\/p>\n\n\n\n<p>La d\u00e9mission&nbsp;de Thierno Alassane Sy survient apr\u00e8s la pol\u00e9mique soulev\u00e9e et qui est li\u00e9e \u00e0 sa condamnation pour \u00ababus de confiance\u00bb dans une affaire priv\u00e9e, jug\u00e9e incompatible avec sa fonction de d\u00e9put\u00e9.<\/p>\n\n\n\n<p>M. Sy avait remplac\u00e9 Abass Fall \u00e0 l\u2019Assembl\u00e9e nationale, ce dernier ayant \u00e9t\u00e9 nomm\u00e9 ministre du Travail et des relations avec les Institutions, tout juste apr\u00e8s l\u2019installation de la 15\u00e8me l\u00e9gislature.<\/p>\n\n\n\n<p><strong>ambodji@lequotidien.sn<\/strong><br>LEQUOTIDI<\/p>\n","protected":false},"excerpt":{"rendered":"<p>Le d\u00e9put\u00e9 de Pastef, Thierno Aly Sy, a rendu hier sa d\u00e9mission de l\u2019Assembl\u00e9e nationale en adressant une correspondance dans<\/p>\n","protected":false},"author":1,"featured_media":48469,"comment_status":"open","ping_status":"open","sticky":false,"template":"","format":"standard","meta":{"footnotes":""},"categories":[6],"tags":[],"class_list":["post-48421","post","type-post","status-publish","format-standard","has-post-thumbnail","hentry","category-politics"],"_links":{"self":[{"href":"https:\/\/dekkbi.com\/index.php?rest_route=\/wp\/v2\/posts\/48421","targetHints":{"allow":["GET"]}}],"collection":[{"href":"https:\/\/dekkbi.com\/index.php?rest_route=\/wp\/v2\/posts"}],"about":[{"href":"https:\/\/dekkbi.com\/index.php?rest_route=\/wp\/v2\/types\/post"}],"author":[{"embeddable":true,"href":"https:\/\/dekkbi.com\/index.php?rest_route=\/wp\/v2\/users\/1"}],"replies":[{"embeddable":true,"href":"https:\/\/dekkbi.com\/index.php?rest_route=%2Fwp%2Fv2%2Fcomments&post=48421"}],"version-history":[{"count":1,"href":"https:\/\/dekkbi.com\/index.php?rest_route=\/wp\/v2\/posts\/48421\/revisions"}],"predecessor-version":[{"id":48423,"href":"https:\/\/dekkbi.com\/index.php?rest_route=\/wp\/v2\/posts\/48421\/revisions\/48423"}],"wp:featuredmedia":[{"embeddable":true,"href":"https:\/\/dekkbi.com\/index.php?rest_route=\/wp\/v2\/media\/48469"}],"wp:attachment":[{"href":"https:\/\/dekkbi.com\/index.php?rest_route=%2Fwp%2Fv2%2Fmedia&parent=48421"}],"wp:term":[{"taxonomy":"category","embeddable":true,"href":"https:\/\/dekkbi.com\/index.php?rest_route=%2Fwp%2Fv2%2Fcategories&post=48421"},{"taxonomy":"post_tag","embeddable":true,"href":"https:\/\/dekkbi.com\/index.php?rest_route=%2Fwp%2Fv2%2Ftags&post=48421"}],"curies":[{"name":"wp","href":"https:\/\/api.w.org\/{rel}","templated":true}]}}