{"id":48415,"date":"2024-12-11T16:54:41","date_gmt":"2024-12-11T16:54:41","guid":{"rendered":"https:\/\/dekkbi.com\/?p=48415"},"modified":"2024-12-11T16:54:41","modified_gmt":"2024-12-11T16:54:41","slug":"nomination-du-premier-ministre-emmanuel-macron-compte-designer-le-nouveau-chef-du-gouvernement-jeudi-soir","status":"publish","type":"post","link":"https:\/\/dekkbi.com\/?p=48415","title":{"rendered":"Nomination du Premier ministre : Emmanuel Macron compte d\u00e9signer le nouveau chef du gouvernement jeudi soir"},"content":{"rendered":"\n<p>\u00ab\u00a0ll n&rsquo;y a actuellement pas de socle plus large que celui qui est en place aujourd&rsquo;hui\u00a0\u00bb, a pr\u00e9venu, plus t\u00f4t, la porte-parole du gouvernement d\u00e9missionnaire, Maud Bregeon.<\/p>\n\n\n\n<p>Ce qu&rsquo;il faut savoir<\/p>\n\n\n\n<p>Les discussions se poursuivent pour trouver un accord ouvrant la voie\u00a0\u00e0 la formation d&rsquo;un nouveau gouvernement. Emmanuel Macron compte d\u00e9signer un nouveau Premier ministre jeudi soir, selon les informations de France T\u00e9l\u00e9visions recueillies mercredi 11 d\u00e9cembre en fin d&rsquo;apr\u00e8s-midi.\u00a0<em>\u00ab\u00a0ll n&rsquo;y a actuellement pas de socle plus large que celui qui est en place aujourd&rsquo;hui\u00a0\u00bb<\/em>, a d\u00e9clar\u00e9, plus t\u00f4t, la porte-parole du gouvernement d\u00e9missionnaire, Maud Bregeon, \u00e0 l&rsquo;issue du Conseil des ministres. Suivez la situation dans notre direct.<\/p>\n\n\n\n<p><strong>La loi sp\u00e9ciale pr\u00e9sent\u00e9e au Conseil des ministres.&nbsp;<\/strong>Il s&rsquo;agit d<em>\u00ab\u00a0\u00e9viter le shutdown\u00a0\u00bb<\/em>, selon le ministre du Budget d\u00e9missionnaire Laurent Saint-Martin. La loi sp\u00e9ciale, qui permet \u00e0 l&rsquo;Etat de continuer \u00e0 fonctionner malgr\u00e9 l&rsquo;absence d&rsquo;un budget pour l&rsquo;ann\u00e9e 2025, a \u00e9t\u00e9 pr\u00e9sent\u00e9e en Conseil des ministres, le dernier du gouvernement de Michel Barnier. Le projet de loi sera ensuite d\u00e9battu \u00e0 l&rsquo;Assembl\u00e9e lundi \u00e0 16 heures. C&rsquo;est un texte d&rsquo;urgence, et temporaire, pour assurer la continuit\u00e9 des services publics.<\/p>\n\n\n\n<p><strong>\u00ab\u00a0Cela ne peut pas \u00eatre Fran\u00e7ois Bayrou\u00a0\u00bb, pr\u00e9vient Olivier Faure.&nbsp;<\/strong>Au lendemain des discussions qui ont eu lieu \u00e0 l&rsquo;Elys\u00e9e avec tous les partis politiques, sauf La France insoumise et le Rassemblement national, Olivier Faure a \u00e9cart\u00e9 le pr\u00e9sident du MoDem, pourtant l&rsquo;un des pressentis pour Matignon.&nbsp;<em>\u00ab\u00a0Ce que nous demandons et ce que les Fran\u00e7ais veulent, c&rsquo;est une rupture avec la politique qui a \u00e9t\u00e9 men\u00e9e jusqu&rsquo;ici\u00a0\u00bb<\/em>, a-t-il ajout\u00e9, estimant que le maire de Pau incarnait la&nbsp;<em>\u00ab\u00a0continuit\u00e9\u00a0\u00bb<\/em>&nbsp;de la politique men\u00e9e depuis 2017.&nbsp;<em>\u00ab\u00a0Il n&rsquo;est pas exclu qu&rsquo;il y ait un Premier ministre de gauche\u00a0\u00bb<\/em>, a de son c\u00f4t\u00e9 avanc\u00e9 le chef de file des communistes \u00e0 l&rsquo;Assembl\u00e9e nationale, Andr\u00e9 Chassaigne, au micro de France Bleu Pays d&rsquo;Auvergne.&nbsp;<\/p>\n\n\n\n<p><strong>Emmanuel Macron souhaite nommer un Premier ministre \u00ab\u00a0dans les 48 heures\u00a0\u00bb.<\/strong>\u00a0Le pr\u00e9sident de la R\u00e9publique a convi\u00e9, mardi, tous les partis, \u00e0 l&rsquo;exception du RN et de LFI.\u00a0Les r\u00e9actions\u00a0ont \u00e9t\u00e9 mitig\u00e9es. Le chef des d\u00e9put\u00e9s Droite r\u00e9publicaine, Laurent Wauquiez, a exclu un<em>\u00a0\u00ab\u00a0contrat de gouvernement avec des gens avec lesquels on ne partage pas les m\u00eames valeurs\u00a0\u00bb<\/em>, se bornant \u00e0 esp\u00e9rer un\u00a0<em>\u00ab\u00a0accord pour au moins ne pas faire tomber un gouvernement\u00a0\u00bb.<\/em>\u00a0<em>\u00ab\u00a0Nous avons le sentiment que les choses ont plut\u00f4t avanc\u00e9\u00a0\u00bb<\/em>, a estim\u00e9 le patron du PS, Olivier Faure. La rencontre a \u00e9t\u00e9\u00a0<em>\u00ab\u00a0positive de mani\u00e8re inesp\u00e9r\u00e9e\u00a0\u00bb<\/em>, selon le pr\u00e9sident du MoDem, Fran\u00e7ois Bayrou. Le camp pr\u00e9sidentiel n&rsquo;est pr\u00eat \u00e0<em>\u00a0\u00ab\u00a0aucun compromis\u00a0\u00bb<\/em>\u00a0pour former un gouvernement, a temp\u00e9r\u00e9 la cheffe des Ecologistes, Marine Tondelier.<\/p>\n\n\n\n<p><strong>Divisions \u00e0 gauche.\u00a0<\/strong>La France insoumise a \u00e9t\u00e9 invit\u00e9e mais a refus\u00e9 de participer aux discussions organis\u00e9es mardi apr\u00e8s-midi \u00e0 l&rsquo;Elys\u00e9e, appelant ses partenaires du Nouveau Front populaire \u00e0\u00a0<em>\u00ab\u00a0ne pas c\u00e9der aux sir\u00e8nes d&rsquo;un gouvernement d&rsquo;union nationale\u00a0\u00bb.<\/em>\u00a0En coulisses, la machine insoumise s&rsquo;active pour \u00eatre pr\u00eate en cas de d\u00e9mission ou de destitution du chef de l&rsquo;Etat, comme l&rsquo;explique\u00a0franceinfo.<\/p>\n\n\n\n<p><strong>Marine Le Pen d\u00e9nonce des discussions men\u00e9es mardi \u00e0 l&rsquo;Elys\u00e9e.&nbsp;<\/strong>La pr\u00e9sidente des d\u00e9put\u00e9s RN a estim\u00e9 sur France 2 que les chefs de partis qui \u00e9taient pr\u00e9sents autour d&rsquo;Emmanuel Macron&nbsp;<em>\u00ab\u00a0cherch[ai]ent \u00e0 conserver leurs places\u00a0\u00bb<\/em>.&nbsp;<em>\u00ab\u00a0Je ne suis donc pas m\u00e9contente de ne pas avoir \u00e9t\u00e9 invit\u00e9e\u00a0\u00bb<\/em>, a-t-elle ajout\u00e9 sur le plateau des \u00ab\u00a04V\u00a0\u00bb, r\u00e9p\u00e9tant qu&rsquo;elle ne souhaitait&nbsp;<em>\u00ab\u00a0pas du tout participer au gouvernement d&rsquo;Emmanuel Macron\u00a0\u00bb<\/em>.&nbsp;<\/p>\n\n\n\n<p>Article r\u00e9dig\u00e9 par Marie-Violette Bernard,\u00a0Robin Prudent  &#8211; France T\u00e9l\u00e9visions<\/p>\n\n\n\n<p><\/p>\n","protected":false},"excerpt":{"rendered":"<p>\u00ab\u00a0ll n&rsquo;y a actuellement pas de socle plus large que celui qui est en place aujourd&rsquo;hui\u00a0\u00bb, a pr\u00e9venu, plus t\u00f4t,<\/p>\n","protected":false},"author":1,"featured_media":48101,"comment_status":"open","ping_status":"open","sticky":false,"template":"","format":"standard","meta":{"footnotes":""},"categories":[51],"tags":[],"class_list":["post-48415","post","type-post","status-publish","format-standard","has-post-thumbnail","hentry","category-general"],"_links":{"self":[{"href":"https:\/\/dekkbi.com\/index.php?rest_route=\/wp\/v2\/posts\/48415","targetHints":{"allow":["GET"]}}],"collection":[{"href":"https:\/\/dekkbi.com\/index.php?rest_route=\/wp\/v2\/posts"}],"about":[{"href":"https:\/\/dekkbi.com\/index.php?rest_route=\/wp\/v2\/types\/post"}],"author":[{"embeddable":true,"href":"https:\/\/dekkbi.com\/index.php?rest_route=\/wp\/v2\/users\/1"}],"replies":[{"embeddable":true,"href":"https:\/\/dekkbi.com\/index.php?rest_route=%2Fwp%2Fv2%2Fcomments&post=48415"}],"version-history":[{"count":1,"href":"https:\/\/dekkbi.com\/index.php?rest_route=\/wp\/v2\/posts\/48415\/revisions"}],"predecessor-version":[{"id":48417,"href":"https:\/\/dekkbi.com\/index.php?rest_route=\/wp\/v2\/posts\/48415\/revisions\/48417"}],"wp:featuredmedia":[{"embeddable":true,"href":"https:\/\/dekkbi.com\/index.php?rest_route=\/wp\/v2\/media\/48101"}],"wp:attachment":[{"href":"https:\/\/dekkbi.com\/index.php?rest_route=%2Fwp%2Fv2%2Fmedia&parent=48415"}],"wp:term":[{"taxonomy":"category","embeddable":true,"href":"https:\/\/dekkbi.com\/index.php?rest_route=%2Fwp%2Fv2%2Fcategories&post=48415"},{"taxonomy":"post_tag","embeddable":true,"href":"https:\/\/dekkbi.com\/index.php?rest_route=%2Fwp%2Fv2%2Ftags&post=48415"}],"curies":[{"name":"wp","href":"https:\/\/api.w.org\/{rel}","templated":true}]}}