{"id":48377,"date":"2024-12-11T13:07:37","date_gmt":"2024-12-11T13:07:37","guid":{"rendered":"https:\/\/dekkbi.com\/?p=48377"},"modified":"2024-12-11T13:07:59","modified_gmt":"2024-12-11T13:07:59","slug":"judiciarisation-de-lespace-politique-le-senegal-une-democratie-a-lepreuve-de-la-legitimite","status":"publish","type":"post","link":"https:\/\/dekkbi.com\/?p=48377","title":{"rendered":"Judiciarisation de l\u2019espace politique : le S\u00e9n\u00e9gal, une d\u00e9mocratie \u00e0 l\u2019\u00e9preuve de la l\u00e9gitimit\u00e9"},"content":{"rendered":"\n<p><strong>La radiation de Barthelemy Toyes Dias de la liste des d\u00e9put\u00e9s de la XV\u00e8me L\u00e9gislature, bien apr\u00e8s son \u00e9lection \u00e0 l\u2019issue du scrutin du 14 novembre dernier pose la question de la legitimite voire de la souverainet\u00e9 du peuple. Ousmane Sonko et Khalifa Ababacar Sall en \u00e9taient victimes \u00e0 cause de la judiciarisation de l\u2019espace politique. Une tare qui gangr\u00e8ne la d\u00e9mocratie dite repr\u00e9sentative \u00e0 la s\u00e9n\u00e9galaise. &nbsp;&nbsp;&nbsp;<\/strong><\/p>\n\n\n\n<p>\u00abSonko Moy Diomaye&nbsp;\u00bb. Ce slogan plus qu\u2019accrocheur a \u00e9t\u00e9 vendu au peuple s\u00e9n\u00e9galais pour envoyer l\u2019actuel Pr\u00e9sident de la R\u00e9publique Bassirou Diomaye Diakhar Faye \u00e0 la Magistrature supr\u00eame le 24 mars dernier. Faisant preuve de loyaut\u00e9 in\u00e9dite, l\u2019actuel Chef de l\u2019Etat annonce \u00e0 qui veut l\u2019entendre qu\u2019il s\u2019est battu pendant 10 ans pour faire de Ousmane Sonko un pr\u00e9sident de la R\u00e9publique et que ce dernier, en dix jours seulement, a fait de lui le Chef supr\u00eame des arm\u00e9es, le gardien de la constitution, pour ne pas dire l\u2019homme le plus puissant du S\u00e9n\u00e9gal. Un scenario digne d\u2019un film hollywoodien.<\/p>\n\n\n\n<p>Mais comment en est-on arriv\u00e9 l\u00e0&nbsp;? Ne cherchons pas midi \u00e0 14 heures. C\u2019est parce que tout simplement les anciens tenants du pouvoir ont utilis\u00e9 la justice s\u00e9n\u00e9galaise pour \u00e9carter Ousmane Sonko de la course pour la pr\u00e9sidentielle de 2024. L\u2019affaire Sweet Beaut\u00e9 ayant fait&nbsp;<em>pschitt<\/em>&nbsp;\u00e0 cause d\u2019une requalification du cas de viol qui a co\u00fbt\u00e9 la vie \u00e0 plus 80 s\u00e9n\u00e9galais \u00e0 la corruption de mineur, il fallait passer par le proc\u00e8s de Mame Mbaye Niang qui accusait l\u2019accueil Premier ministre de diffamation sur l\u2019affaire dite des 29 milliards qui tardent encore \u00e0 lever tous les contours pour l\u2019\u00e9carter de la course.<\/p>\n\n\n\n<p>Pire, le Parti Pastef sera m\u00eame dissout rappelant au S\u00e9n\u00e9gal les tristes souvenirs du r\u00e9gime de Senghor contre Majmouth Diop et le Professeur Cheikh Anta Diop qui avaient eux aussi vu leur parti politique dissous, les contraignant \u00e0 rentrer dans la clandestinit\u00e9.<\/p>\n\n\n\n<p><strong>Khalifa Sall et Karim Wade \u00e9cart\u00e9s de la pr\u00e9sidentielle<\/strong><\/p>\n\n\n\n<p>Mais avant Ousmane Sonko, le principal homme \u00e0 abattre c\u2019\u00e9tait Khalifa Ababcar Sall. Tout puissant maire de Dakar, l\u2019ancien secr\u00e9taire en charge de la vie politique du Parti socialiste, sera victime d\u2019un d\u00e9lit d\u2019ambitions. L\u00e0 aussi la justice sera instrumentalis\u00e9e pour vider sa caisse d\u2019avance dont le seul but \u00e9tait de lui priver de briguer la magistrature supr\u00eame en 2019. Une candidature qui allait \u00eatre fatale pour Macky Sall \u00e0 cause de la d\u00e9monstration dont l\u2019ouragan d\u2019alors que constitu\u00e9 Takhawu Ndakarou avait fait montre, en balayant tout sur son passage lors des \u00e9lections municipales de 2014.<\/p>\n\n\n\n<p>Alors qu\u2019il \u00e9tait de coutume de justifier la lenteur des dossiers pour la fameuse phrase : \u00ab&nbsp;le temps de justice n\u2019est pas le temps des hommes&nbsp;\u00bb, le proc\u00e8s de la caisse d\u2019avance sera vid\u00e9 avec une c\u00e9l\u00e9rit\u00e9 inou\u00efe. Le tenants du r\u00e9gime n\u2019ont m\u00eame pas permis \u00e0 ses conseillers d\u2019introduire un Rabat d\u2019arr\u00eat afin que le processus soit d\u00e9finitivement rev\u00eatu de ce qu\u2019on appelle en droit \u00ab&nbsp;l\u2019autorit\u00e9 de la chose jug\u00e9e&nbsp;\u00bb. Il sera vir\u00e9 de l\u2019assembl\u00e9e nationale contre la volont\u00e9 du peuple qui le lui a envoy\u00e9.<\/p>\n\n\n\n<p>Ensuite, un autre couperet va tomber sur sa mairie alors que les Dakarois avaient fini de lui accorder une l\u00e9gitimit\u00e9 confortable. Sur 19 communes d\u2019arrondissement, seule celle de Yoff va lui r\u00e9sister.<\/p>\n\n\n\n<p>Quant \u00e0 Karim Wade, accus\u00e9 d\u2019enrichissement illicite par une cour qui est aux antipodes des juridictions modernes : Renversement de la charge de la preuve, absence de double degr\u00e9 de juridictions, il va etre condamn\u00e9 \u00e0 l\u2019errance suite \u00e0 son exil \u00e0 Doha. Ce, \u00e0 cause d\u2019une fortune suppos\u00e9e ou r\u00e9elle que le fils de Abdoulaye Wade aurait acquis en 12 ans de r\u00e8gne de son p\u00e8re. Sur liste de 25 dignitaires du r\u00e9gime wadien, il sera la seul \u00e0 payer une si lourde peine. Si sa fortune suppos\u00e9e faisait peur \u00e0 r\u00e9gime de Macky Sall, on ne saura jamais ce que p\u00e8se r\u00e9ellement Karim Meissa Wade. Et pour cause d\u2019\u00e9lections en \u00e9lections, il sera emp\u00each\u00e9 de briguer le suffrage des S\u00e9n\u00e9galais.<\/p>\n\n\n\n<p><strong>Et maintenant Barthelemy Dias<\/strong><\/p>\n\n\n\n<p>La condamnation de Barth\u00e9lemy Toyes Dias \u00e0 deux ans de prison dont six mois ferme, assortis de dommages et int\u00e9r\u00eats de 25 millions de francs CFA, \u00e0 verser \u00e0 la famille de feu Ndiaga Diouf a \u00e9t\u00e9 confirm\u00e9e le 22 d\u00e9cembre 2023 par la Cour supr\u00eame. Soit 12 ans d\u2019attente.<\/p>\n\n\n\n<p>La haute juridiction a d\u00e9bout\u00e9 le d\u00e9put\u00e9-maire de Dakar qui s\u2019\u00e9tait pourvu en cassation.<\/p>\n\n\n\n<p>Les moyens soulev\u00e9s par ses conseils ont \u00e9t\u00e9 d\u00e9clar\u00e9s infond\u00e9s. Il s\u2019agissait des exceptions d\u2019inconstitutionnalit\u00e9, de l\u2019intime conviction et de contrari\u00e9t\u00e9 de jugement. L\u2019affaire est donc rev\u00eatue de l\u2019autorit\u00e9 de chose jug\u00e9e.<\/p>\n\n\n\n<p>En ce moment pr\u00e9cis, il aurait d\u00fb perdre ses mandats de d\u00e9put\u00e9 et de maire de Dakar. Que nenni&nbsp;!<\/p>\n\n\n\n<p>Paradoxalement, le conseil constitutionnel, juge des \u00e9lections n\u2019a pas r\u00e9cus\u00e9 sa candidature \u00e0 la d\u00e9putation du 14 novembre dernier. Aucun candidat, ayant la qualit\u00e9 \u00e0 agir, n\u2019a pas non plus saisi le conseil constitutionnel pour an\u00e9antir la candidature de l\u2019actuel maire de Dakar. Mieux, le peuple qui est seul d\u00e9tenteur de la souverainet\u00e9 nationale en l\u2019exer\u00e7ant par la voie r\u00e9f\u00e9rendaire ou la voie de ses repr\u00e9sentants, a d\u00e9cid\u00e9, nonobstant cette condamnation, de faire de Barthelemy Troyes Dias un d\u00e9put\u00e9. Cette l\u00e9gitimit\u00e9, il la tire du peuple \u00e0 l\u2019instar de tous les honorables d\u00e9put\u00e9s de la XV\u00e8me L\u00e9gislature et des autres bien avant eux.<\/p>\n\n\n\n<p>Par cons\u00e9quent le d\u00e9choir de poste que le peuple lui a confi\u00e9 suite \u00e0 une saisine du Garde des Sceaux, ministre de la Justice, quelle que soit la base l\u00e9gale, pose un gros probl\u00e8me au sein de notre d\u00e9mocratie dite repr\u00e9sentative.<\/p>\n\n\n\n<p><strong>Le cas des \u00c9tats Unis et de la France<\/strong><\/p>\n\n\n\n<p>Le S\u00e9n\u00e9gal se veut une d\u00e9mocratie majeure. Il l\u2019est d\u2019ailleurs dans une grisaille de l\u2019Afrique de l\u2019Ouest. C\u2019est une r\u00e9f\u00e9rence aux yeux du monde entier et nous l\u2019avons prouv\u00e9 en 2000 et 2012 et 2024 avec trois alternances. M\u00eame si le Ghana semble nous damer le pion, nous devons continuer \u00e0 veiller \u00e0 son renforcement en respectant la volont\u00e9 du peuple. Ousmane Sonko avait raison de d\u00e9clarer \u00ab&nbsp;si le peuple veut \u00e9lire un criminel, c\u2019est son probl\u00e8me&nbsp;\u00bb.<\/p>\n\n\n\n<p>Aux Etats-Unis le procureur sp\u00e9cial, Jack Smith lors l\u2019\u00e9lection pr\u00e9sidentielle de novembre dernier, a ordonn\u00e9 l\u2019arr\u00eat des poursuites contre Donald Trump \u00e9lu pr\u00e9sident de la R\u00e9publique. Ce qui constitue une jurisprudence allant dans le but de renforcer la d\u00e9mocratie am\u00e9ricaine. Et pour cause, si le minist\u00e8re suit depuis l\u2019affaire Watergate de 1973, une politique constante consistant \u00e0 ne pas poursuivre un pr\u00e9sident en exercice, souligne nos confr\u00e8res de TV5Monde, le cas d\u2019un candidat poursuivi p\u00e9nalement puis \u00e9lu pr\u00e9sident est totalement in\u00e9dit.<\/p>\n\n\n\n<p>Donald Trump ne sera donc inqui\u00e9t\u00e9 qu\u2019\u00e0 la fin de son mandat. Il aura 78 ans. Et dire qu\u2019il avait \u00e9t\u00e9 accus\u00e9 de \u00ab&nbsp;complot contre les institutions am\u00e9ricaines&nbsp;\u00bb et \u00ab&nbsp;d\u2019atteinte au droit de vote&nbsp;\u00bb des \u00e9lecteurs suite aux attaques du Capitole pour se maintenir au pouvoir.<\/p>\n\n\n\n<p>Que dire du cas de Marine Le Pen ou encore de son p\u00e8re Feu Jean Marie Le Pen.<\/p>\n\n\n\n<p>Arriv\u00e9 au second tour des \u00e9lections pr\u00e9sidentielles de 2002, Feu Jean-Marie Le Pen avait \u00e9voqu\u00e9 sa difficult\u00e9 \u00e0 r\u00e9colter 500 parrainages d\u2019\u00e9lus, et la possibilit\u00e9 qu\u2019il ne soit donc pas pr\u00e9sent aux \u00e9lections pr\u00e9sidentielles. Certains politiques fran\u00e7ais, notamment Jos\u00e9 Bov\u00e9 et autres membres influents de la soci\u00e9t\u00e9 civile avaient alors \u00e9mis l\u2019id\u00e9e de parrainage citoyen.&nbsp;Ce qui n\u2019est pas encore le cas. Contrairement au S\u00e9n\u00e9gal qui a choisi cette excellente option de ce \u00ab&nbsp;machin&nbsp;n\u00e9cessaire&nbsp;\u00bb.<\/p>\n\n\n\n<p>Toutefois, qu\u2019on ne trompe pas. Il ne traversa jamais \u00e0 l\u2019esprit des autorit\u00e9s fran\u00e7aises de la Gauche comme de la Droite d\u2019user du filtre des parrainages des \u00e9lus pour emp\u00eacher \u00e0 un Chef de l\u2019opposition, faut-il de l\u2019extr\u00eame droite, de prendre part \u00e0 une \u00e9lection pr\u00e9sidentielle.<\/p>\n\n\n\n<p>C\u2019est ce gentleman agreement qui devrait pr\u00e9valoir au S\u00e9n\u00e9gal. Ousmane Sonko a v\u00e9cu un calvaire indescriptible pour arriver au pouvoir. Le peuple lui a fait confiance en lui octroyant une l\u00e9gitimit\u00e9 plus que confortable pour ex\u00e9cuter sa Vision S\u00e9n\u00e9gal 2050. Il gagnerait \u00e0 \u00e9viter des querelles de bornes fontaines auxquelles certains de ses allies l\u2019invitent. La seule bataille qui devrait \u00eatre la sienne, c\u2019est de mettre le S\u00e9n\u00e9gal sur les rails de l\u2019\u00e9mergence pour que chaque s\u00e9n\u00e9galais partout o\u00f9 il puisse etre, sente la transformation syst\u00e9mique. Ce qui passe par la consolidation de notre de notre d\u00e9mocratie, tant vant\u00e9e et jalous\u00e9e.<\/p>\n\n\n\n<p><strong>Abdoulaye THIAM<\/strong><br>SUDQUOTIDIEN<\/p>\n","protected":false},"excerpt":{"rendered":"<p>La radiation de Barthelemy Toyes Dias de la liste des d\u00e9put\u00e9s de la XV\u00e8me L\u00e9gislature, bien apr\u00e8s son \u00e9lection \u00e0<\/p>\n","protected":false},"author":1,"featured_media":48378,"comment_status":"open","ping_status":"open","sticky":false,"template":"","format":"standard","meta":{"footnotes":""},"categories":[6],"tags":[],"class_list":["post-48377","post","type-post","status-publish","format-standard","has-post-thumbnail","hentry","category-politics"],"_links":{"self":[{"href":"https:\/\/dekkbi.com\/index.php?rest_route=\/wp\/v2\/posts\/48377","targetHints":{"allow":["GET"]}}],"collection":[{"href":"https:\/\/dekkbi.com\/index.php?rest_route=\/wp\/v2\/posts"}],"about":[{"href":"https:\/\/dekkbi.com\/index.php?rest_route=\/wp\/v2\/types\/post"}],"author":[{"embeddable":true,"href":"https:\/\/dekkbi.com\/index.php?rest_route=\/wp\/v2\/users\/1"}],"replies":[{"embeddable":true,"href":"https:\/\/dekkbi.com\/index.php?rest_route=%2Fwp%2Fv2%2Fcomments&post=48377"}],"version-history":[{"count":1,"href":"https:\/\/dekkbi.com\/index.php?rest_route=\/wp\/v2\/posts\/48377\/revisions"}],"predecessor-version":[{"id":48379,"href":"https:\/\/dekkbi.com\/index.php?rest_route=\/wp\/v2\/posts\/48377\/revisions\/48379"}],"wp:featuredmedia":[{"embeddable":true,"href":"https:\/\/dekkbi.com\/index.php?rest_route=\/wp\/v2\/media\/48378"}],"wp:attachment":[{"href":"https:\/\/dekkbi.com\/index.php?rest_route=%2Fwp%2Fv2%2Fmedia&parent=48377"}],"wp:term":[{"taxonomy":"category","embeddable":true,"href":"https:\/\/dekkbi.com\/index.php?rest_route=%2Fwp%2Fv2%2Fcategories&post=48377"},{"taxonomy":"post_tag","embeddable":true,"href":"https:\/\/dekkbi.com\/index.php?rest_route=%2Fwp%2Fv2%2Ftags&post=48377"}],"curies":[{"name":"wp","href":"https:\/\/api.w.org\/{rel}","templated":true}]}}