{"id":48358,"date":"2024-12-11T12:17:04","date_gmt":"2024-12-11T12:17:04","guid":{"rendered":"https:\/\/dekkbi.com\/?p=48358"},"modified":"2024-12-11T12:17:05","modified_gmt":"2024-12-11T12:17:05","slug":"celebration-journee-de-convergence-communautaire-lancs-rend-hommage-aux-mediateurs-et-acteurs-communautaires","status":"publish","type":"post","link":"https:\/\/dekkbi.com\/?p=48358","title":{"rendered":"C\u00e9l\u00e9bration \u2013\u00a0Journ\u00e9e de convergence communautaire: L\u2019Ancs rend hommage aux m\u00e9diateurs et acteurs communautaires"},"content":{"rendered":"\n<p><strong>L\u2019Alliance nationale des communaut\u00e9s pour la sant\u00e9 (Ancs) a c\u00e9l\u00e9br\u00e9 ses 30 ans d\u2019existence hier, lors d\u2019une Journ\u00e9e de convergence communautaire. Ainsi, plus de 200 acteurs de la sant\u00e9 communautaire, venus des diff\u00e9rentes r\u00e9gions du S\u00e9n\u00e9gal, se sont r\u00e9unis pour dresser le bilan d\u2019un engagement sans faille en faveur de la sant\u00e9 publique.<\/strong><\/p>\n\n\n\n<p>La c\u00e9l\u00e9bration des 30 ans de l\u2019Alliance nationale des communaut\u00e9s pour la sant\u00e9 (Ancs) a ressembl\u00e9 \u00e0 un bal d\u2019hommages. R\u00e9unis \u00e0 Dakar, des responsables institutionnels, partenaires internationaux et acteurs de terrain ont salu\u00e9 les efforts constants des m\u00e9diateurs et acteurs communautaires mobilis\u00e9s pour am\u00e9liorer l\u2019acc\u00e8s aux soins et r\u00e9duire les in\u00e9galit\u00e9s dans le syst\u00e8me de sant\u00e9 s\u00e9n\u00e9galais. En effet, cette Journ\u00e9e de convergence a donc offert une belle tribune aux responsables pour encha\u00eener les hommages. Dans son discours, Demba Kon\u00e9, Directeur national de l\u2019Onusida au S\u00e9n\u00e9gal, a soulign\u00e9 l\u2019importance cruciale des m\u00e9diateurs de sant\u00e9,&nbsp;\u00abpremiers points de contact pour ceux qui vivent avec le Vih\u00bb,&nbsp;qui \u0153uvrent non seulement \u00e0 fournir des soins, mais aussi \u00e0 briser les cha\u00eenes de la stigmatisation et de la discrimination.&nbsp;\u00abLeur travail contribue \u00e0 cr\u00e9er des communaut\u00e9s plus inclusives et plus solidaires. Aujourd\u2019hui, nous reconnaissons leurs efforts inlassables pour sensibiliser, \u00e9duquer et accompagner les personnes affect\u00e9es par le Vih. Leur capacit\u00e9 \u00e0 \u00e9tablir des liens de confiance et \u00e0 fournir des soins adapt\u00e9s aux besoins individuels est inestimable. Gr\u00e2ce \u00e0 leur travail, nous faisons des progr\u00e8s significatifs vers un avenir o\u00f9 le Vih ne sera plus une menace pour la sant\u00e9 publique. Votre contribution est essentielle et m\u00e9rite d\u2019\u00eatre c\u00e9l\u00e9br\u00e9e\u00bb,&nbsp;a-t-il d\u00e9clar\u00e9, insistant sur l\u2019importance de valoriser davantage ces acteurs communautaires, qui travaillent souvent dans l\u2019ombre.&nbsp;\u00abContinuons \u00e0 soutenir et \u00e0 valoriser leur travail, car c\u2019est ensemble que nous pourrons vaincre le Vih. Continuons \u00e0 soutenir ces h\u00e9ros du quotidien, \u00e0 promouvoir la sensibilisation et \u00e0 combattre la stigmatisation. Ensemble, nous pouvons et nous allons faire la diff\u00e9rence. Merci \u00e0 tous pour votre engagement. Continuons \u00e0 avancer, main dans la main, vers un avenir meilleur\u00bb,&nbsp;a-t-il lanc\u00e9. Sauf que sur le terrain, les h\u00e9ros en question jonglent souvent entre des moyens insuffisants, des salaires pr\u00e9caires et une reconnaissance institutionnelle qui laisse \u00e0 d\u00e9sirer.<\/p>\n\n\n\n<p>Le r\u00f4le des acteurs communautaires dans la lutte contre les maladies infectieuses chroniques a \u00e9galement \u00e9t\u00e9 mis en avant par Dr Fatou Kin\u00e9 Ndiaye, repr\u00e9sentante du minist\u00e8re de la Sant\u00e9 et de l\u2019action sociale. \u00abNous reconnaissons l\u2019apport des acteurs communautaires dans la lutte contre les pathologies infectieuses chroniques, notamment l\u2019infection \u00e0 Vih, la tuberculose, le paludisme et les h\u00e9patites. Les acteurs communautaires sont incontournables dans la lutte. C\u2019est pourquoi le minist\u00e8re de la Sant\u00e9 tient \u00e0 leur rendre hommage \u00e0 l\u2019occasion de cette Journ\u00e9e de convergence, et leur assurer que c\u2019est seulement ensemble que nous pouvons parvenir \u00e0 l\u2019\u00e9limination de ces trois pathologies\u00bb,&nbsp;a d\u00e9clar\u00e9 Dr Fatou Kin\u00e9 Ndiaye, rappelant que rien n\u2019est acquis dans la lutte contre les pathologies infectieuses.&nbsp;\u00abLa lutte continue, la stigmatisation continue. Donc, rien n\u2019est acquis et nous allons continuer \u00e0 nous battre pour avoir un environnement favorable et continuer \u00e0 donner le service n\u00e9cessaire \u00e0 nos patients demandeurs\u00bb, fait-elle savoir.<\/p>\n\n\n\n<p><strong>Une reconnaissance attendue<\/strong><\/p>\n\n\n\n<p>Massogui Thiandoume, Directeur technique de l\u2019Alliance nationale des communaut\u00e9s pour la sant\u00e9 (Ancs), a, pour sa part, d\u00e9roul\u00e9 un bilan qui se veut flatteur, et accessibilit\u00e9, adaptabilit\u00e9 et portabilit\u00e9 seraient les piliers des actions men\u00e9es. Mais, il n\u2019a pas manqu\u00e9 d\u2019\u00e9voquer les fameux gaps \u00a0que son organisation s\u2019efforce de combler, souvent dans les zones recul\u00e9es o\u00f9 le syst\u00e8me de sant\u00e9 classique brille par son absence.\u00a0\u00abLes acquis, ce sont des communaut\u00e9s tr\u00e8s fortes, engag\u00e9es et mobilis\u00e9es pour r\u00e9pondre aux \u00e9pid\u00e9mies. Les communaut\u00e9s qui travaillent avec l\u2019Ancs, au-del\u00e0 de l\u2019offre de service du syst\u00e8me de sant\u00e9, essaient aussi de compl\u00e9ter les gaps\u00bb,\u00a0a martel\u00e9 Massogui Thiandoume. Alors que les d\u00e9fis sanitaires se multiplient, l\u2019Ancs et ses partenaires plaident pour une reconnaissance accrue des acteurs communautaires dans le syst\u00e8me de sant\u00e9.\u00a0\u00abNous offrons des services l\u00e0 o\u00f9 c\u2019est plus difficile, l\u00e0 o\u00f9, en g\u00e9n\u00e9ral, il y a des difficult\u00e9s d\u2019acc\u00e8s. Et cela, nous le faisons dans un triptyque qui est d\u2019abord l\u2019accessibilit\u00e9, l\u2019adaptabilit\u00e9 de l\u2019offre et aussi la portabilit\u00e9 de l\u2019offre. Les acteurs communautaires m\u00e9ritent d\u2019\u00eatre reconnus et valoris\u00e9s\u00bb,\u00a0esp\u00e8re Massogui Thiandoume, invitant les pouvoirs publics \u00e0 inscrire de mani\u00e8re p\u00e9renne ces efforts dans une vision globale de renforcement des syst\u00e8mes de sant\u00e9.<\/p>\n\n\n\n<p><strong>Par Ousmane SOW \u2013<\/strong> <strong>\u00a0ousmane.sow@lequotidien.sn<\/strong><\/p>\n","protected":false},"excerpt":{"rendered":"<p>L\u2019Alliance nationale des communaut\u00e9s pour la sant\u00e9 (Ancs) a c\u00e9l\u00e9br\u00e9 ses 30 ans d\u2019existence hier, lors d\u2019une Journ\u00e9e de convergence<\/p>\n","protected":false},"author":1,"featured_media":48359,"comment_status":"open","ping_status":"open","sticky":false,"template":"","format":"standard","meta":{"footnotes":""},"categories":[21],"tags":[],"class_list":["post-48358","post","type-post","status-publish","format-standard","has-post-thumbnail","hentry","category-societe"],"_links":{"self":[{"href":"https:\/\/dekkbi.com\/index.php?rest_route=\/wp\/v2\/posts\/48358","targetHints":{"allow":["GET"]}}],"collection":[{"href":"https:\/\/dekkbi.com\/index.php?rest_route=\/wp\/v2\/posts"}],"about":[{"href":"https:\/\/dekkbi.com\/index.php?rest_route=\/wp\/v2\/types\/post"}],"author":[{"embeddable":true,"href":"https:\/\/dekkbi.com\/index.php?rest_route=\/wp\/v2\/users\/1"}],"replies":[{"embeddable":true,"href":"https:\/\/dekkbi.com\/index.php?rest_route=%2Fwp%2Fv2%2Fcomments&post=48358"}],"version-history":[{"count":1,"href":"https:\/\/dekkbi.com\/index.php?rest_route=\/wp\/v2\/posts\/48358\/revisions"}],"predecessor-version":[{"id":48360,"href":"https:\/\/dekkbi.com\/index.php?rest_route=\/wp\/v2\/posts\/48358\/revisions\/48360"}],"wp:featuredmedia":[{"embeddable":true,"href":"https:\/\/dekkbi.com\/index.php?rest_route=\/wp\/v2\/media\/48359"}],"wp:attachment":[{"href":"https:\/\/dekkbi.com\/index.php?rest_route=%2Fwp%2Fv2%2Fmedia&parent=48358"}],"wp:term":[{"taxonomy":"category","embeddable":true,"href":"https:\/\/dekkbi.com\/index.php?rest_route=%2Fwp%2Fv2%2Fcategories&post=48358"},{"taxonomy":"post_tag","embeddable":true,"href":"https:\/\/dekkbi.com\/index.php?rest_route=%2Fwp%2Fv2%2Ftags&post=48358"}],"curies":[{"name":"wp","href":"https:\/\/api.w.org\/{rel}","templated":true}]}}