{"id":48354,"date":"2024-12-11T12:09:19","date_gmt":"2024-12-11T12:09:19","guid":{"rendered":"https:\/\/dekkbi.com\/?p=48354"},"modified":"2024-12-11T13:02:44","modified_gmt":"2024-12-11T13:02:44","slug":"signature-de-convention-entre-le-masae-et-lagra-lafrica-food-dakar-2025-lance","status":"publish","type":"post","link":"https:\/\/dekkbi.com\/?p=48354","title":{"rendered":"Convention entre le Masae et l\u2019Agra : L\u2019Africa Food Dakar 2025 lanc\u00e9"},"content":{"rendered":"\n<p>e Ministre de l\u2019agriculture, de la souverainet\u00e9 alimentaire et de l\u2019\u00e9levage (Masae) et l\u2019Alliance pour une r\u00e9volution verte en Afrique (Agra) ont sign\u00e9 hier une convention marquant l lancement du Forum des syst\u00e8mes alimentaires africains (Afsf) Dakar 2025. Cette signature est intervenue \u00e0 l\u2019occasion de la premi\u00e8re session de la mission pr\u00e9paratoire de l\u2019Afsf \u00e0 la suite de la d\u00e9signation du S\u00e9n\u00e9gal en tant que pays organisateur de l\u2019\u00e9v\u00e9nement. \u00abLe S\u00e9n\u00e9gal a remport\u00e9 de haute lutte la comp\u00e9tition pour organiser le forum (\u2026) Nous sommes l\u00e0 ce matin pour lancer officiellement le d\u00e9but des travaux pr\u00e9paratoires de l\u2019Africa Food 2025, mais aussi pour officialiser le partenariat entre l\u2019Agra et le gouvernement qui va faire l\u2019objet d\u2019un m\u00e9morandum\u00bb, a indiqu\u00e9 le Directeur g\u00e9n\u00e9ral Afrique de l\u2019Ouest de l\u2019Agra, fondant beaucoup d\u2019espoir sur le forum de Dakar. \u00abL\u2019objectif est de promouvoir une autre image d\u2019une Afrique qui se nourrit elle-m\u00eame et qui arrive \u00e0 montrer un autre visage. Transformer l\u2019agriculture, donner de l\u2019emploi aux jeunes, c\u2019est ce que l\u2019Agra fait dans les 15 pays o\u00f9 elle op\u00e8re\u00bb, a-t-il dit.<\/p>\n\n\n\n<p>Mabouba Diagne s\u2019est r\u00e9joui d\u2019un \u00e9v\u00e9nement qui vient \u00e0 point nomm\u00e9, surtout du fait des ambitions du nouveau r\u00e9gime pour l\u2019agriculture. \u00abL\u2019Alliance pour une r\u00e9volution verte et ses partenaires ont choisi notre pays pour abriter le Forum sur les syst\u00e8mes alimentaires pr\u00e9vu en septembre 2025 et pour lequel plus de 6000 participants sont attendus \u00e0 Dakar\u00bb, a-t-il estim\u00e9. \u00abLa c\u00e9r\u00e9monie qui nous r\u00e9unit marque la signature d\u2019un protocole d\u2019entente entre notre minist\u00e8re et l\u2019Alliance pour une r\u00e9volution verte en Afrique, une organisation intercontinentale qui regroupe aujourd\u2019hui 14 pays. Le S\u00e9n\u00e9gal ne peut pas rater cette opportunit\u00e9&nbsp;; nous allons donner le meilleur de nous-m\u00eames pour faire de ce forum un grand succ\u00e8s\u00bb, a-t-il poursuivi. \u00abCe partenariat n\u2019est pas seulement un accord formel, il symbolise notre engagement envers un avenir durable pour une agriculture plus soutenue.<\/p>\n\n\n\n<p>C\u2019est la voie pour transformer notre agriculture\u00bb, a encore not\u00e9 le Masae, selon qui le d\u00e9bat n\u2019est plus consacr\u00e9 \u00e0 la s\u00e9curit\u00e9 alimentaire, mais plut\u00f4t \u00e0 la souverainet\u00e9 alimentaire.<\/p>\n\n\n\n<p>\u00abL\u2019Afrique importe pr\u00e9sentement plus de 30 milliards de dollars Us pour se nourrir. D\u2019ici 2030, si on ne fait rien, si on rate nos objectifs, nous allons devoir nourrir 2 milliards de personnes et continuer \u00e0 importer pr\u00e8s de 100 milliards de dollars Us\u00bb, a-t-il mis en exergue pour souligner l\u2019importance pour le pays de d\u00e9velopper l\u2019agriculture.\u00a0\u00abL\u2019Agra a d\u00e9montr\u00e9 son expertise \u00e0 transformer les syst\u00e8mes alimentaires en Afrique. Ensemble, avec l\u2019Agra, avec les 14 pays partenaires, avec la Cedeao, nous avons l\u2019opportunit\u00e9 de transformer notre secteur agricole en adoptant des pratiques innovantes et durables\u00bb, a insist\u00e9 M. Diagne, qui attend beaucoup du forum de septembre 2025.<\/p>\n\n\n\n<p><strong>Par Alioune Badara NDIAYE (Correspondant) \u2013 abndiaye@lequotidien.sn<\/strong><\/p>\n","protected":false},"excerpt":{"rendered":"<p>e Ministre de l\u2019agriculture, de la souverainet\u00e9 alimentaire et de l\u2019\u00e9levage (Masae) et l\u2019Alliance pour une r\u00e9volution verte en Afrique<\/p>\n","protected":false},"author":1,"featured_media":48355,"comment_status":"open","ping_status":"open","sticky":false,"template":"","format":"standard","meta":{"footnotes":""},"categories":[3],"tags":[],"class_list":["post-48354","post","type-post","status-publish","format-standard","has-post-thumbnail","hentry","category-event-more-news"],"_links":{"self":[{"href":"https:\/\/dekkbi.com\/index.php?rest_route=\/wp\/v2\/posts\/48354","targetHints":{"allow":["GET"]}}],"collection":[{"href":"https:\/\/dekkbi.com\/index.php?rest_route=\/wp\/v2\/posts"}],"about":[{"href":"https:\/\/dekkbi.com\/index.php?rest_route=\/wp\/v2\/types\/post"}],"author":[{"embeddable":true,"href":"https:\/\/dekkbi.com\/index.php?rest_route=\/wp\/v2\/users\/1"}],"replies":[{"embeddable":true,"href":"https:\/\/dekkbi.com\/index.php?rest_route=%2Fwp%2Fv2%2Fcomments&post=48354"}],"version-history":[{"count":2,"href":"https:\/\/dekkbi.com\/index.php?rest_route=\/wp\/v2\/posts\/48354\/revisions"}],"predecessor-version":[{"id":48372,"href":"https:\/\/dekkbi.com\/index.php?rest_route=\/wp\/v2\/posts\/48354\/revisions\/48372"}],"wp:featuredmedia":[{"embeddable":true,"href":"https:\/\/dekkbi.com\/index.php?rest_route=\/wp\/v2\/media\/48355"}],"wp:attachment":[{"href":"https:\/\/dekkbi.com\/index.php?rest_route=%2Fwp%2Fv2%2Fmedia&parent=48354"}],"wp:term":[{"taxonomy":"category","embeddable":true,"href":"https:\/\/dekkbi.com\/index.php?rest_route=%2Fwp%2Fv2%2Fcategories&post=48354"},{"taxonomy":"post_tag","embeddable":true,"href":"https:\/\/dekkbi.com\/index.php?rest_route=%2Fwp%2Fv2%2Ftags&post=48354"}],"curies":[{"name":"wp","href":"https:\/\/api.w.org\/{rel}","templated":true}]}}