{"id":48350,"date":"2024-12-11T11:11:33","date_gmt":"2024-12-11T11:11:33","guid":{"rendered":"https:\/\/dekkbi.com\/?p=48350"},"modified":"2024-12-11T13:03:30","modified_gmt":"2024-12-11T13:03:30","slug":"baisse-du-cout-de-lelectricite-ce-sera-avec-larrivee-du-gaz","status":"publish","type":"post","link":"https:\/\/dekkbi.com\/?p=48350","title":{"rendered":"Baisse de l\u2019\u00e9lectricit\u00e9 avec l\u2019arriv\u00e9e du gaz"},"content":{"rendered":"\n<p><a href=\"https:\/\/lesoleil.sn\/wp-content\/uploads\/2024\/12\/electricite-min.jpg\"><\/a>Lors de la 32e \u00e9dition de la Fidak (Foire internationale de Dakar), la Senelec a organis\u00e9 un panel sous le th\u00e8me \u00ab L\u2019acc\u00e8s universel \u00e0 l\u2019\u00e9lectricit\u00e9, partout et pour tous \u00bb. Cet \u00e9v\u00e9nement a mis en lumi\u00e8re les progr\u00e8s r\u00e9alis\u00e9s dans ce domaine, avec des r\u00e9sultats concrets qui placent le S\u00e9n\u00e9gal en position de r\u00e9f\u00e9rence en mati\u00e8re d\u2019acc\u00e8s \u00e0 l\u2019\u00e9lectricit\u00e9 en Afrique de l\u2019Ouest.<\/p>\n\n\n\n<p>La baisse du co\u00fbt de l\u2019\u00e9lectricit\u00e9 tant attendue par les S\u00e9n\u00e9galais devrait intervenir avec la production de gaz. Une production qui aura selon Djiby Dieng, directeur des \u00e9quipements et r\u00e9seaux de la Senelec, des incidences prometteuses sur le prix de l\u2019\u00e9lectricit\u00e9. \u00ab Si notre gaz arrive, nous allons transformer les nouvelles unit\u00e9s mises en place et le prix de l\u2019\u00e9lectricit\u00e9 va baisser \u00bb, a-t-il promis.<\/p>\n\n\n\n<p>Pour lui, cette baisse de l\u2019\u00e9lectricit\u00e9 interviendra, une fois que le first gaz sera l\u00e0. D\u2019ores et d\u00e9j\u00e0, dans son ambitieux programme \u00ab gaz to power \u00bb, la Senelec a proc\u00e9d\u00e9 \u00e0 un renouvellement de ses installations, notamment les centrales qui fonctionnent au fioul pour qu\u2019elles puissent marcher avec cette nouvelle source d\u2019\u00e9nergie qu\u2019est le gaz.<\/p>\n\n\n\n<p>SOURCE LESOLEIL<\/p>\n","protected":false},"excerpt":{"rendered":"<p>Lors de la 32e \u00e9dition de la Fidak (Foire internationale de Dakar), la Senelec a organis\u00e9 un panel sous le<\/p>\n","protected":false},"author":1,"featured_media":29458,"comment_status":"open","ping_status":"open","sticky":false,"template":"","format":"standard","meta":{"footnotes":""},"categories":[3],"tags":[],"class_list":["post-48350","post","type-post","status-publish","format-standard","has-post-thumbnail","hentry","category-event-more-news"],"_links":{"self":[{"href":"https:\/\/dekkbi.com\/index.php?rest_route=\/wp\/v2\/posts\/48350","targetHints":{"allow":["GET"]}}],"collection":[{"href":"https:\/\/dekkbi.com\/index.php?rest_route=\/wp\/v2\/posts"}],"about":[{"href":"https:\/\/dekkbi.com\/index.php?rest_route=\/wp\/v2\/types\/post"}],"author":[{"embeddable":true,"href":"https:\/\/dekkbi.com\/index.php?rest_route=\/wp\/v2\/users\/1"}],"replies":[{"embeddable":true,"href":"https:\/\/dekkbi.com\/index.php?rest_route=%2Fwp%2Fv2%2Fcomments&post=48350"}],"version-history":[{"count":2,"href":"https:\/\/dekkbi.com\/index.php?rest_route=\/wp\/v2\/posts\/48350\/revisions"}],"predecessor-version":[{"id":48373,"href":"https:\/\/dekkbi.com\/index.php?rest_route=\/wp\/v2\/posts\/48350\/revisions\/48373"}],"wp:featuredmedia":[{"embeddable":true,"href":"https:\/\/dekkbi.com\/index.php?rest_route=\/wp\/v2\/media\/29458"}],"wp:attachment":[{"href":"https:\/\/dekkbi.com\/index.php?rest_route=%2Fwp%2Fv2%2Fmedia&parent=48350"}],"wp:term":[{"taxonomy":"category","embeddable":true,"href":"https:\/\/dekkbi.com\/index.php?rest_route=%2Fwp%2Fv2%2Fcategories&post=48350"},{"taxonomy":"post_tag","embeddable":true,"href":"https:\/\/dekkbi.com\/index.php?rest_route=%2Fwp%2Fv2%2Ftags&post=48350"}],"curies":[{"name":"wp","href":"https:\/\/api.w.org\/{rel}","templated":true}]}}