{"id":48343,"date":"2024-12-11T11:05:34","date_gmt":"2024-12-11T11:05:34","guid":{"rendered":"https:\/\/dekkbi.com\/?p=48343"},"modified":"2024-12-11T11:05:35","modified_gmt":"2024-12-11T11:05:35","slug":"militaires-francais-en-afrique-dakar-abri-provisoire","status":"publish","type":"post","link":"https:\/\/dekkbi.com\/?p=48343","title":{"rendered":"Militaires fran\u00e7ais en Afrique : DAKAR, ABRI PROVISOIRE"},"content":{"rendered":"\n<p><strong>Apr\u00e8s le d\u00e9but de son retrait de Ndjamena, l\u2019Arm\u00e9e fran\u00e7aise ne conservera que ses bases \u00e0 Djibouti, Abidjan, Libreville et Dakar. Jusqu\u2019\u00e0 quand ? Si le Pr\u00e9sident Faye laisse entrouvert un probable d\u00e9part des 350 \u00e9l\u00e9ments bas\u00e9s dans la capitale, la clause de retrait contenue dans le trait\u00e9 de Partenariat en mati\u00e8re de coop\u00e9ration militaire entre les deux pays est claire : \u00abLa partie s\u00e9n\u00e9galaise se r\u00e9serve le droit de demander \u00e0 tout moment le retrait des forces fran\u00e7aises stationn\u00e9es sur son territoire, par notification \u00e9crite envoy\u00e9e six mois avant le retrait. La partie fran\u00e7aise se r\u00e9serve le droit de retirer ses forces \u00e0 tout moment par notification \u00e9crite envoy\u00e9e au moins trois mois avant ce retrait.\u00bb<\/strong><\/p>\n\n\n\n<p>A Ndjamena, les choses n\u2019ont pas tra\u00een\u00e9, avec le d\u00e9but du retrait de l\u2019Arm\u00e9e fran\u00e7aise. C\u2019est dans la journ\u00e9e d\u2019hier que l\u2019Etat-major de l\u2019Arm\u00e9e tchadienne a publi\u00e9 un communiqu\u00e9 pour faire la r\u00e9v\u00e9lation. Aussit\u00f4t apr\u00e8s, la France a d\u00e9cid\u00e9 d\u2019entamer ce retrait apr\u00e8s la rupture des accords de coop\u00e9ration, de d\u00e9fense et de s\u00e9curit\u00e9 annonc\u00e9e par le gouvernement tchadien le 28 novembre dernier, avec le d\u00e9collage de deux des trois mirages de la base a\u00e9rienne d\u2019Adji Kossei \u00e0 13h 15. Ils \u00e9taient accompagn\u00e9s d\u2019un Mrtt et d\u2019un avion de ravitaillement pour rallier la France. C\u2019est une page qui se tourne dans les relations entre la France et le Tchad, qui \u00e9tait \u00abun point d\u2019ancrage important de l\u2019Arm\u00e9e de l\u2019air fran\u00e7aise\u00bb. M\u00eame si l\u2019Arm\u00e9e fran\u00e7aise avait quitt\u00e9 le pays en 1976 \u00e0 la suite d\u2019une d\u00e9nonciation de l\u2019accord par le Pr\u00e9sident F\u00e9lix Malloum, pour finalement revenir la m\u00eame ann\u00e9e et aider \u00e0 emp\u00eacher la progression des rebelles du Front de lib\u00e9ration nationale du Tchad (Frolinat) vers le Sud du pays.<\/p>\n\n\n\n<p>Les autorit\u00e9s tchadiennes empruntent ainsi la route trac\u00e9e par des pays de l\u2019Aes qui ont demand\u00e9 \u00e0 l\u2019Arm\u00e9e fran\u00e7aise de se retirer. Ses militaires ont fait leurs packages pour s\u2019en aller de Bamako, Niamey et Ouagadougou, o\u00f9 la rh\u00e9torique anti-fran\u00e7aise \u00e9tait devenue un cri de r\u00e9sistance apr\u00e8s l\u2019installation de r\u00e9gimes militaires dans ces pays. Les derniers vestiges de la pr\u00e9sence militaire fran\u00e7aise se trouvent \u00e0 Abidjan, Djibouti, Libreville et aussi\u2026 Dakar.<br>Jusqu\u2019\u00e0 quand ?<\/p>\n\n\n\n<p>Pour le S\u00e9n\u00e9gal, le chef de l\u2019Etat a entrouvert la porte de leur d\u00e9part \u00e0 la veille du 80\u00e8me anniversaire de la comm\u00e9moration du massacre de Thiaroye 44. Dans un discours sans \u00e9quivoque, il avait estim\u00e9 que cette pr\u00e9sence \u00abne correspond pas \u00e0 notre conception de la souverainet\u00e9 et de l\u2019ind\u00e9pendance\u00bb. Sans annoncer de d\u00e9lai \u00abpour le moment\u00bb.<\/p>\n\n\n\n<p><strong>Clause de retrait<\/strong><br>Il faut savoir que le dernier accord de Partenariat en mati\u00e8re de coop\u00e9ration militaire entre la R\u00e9publique fran\u00e7aise et la R\u00e9publique du S\u00e9n\u00e9gal a \u00e9t\u00e9 sign\u00e9 le 18 avril 2012 par les pr\u00e9sidents Sarkozy et Macky Sall. Selon les d\u00e9tails de l\u2019accord, le trait\u00e9 est conclu pour une dur\u00e9e de cinq ans. \u00abIl est renouvelable par tacite reconduction pour de nouvelles p\u00e9riodes de cinq ans, \u00e0 moins que l\u2019une des parties notifie \u00e0 l\u2019autre son intention de mettre fin au trait\u00e9 six mois avant son expiration. Les parties peuvent, \u00e0 tout moment et d\u2019un commun accord, amender par \u00e9crit le pr\u00e9sent trait\u00e9. Les modalit\u00e9s d\u2019entr\u00e9e en vigueur des amendements sont celles \u00e9nonc\u00e9es au premier alin\u00e9a du pr\u00e9sent article\u00bb, lit-on dans le document mis en ligne par le gouvernement fran\u00e7ais pour des raisons de transparence.<\/p>\n\n\n\n<p>Evidemment, il est possible \u00e0 chaque partie de revenir sur les modalit\u00e9s du trait\u00e9 : \u00abChaque partie peut d\u00e9noncer le pr\u00e9sent trait\u00e9 par le biais d\u2019une notification \u00e9crite. Cette d\u00e9nonciation prend effet six mois apr\u00e8s r\u00e9ception de la notification par l\u2019autre partie. La d\u00e9nonciation du pr\u00e9sent trait\u00e9 n\u2019affecte pas les droits ou obligations r\u00e9sultant de son ex\u00e9cution pr\u00e9alablement \u00e0 cette d\u00e9nonciation.\u00bb<\/p>\n\n\n\n<p>Il faut savoir que d\u2019autres annexes ont \u00e9t\u00e9 rajout\u00e9es au texte le 7 octobre 2014 durant la Pr\u00e9sidence de Fran\u00e7ois Hollande. Il y a aussi dans l\u2019accord, les facilit\u00e9s accord\u00e9es aux forces fran\u00e7aises stationn\u00e9es ou en transit du p\u00f4le op\u00e9rationnel de coop\u00e9ration \u00e0 vocation r\u00e9gionale, le r\u00e9gime des installations mises \u00e0 disposition des forces fran\u00e7aises stationn\u00e9es ou en transit, les facilit\u00e9s accord\u00e9es aux membres des Forces arm\u00e9es s\u00e9n\u00e9galaises par la partie fran\u00e7aise en mati\u00e8re de formation, d\u2019entra\u00eenement, d\u2019\u00e9quipement, d\u2019escales maritimes et a\u00e9riennes. Sans oublier les facilit\u00e9s acad\u00e9miques accord\u00e9es aux membres des Forces arm\u00e9es s\u00e9n\u00e9galaises par la partie fran\u00e7aise dans le domaine de la formation en France, en mati\u00e8re d\u2019instruction et de formation accord\u00e9es aux membres des Forces arm\u00e9es s\u00e9n\u00e9galaises par la partie fran\u00e7aise au S\u00e9n\u00e9gal\u2026 Mais, le S\u00e9n\u00e9gal avait entam\u00e9 sous Macky une plus grande autonomisation des Forces arm\u00e9es avec des \u00e9coles de formation et de guerre, et l\u2019acquisition de mat\u00e9riels de derni\u00e8re g\u00e9n\u00e9ration comme les patrouilleurs de la Marine nationale. Constitu\u00e9s de 350 militaires, les El\u00e9ments fran\u00e7ais au S\u00e9n\u00e9gal (Efs), qui ont vu le jour le 1er ao\u00fbt 2011, en remplacement des Forces fran\u00e7aises du Cap-Vert (Ffcv), disposent d\u2019une escale a\u00e9rienne \u00e0 l\u2019a\u00e9roport militaire de Dakar-Senghor, d\u2019une station d\u2019\u00e9mission haute fr\u00e9quence de la Direction interarm\u00e9es des r\u00e9seaux d\u2019infrastructures et des syst\u00e8mes d\u2019information (Dirisi) \u00e0 Rufisque. Dans la foul\u00e9e de cette restructuration, Me Wade avait d\u00e9cid\u00e9 d\u2019affecter leurs logements \u00e0 Bel Air, Mermoz et \u00e0 la Cit\u00e9 Claudel aux enseignants du Sup\u00e9rieur et aux officiers de l\u2019Arm\u00e9e nationale.<\/p>\n\n\n\n<p><strong>Par Bocar SAKHO \u2013<\/strong> <strong>bsakho@lequotidien.sn<\/strong><\/p>\n\n\n\n<p><\/p>\n","protected":false},"excerpt":{"rendered":"<p>Apr\u00e8s le d\u00e9but de son retrait de Ndjamena, l\u2019Arm\u00e9e fran\u00e7aise ne conservera que ses bases \u00e0 Djibouti, Abidjan, Libreville et<\/p>\n","protected":false},"author":1,"featured_media":48344,"comment_status":"open","ping_status":"open","sticky":false,"template":"","format":"standard","meta":{"footnotes":""},"categories":[21],"tags":[],"class_list":["post-48343","post","type-post","status-publish","format-standard","has-post-thumbnail","hentry","category-societe"],"_links":{"self":[{"href":"https:\/\/dekkbi.com\/index.php?rest_route=\/wp\/v2\/posts\/48343","targetHints":{"allow":["GET"]}}],"collection":[{"href":"https:\/\/dekkbi.com\/index.php?rest_route=\/wp\/v2\/posts"}],"about":[{"href":"https:\/\/dekkbi.com\/index.php?rest_route=\/wp\/v2\/types\/post"}],"author":[{"embeddable":true,"href":"https:\/\/dekkbi.com\/index.php?rest_route=\/wp\/v2\/users\/1"}],"replies":[{"embeddable":true,"href":"https:\/\/dekkbi.com\/index.php?rest_route=%2Fwp%2Fv2%2Fcomments&post=48343"}],"version-history":[{"count":1,"href":"https:\/\/dekkbi.com\/index.php?rest_route=\/wp\/v2\/posts\/48343\/revisions"}],"predecessor-version":[{"id":48345,"href":"https:\/\/dekkbi.com\/index.php?rest_route=\/wp\/v2\/posts\/48343\/revisions\/48345"}],"wp:featuredmedia":[{"embeddable":true,"href":"https:\/\/dekkbi.com\/index.php?rest_route=\/wp\/v2\/media\/48344"}],"wp:attachment":[{"href":"https:\/\/dekkbi.com\/index.php?rest_route=%2Fwp%2Fv2%2Fmedia&parent=48343"}],"wp:term":[{"taxonomy":"category","embeddable":true,"href":"https:\/\/dekkbi.com\/index.php?rest_route=%2Fwp%2Fv2%2Fcategories&post=48343"},{"taxonomy":"post_tag","embeddable":true,"href":"https:\/\/dekkbi.com\/index.php?rest_route=%2Fwp%2Fv2%2Ftags&post=48343"}],"curies":[{"name":"wp","href":"https:\/\/api.w.org\/{rel}","templated":true}]}}