{"id":48338,"date":"2024-12-11T11:01:38","date_gmt":"2024-12-11T11:01:38","guid":{"rendered":"https:\/\/dekkbi.com\/?p=48338"},"modified":"2024-12-11T13:05:21","modified_gmt":"2024-12-11T13:05:21","slug":"gestion-fonciere-la-grande-reforme-sur-la-decentralisation-annoncee-pour-2025","status":"publish","type":"post","link":"https:\/\/dekkbi.com\/?p=48338","title":{"rendered":"Fonci\u00e8re\u00a0: la grande r\u00e9forme sur la d\u00e9centralisation annonc\u00e9e pour 2025"},"content":{"rendered":"\n<p><a href=\"https:\/\/lesoleil.sn\/wp-content\/uploads\/2024\/12\/reforme-fonciere-min.jpg\"><\/a>L\u2019Association des maires du S\u00e9n\u00e9gal (Ams) a organis\u00e9, les 9 et 10\u00a0d\u00e9cembre, un atelier national sur la gestion fonci\u00e8re. Pr\u00e9sidant cette rencontre, le ministre de l\u2019Urbanisme, des Collectivit\u00e9s territoriales et de l\u2019Am\u00e9nagement des territoires, Moussa Bala Fofana, a annonc\u00e9 la tenue de 12\u00a0rencontres en 2025. L\u2019objectif \u00e9tant de pr\u00e9parer la grande r\u00e9forme sur la d\u00e9centralisation<\/p>\n\n\n\n<p>La probl\u00e9matique de la ges tion du foncier au S\u00e9n\u00e9gal pr\u00e9occupe l\u2019Association des maires du S\u00e9n\u00e9gal (Ams). \u00c0 cet effet, la structure organise, de puis hier, un atelier national de r\u00e9flexion sur les enjeux et d\u00e9fis de la gestion des terres du domaine national. \u00abGouvernance fonci\u00e8re et Vision S\u00e9n\u00e9 gal&nbsp;2050&nbsp;: Vers une gestion durable et inclusive des terroirs\u00bb est le th\u00e8me de ce conclave de deux jours qui r\u00e9unit pr\u00e8s de 200&nbsp;maires. Un th\u00e8me salu\u00e9 par le ministre de l\u2019Urbanisme, des Collectivit\u00e9s territoriales et de l\u2019Am\u00e9nagement des territoires, Moussa Bala Fofana qui a pr\u00e9sid\u00e9 la c\u00e9r\u00e9monie d\u2019ouverture. \u00abLe foncier est au d\u00e9but, parce que c\u2019est le r\u00e9ceptacle \u00e9vident de nos projets et programmes. Il est aussi \u00e0 la fin, car quand nous faisons de l\u2019activit\u00e9 agricole, nous avons cette mission fondamentale d\u2019atteindre la souverainet\u00e9 alimentaire, une des priorit\u00e9s du Gouvernement\u00bb, a d\u00e9clar\u00e9 l\u2019autorit\u00e9. Dans le cadre de la politique de d\u00e9 concentration, il a inform\u00e9 que le minist\u00e8re des Collectivit\u00e9s territoriales va organiser 12&nbsp;ren contres durant l\u2019ann\u00e9e&nbsp;2025. L\u2019objectif \u00e9tant de pr\u00e9parer la grande r\u00e9forme sur la d\u00e9centralisation. \u00abLe foncier est une des questions majeures sur les quelles nous continuons d\u2019organiser une rencontre mensuelle\u00bb.<\/p>\n\n\n\n<p><strong>&nbsp;Pour une gestion rigoureuse du foncier<\/strong><\/p>\n\n\n\n<p>Les \u00e9diles, par la voix de Oumar Ba, pr\u00e9sident de l\u2019Association des maires du S\u00e9n\u00e9gal (Ams), s\u2019engagent \u00e0 se positionner comme des avant-gardistes dans les politiques, pro grammes et strat\u00e9gies. Revenant sur les raisons qui les ont pouss\u00e9s \u00e0 tenir cette rencontre, M. Ba a expliqu\u00e9 que la premi\u00e8re est li\u00e9e au fait que \u00abla gestion fonci\u00e8re est un secteur g\u00e9n\u00e9rateur de beaucoup de conflits\u00bb. La deuxi\u00e8me, a-t-il argu\u00e9, est que \u00able foncier, au jourd\u2019hui, est un enjeu majeur compte tenu du fait que l\u2019Afrique \u00e0 elle seule dispose de plus de 60% des terres cultivables. Ce qui peut susciter des convoitises \u00bb.<\/p>\n\n\n\n<p>Fort de ces difficult\u00e9s, les maires veulent prendre \u00e0 bras le corps la probl\u00e9matique du foncier. Car, justifie le pr\u00e9sident de l\u2019Ams, \u00abnos collectivit\u00e9s territoriales se trouvent \u00e0 la crois\u00e9e des chemins entre les aspirations des populations, les attentes des investisseurs et les exigences de pr\u00e9servation de notre patrimoine naturel et cul turel\u00bb. Cette position, a-t-il estim\u00e9, leur conf\u00e8re \u00abune responsabilit\u00e9 \u00e9minente\u00bb. Toutefois, elle les expose \u00e9galement \u00e0 de nombreux d\u00e9fis. Il s\u2019agit, entre autres, de \u00abl\u2019acc\u00e8s \u00e0 des outils modernes de gestion fonci\u00e8re, notamment des Syst\u00e8mes d\u2019information g\u00e9ographique (Sig) pour un suivi plus pr\u00e9cis et transparent de la lutte contre l\u2019accaparement des terres et les pratiques ill\u00e9gales qui menacent les droits des communaut\u00e9s lo cales\u00bb.<\/p>\n\n\n\n<p>Oumar Ba pense qu\u2019il faut adopter des politiques fon ci\u00e8res inclusives, adapt\u00e9es aux besoins des femmes, des jeunes et des groupes vuln\u00e9rables. Il a aussi plaid\u00e9 pour mobiliser des ressources suffisantes permettant, entre autres, de financer des projets de d\u00e9veloppement territorial. Ces d\u00e9fis \u00e9voqu\u00e9s poussent les maires \u00e0 se positionner \u00ab\u00e0 l\u2019avant-garde des politiques, programmes et strat\u00e9gies prospectives pour \u00eatre \u00e0 la fois des acteurs avertis et responsables, mais \u00e9galement des conseillers de premier plan aux c\u00f4t\u00e9s des d\u00e9cideurs\u00bb, a soulign\u00e9 Oumar Ba.<\/p>\n\n\n\n<p>Un pari qu\u2019ils veulent r\u00e9ussir dans la mesure o\u00f9, selon le pr\u00e9sident de l\u2019Ams, il est important d\u2019avoir \u00abun S\u00e9n\u00e9gal fort, avec des collectivit\u00e9s territoriales fortes, conscientes et impr\u00e9gn\u00e9es de leurs missions au service de leurs populations\u00bb. Pour lui, cela consistera aussi \u00e0 re lever le d\u00e9fi d\u2019une gestion fonci\u00e8re juste, transparente, \u00e9quitable et durable, au b\u00e9n\u00e9fice des g\u00e9n\u00e9rations pr\u00e9sentes et fu tures. Outre les \u00e9lus locaux, des partenaires techniques et financiers, ainsi que des acteurs de la soci\u00e9t\u00e9 civile ont particip\u00e9 \u00e0 la rencontre. Pour le ministre, \u00ables conclusions, les orientations et les recommandations seront appr\u00e9ci\u00e9es \u00e0 leur juste valeur et vers\u00e9es dans l\u2019agenda de transformation\u00bb.<\/p>\n\n\n\n<p><strong>Fatou SY<\/strong> &#8211; LESOLEIL<\/p>\n\n\n\n<p><\/p>\n","protected":false},"excerpt":{"rendered":"<p>L\u2019Association des maires du S\u00e9n\u00e9gal (Ams) a organis\u00e9, les 9 et 10\u00a0d\u00e9cembre, un atelier national sur la gestion fonci\u00e8re. Pr\u00e9sidant<\/p>\n","protected":false},"author":1,"featured_media":48339,"comment_status":"open","ping_status":"open","sticky":false,"template":"","format":"standard","meta":{"footnotes":""},"categories":[3],"tags":[],"class_list":["post-48338","post","type-post","status-publish","format-standard","has-post-thumbnail","hentry","category-event-more-news"],"_links":{"self":[{"href":"https:\/\/dekkbi.com\/index.php?rest_route=\/wp\/v2\/posts\/48338","targetHints":{"allow":["GET"]}}],"collection":[{"href":"https:\/\/dekkbi.com\/index.php?rest_route=\/wp\/v2\/posts"}],"about":[{"href":"https:\/\/dekkbi.com\/index.php?rest_route=\/wp\/v2\/types\/post"}],"author":[{"embeddable":true,"href":"https:\/\/dekkbi.com\/index.php?rest_route=\/wp\/v2\/users\/1"}],"replies":[{"embeddable":true,"href":"https:\/\/dekkbi.com\/index.php?rest_route=%2Fwp%2Fv2%2Fcomments&post=48338"}],"version-history":[{"count":3,"href":"https:\/\/dekkbi.com\/index.php?rest_route=\/wp\/v2\/posts\/48338\/revisions"}],"predecessor-version":[{"id":48376,"href":"https:\/\/dekkbi.com\/index.php?rest_route=\/wp\/v2\/posts\/48338\/revisions\/48376"}],"wp:featuredmedia":[{"embeddable":true,"href":"https:\/\/dekkbi.com\/index.php?rest_route=\/wp\/v2\/media\/48339"}],"wp:attachment":[{"href":"https:\/\/dekkbi.com\/index.php?rest_route=%2Fwp%2Fv2%2Fmedia&parent=48338"}],"wp:term":[{"taxonomy":"category","embeddable":true,"href":"https:\/\/dekkbi.com\/index.php?rest_route=%2Fwp%2Fv2%2Fcategories&post=48338"},{"taxonomy":"post_tag","embeddable":true,"href":"https:\/\/dekkbi.com\/index.php?rest_route=%2Fwp%2Fv2%2Ftags&post=48338"}],"curies":[{"name":"wp","href":"https:\/\/api.w.org\/{rel}","templated":true}]}}