{"id":48334,"date":"2024-12-11T10:58:11","date_gmt":"2024-12-11T10:58:11","guid":{"rendered":"https:\/\/dekkbi.com\/?p=48334"},"modified":"2024-12-11T10:58:12","modified_gmt":"2024-12-11T10:58:12","slug":"renforcement-des-capacites-des-forces-de-lordre-sur-la-carte-brune-cedeao","status":"publish","type":"post","link":"https:\/\/dekkbi.com\/?p=48334","title":{"rendered":"Renforcement des capacit\u00e9s des forces de l&rsquo;ordre sur la Carte Brune CEDEAO"},"content":{"rendered":"\n<p>Selon Abdramane Bert\u00e9, Secr\u00e9taire Ex\u00e9cutif du Bureau National, cette formation s&rsquo;inscrit dans le cadre d&rsquo;un vaste programme de communication autour de la Carte Brune CEDEAO, un outil cl\u00e9 pour assurer la libre circulation des biens et des personnes au sein des \u00c9tats membres. \u00ab La Carte Brune, en tant que garantie extraterritoriale, permet une indemnisation \u00e9quitable des dommages mat\u00e9riels et corporels dans les cas d&rsquo;accidents inter-\u00c9tats \u00bb, a-t-il pr\u00e9cis\u00e9.<\/p>\n\n\n\n<p>Introduite dans sa version digitalis\u00e9e en d\u00e9cembre 2023, la Carte Brune CEDEAO est d\u00e9sormais obligatoire en C\u00f4te d&rsquo;Ivoire. Cependant, une p\u00e9riode de chevauchement entre cartes physiques et digitales a \u00e9t\u00e9 constat\u00e9e en 2024. D\u00e8s le 1er janvier 2025, seule la version digitalis\u00e9e sera reconnue.<\/p>\n\n\n\n<p>Les forces de l&rsquo;ordre, maillons essentiels de ce syst\u00e8me, jouent un r\u00f4le crucial dans la v\u00e9rification de la conformit\u00e9 des v\u00e9hicules \u00e9trangers et locaux. L&rsquo;attestation, automatiquement d\u00e9livr\u00e9e par les assureurs lors de la souscription d&rsquo;une couverture en responsabilit\u00e9 automobile, est obligatoire depuis 2017.<\/p>\n\n\n\n<p>Cette digitalisation marque une avanc\u00e9e significative dans le processus de modernisation des syst\u00e8mes d&rsquo;assurance automobile, consolidant ainsi l&rsquo;int\u00e9gration r\u00e9gionale et le respect des protocoles adopt\u00e9s par les chefs d&rsquo;\u00c9tat et de gouvernement de la CEDEAO.<\/p>\n","protected":false},"excerpt":{"rendered":"<p>Selon Abdramane Bert\u00e9, Secr\u00e9taire Ex\u00e9cutif du Bureau National, cette formation s&rsquo;inscrit dans le cadre d&rsquo;un vaste programme de communication autour<\/p>\n","protected":false},"author":1,"featured_media":48335,"comment_status":"open","ping_status":"open","sticky":false,"template":"","format":"standard","meta":{"footnotes":""},"categories":[21],"tags":[],"class_list":["post-48334","post","type-post","status-publish","format-standard","has-post-thumbnail","hentry","category-societe"],"_links":{"self":[{"href":"https:\/\/dekkbi.com\/index.php?rest_route=\/wp\/v2\/posts\/48334","targetHints":{"allow":["GET"]}}],"collection":[{"href":"https:\/\/dekkbi.com\/index.php?rest_route=\/wp\/v2\/posts"}],"about":[{"href":"https:\/\/dekkbi.com\/index.php?rest_route=\/wp\/v2\/types\/post"}],"author":[{"embeddable":true,"href":"https:\/\/dekkbi.com\/index.php?rest_route=\/wp\/v2\/users\/1"}],"replies":[{"embeddable":true,"href":"https:\/\/dekkbi.com\/index.php?rest_route=%2Fwp%2Fv2%2Fcomments&post=48334"}],"version-history":[{"count":1,"href":"https:\/\/dekkbi.com\/index.php?rest_route=\/wp\/v2\/posts\/48334\/revisions"}],"predecessor-version":[{"id":48336,"href":"https:\/\/dekkbi.com\/index.php?rest_route=\/wp\/v2\/posts\/48334\/revisions\/48336"}],"wp:featuredmedia":[{"embeddable":true,"href":"https:\/\/dekkbi.com\/index.php?rest_route=\/wp\/v2\/media\/48335"}],"wp:attachment":[{"href":"https:\/\/dekkbi.com\/index.php?rest_route=%2Fwp%2Fv2%2Fmedia&parent=48334"}],"wp:term":[{"taxonomy":"category","embeddable":true,"href":"https:\/\/dekkbi.com\/index.php?rest_route=%2Fwp%2Fv2%2Fcategories&post=48334"},{"taxonomy":"post_tag","embeddable":true,"href":"https:\/\/dekkbi.com\/index.php?rest_route=%2Fwp%2Fv2%2Ftags&post=48334"}],"curies":[{"name":"wp","href":"https:\/\/api.w.org\/{rel}","templated":true}]}}