{"id":48286,"date":"2024-12-10T10:38:30","date_gmt":"2024-12-10T10:38:30","guid":{"rendered":"https:\/\/dekkbi.com\/?p=48286"},"modified":"2024-12-10T11:51:47","modified_gmt":"2024-12-10T11:51:47","slug":"listes-de-medias-reconnus-le-cdeps-saisit-la-cour-supreme","status":"publish","type":"post","link":"https:\/\/dekkbi.com\/?p=48286","title":{"rendered":"M\u00e9dias reconnus : Cdeps saisit la Cour supr\u00eame"},"content":{"rendered":"\n<p>Le Conseil des diffuseurs et \u00e9diteurs de presse du S\u00e9n\u00e9gal (Cdeps) a introduit devant la Cour Supr\u00eame des recours pour demander l\u2019annulation des arr\u00eat\u00e9s du ministre de la Communication relatifs \u00e0 la publication de la liste des m\u00e9dias conformes au Code de la presse. Mais ce n\u2019est pas tout, les structures, qui ne figuraient pas sur cette liste \u00abprovisoire\u00bb, avaient 72 heures pour se conformer aux exigences l\u00e9gales. \u00abIl s\u2019av\u00e8re que ce d\u00e9lai de 72 heures, y compris pour les m\u00e9dias qui s\u2019\u00e9taient enregistr\u00e9s et auxquels le minist\u00e8re a envoy\u00e9 des notifications pour compl\u00e9ter le dossier, \u00e9tait court. Le seul probl\u00e8me, c\u2019est que parmi ces notifications-l\u00e0, certaines sont arriv\u00e9es tr\u00e8s tardivement, \u00e0 savoir le jeudi et le vendredi. Et le vendredi d\u00e9j\u00e0, le d\u00e9lai \u00e9tait arriv\u00e9 \u00e0 terme\u00bb, a d\u00e9clar\u00e9 Mamadou Ibra Kane, le pr\u00e9sident du Conseil des diffuseurs et \u00e9diteurs de presse du S\u00e9n\u00e9gal (Cdeps).<\/p>\n\n\n\n<p>Aujourd\u2019hui, poursuit le journaliste, \u00abnous sommes face \u00e0 une situation o\u00f9 le minist\u00e8re de la Communication, au lieu de simplement enregistrer les m\u00e9dias et les entreprises de presse, s\u2019arroge le droit, de mani\u00e8re ill\u00e9gale, de d\u00e9clarer quelle entreprise de presse ou bien quel m\u00e9dia est l\u00e9gal\u00bb. Le patronat de presse parle d\u2019abus de pouvoir et de menace sur la libert\u00e9 de la presse. Suffisant, pour lui, de dire qu\u2019ils vont attaquer ces d\u00e9cisions prises par le minist\u00e8re de la Com\u00admunication. \u00abIl y a d\u00e9j\u00e0 deux arr\u00eat\u00e9s pris par le minist\u00e8re de la Communication en date 29 juillet 2024 et en date 4 octobre 2024\u00bb, a-t-il notamment pr\u00e9cis\u00e9. Cependant, pour le pr\u00e9sident du Cdeps, il y a d\u2019autres actions en justice qu\u2019ils vont intenter \u00e9galement. \u00abCela va bien au-del\u00e0 des comp\u00e9tences du ministre de la Com\u00admunication, et la Constitution du S\u00e9n\u00e9gal, pour pr\u00e9server la libert\u00e9 de presse, a affirm\u00e9 en son article 11 que la cr\u00e9ation d\u2019un m\u00e9dia n\u2019est soumise \u00e0 aucune autorisation\u00bb, a-t-il conclu.<\/p>\n\n\n\n<p>Il faut rappeler qu\u2019une liste provisoire de 112 entreprises de presse, sur 500, a \u00e9t\u00e9 publi\u00e9e le 3 d\u00e9cembre 2024 par le ministre de la Communication, des t\u00e9l\u00e9communications et du num\u00e9rique. Cette d\u00e9cision avait mis en rogne le patronat de presse qui a saisi la Haute juridiction.<br><strong>Le Conseil des diffuseurs et \u00e9diteurs de presse du S\u00e9n\u00e9gal (Cdeps) a introduit devant la Cour Supr\u00eame des recours pour demander l\u2019annulation des arr\u00eat\u00e9s du ministre de la Communication relatifs \u00e0 la publication de la liste des m\u00e9dias conformes au Code de la presse. Le patronat de la presse parle d\u2019abus de pouvoir et de menace sur la libert\u00e9 de la presse.<\/strong><\/p>\n\n\n\n<p><strong>Par Ousmane SOW \u2013<\/strong>  <strong>Ousmane.Sow@lequotidien.sn<\/strong><\/p>\n","protected":false},"excerpt":{"rendered":"<p>Le Conseil des diffuseurs et \u00e9diteurs de presse du S\u00e9n\u00e9gal (Cdeps) a introduit devant la Cour Supr\u00eame des recours pour<\/p>\n","protected":false},"author":1,"featured_media":48287,"comment_status":"open","ping_status":"open","sticky":false,"template":"","format":"standard","meta":{"footnotes":""},"categories":[3],"tags":[],"class_list":["post-48286","post","type-post","status-publish","format-standard","has-post-thumbnail","hentry","category-event-more-news"],"_links":{"self":[{"href":"https:\/\/dekkbi.com\/index.php?rest_route=\/wp\/v2\/posts\/48286","targetHints":{"allow":["GET"]}}],"collection":[{"href":"https:\/\/dekkbi.com\/index.php?rest_route=\/wp\/v2\/posts"}],"about":[{"href":"https:\/\/dekkbi.com\/index.php?rest_route=\/wp\/v2\/types\/post"}],"author":[{"embeddable":true,"href":"https:\/\/dekkbi.com\/index.php?rest_route=\/wp\/v2\/users\/1"}],"replies":[{"embeddable":true,"href":"https:\/\/dekkbi.com\/index.php?rest_route=%2Fwp%2Fv2%2Fcomments&post=48286"}],"version-history":[{"count":2,"href":"https:\/\/dekkbi.com\/index.php?rest_route=\/wp\/v2\/posts\/48286\/revisions"}],"predecessor-version":[{"id":48328,"href":"https:\/\/dekkbi.com\/index.php?rest_route=\/wp\/v2\/posts\/48286\/revisions\/48328"}],"wp:featuredmedia":[{"embeddable":true,"href":"https:\/\/dekkbi.com\/index.php?rest_route=\/wp\/v2\/media\/48287"}],"wp:attachment":[{"href":"https:\/\/dekkbi.com\/index.php?rest_route=%2Fwp%2Fv2%2Fmedia&parent=48286"}],"wp:term":[{"taxonomy":"category","embeddable":true,"href":"https:\/\/dekkbi.com\/index.php?rest_route=%2Fwp%2Fv2%2Fcategories&post=48286"},{"taxonomy":"post_tag","embeddable":true,"href":"https:\/\/dekkbi.com\/index.php?rest_route=%2Fwp%2Fv2%2Ftags&post=48286"}],"curies":[{"name":"wp","href":"https:\/\/api.w.org\/{rel}","templated":true}]}}