{"id":48276,"date":"2024-12-10T10:25:42","date_gmt":"2024-12-10T10:25:42","guid":{"rendered":"https:\/\/dekkbi.com\/?p=48276"},"modified":"2024-12-10T10:26:06","modified_gmt":"2024-12-10T10:26:06","slug":"defis-sanitaires-du-futur-le-senegal-fier-de-compter-sur-linstitut-pasteur-de-dakar-ibrahima-sy-ministre","status":"publish","type":"post","link":"https:\/\/dekkbi.com\/?p=48276","title":{"rendered":"D\u00e9fis sanitaires du futur : Le S\u00e9n\u00e9gal, \u00ab fier de compter sur l\u2019Institut Pasteur de Dakar \u00bb"},"content":{"rendered":"\n<h3 class=\"wp-block-heading\">(APS) &#8211; Le ministre de la Sant\u00e9 et de l\u2019Action sociale, Ibrahima Sy, a exprim\u00e9 la fiert\u00e9 du S\u00e9n\u00e9gal de \u2018\u2019pouvoir compter\u2019\u2019 sur l\u2019Institut Pasteur de Dakar (IPD), dans ses efforts visant \u00e0 relever \u2018\u2019les d\u00e9fis sanitaires \u00e0 venir\u2019\u2019. <\/h3>\n\n\n\n<p>\u00ab\u00a0<em>Nous sommes conscients que les d\u00e9fis sanitaires \u00e0 venir, exigeront des r\u00e9ponses innovantes, une collaboration renforc\u00e9e et un investissement accru dans la recherche et la gestion sanitaires. Le S\u00e9n\u00e9gal est fier de pouvoir compter sur l\u2019Institut Pasteur, pour accompagner cette dynamique<\/em>\u2019\u2019, a-t-il d\u00e9clar\u00e9.<\/p>\n\n\n\n<p>Le ministre prenait part \u00e0 la c\u00e9r\u00e9monie de lancement des activit\u00e9s marquant la c\u00e9l\u00e9bration du centenaire de l\u2019Institut Pasteur de Dakar.<\/p>\n\n\n\n<p>Pour aider le S\u00e9n\u00e9gal \u00e0 faire face aux d\u00e9fis, a-t-il dit, il est attendu de l\u2019IPD, le d\u00e9veloppement local de vaccins et de technologies de diagnostic, qui sont essentiels pour asseoir la souverainet\u00e9 sanitaire du continent africain.<\/p>\n\n\n\n<p>\u2018\u2019<em>En c\u00e9l\u00e9brant ce centenaire, les autorit\u00e9s s\u00e9n\u00e9galaises, \u00e0 travers Son Excellence, le Pr\u00e9sident Bassirou Diomaye Diakhar Faye et son Premier Ministre, Ousmane Sonko, s\u2019engagent \u00e0 b\u00e2tir un syst\u00e8me de sant\u00e9 inclusif, r\u00e9silient, \u00e9quitable et contributif au recueil sanitaire universel<\/em>\u2019\u2019, a soulign\u00e9 Ibrahima Sy.<\/p>\n\n\n\n<p>Cet anniversaire offre aussi l\u2019occasion de r\u00e9fl\u00e9chir sur l\u2019avenir et la contribution des scientifiques \u00e0 la mat\u00e9rialisation du changement syst\u00e9mique pr\u00f4n\u00e9 par le nouveau r\u00e9f\u00e9rentiel des politiques publiques, Vision S\u00e9n\u00e9gal 2050.<\/p>\n\n\n\n<p>\u2018\u2019<em>Votre engagement est une preuve que la sant\u00e9 est un bien commun, qui transcende les fronti\u00e8res et que seule une solidarit\u00e9 mondiale permettra de relever les d\u00e9fis de notre \u00e9poque<\/em>\u2019\u2019, a dit Ibrahima Sy.<\/p>\n\n\n\n<p>Il a invit\u00e9 les chercheurs, les d\u00e9cideurs et autres professionnels de la sant\u00e9, \u00e0 \u2018\u2019<em>faire davantage preuve de solidarit\u00e9, de g\u00e9n\u00e9rosit\u00e9 et d\u2019ouverture, pour la cr\u00e9ation de r\u00e9seaux collaboratifs<\/em>\u2019\u2019, afin de produire des savoirs qui contribuent \u00e0 acc\u00e9l\u00e9rer l\u2019\u00e9limination des maladies.<\/p>\n\n\n\n<p>Selon le sp\u00e9cialiste de la g\u00e9ographe de la sant\u00e9, l\u2019Institut Pasteur de Dakar continue de jouer un r\u00f4le crucial dans la recherche sur les maladies \u00e9mergentes.<\/p>\n\n\n\n<p>Il a cit\u00e9 \u00e0 cet \u00e9gard, \u2018\u2019<em>le d\u00e9veloppement de solutions vaccinales adapt\u00e9es \u00e0 notre contexte, la formation d\u2019une nouvelle g\u00e9n\u00e9ration de chercheurs africains, la coop\u00e9ration scientifique internationale, la surveillance et la biologie<\/em>\u2019\u2019.<\/p>\n\n\n\n<p>Le travail accompli par les valeureux patriotes et acteurs de d\u00e9veloppement, est une source \u2018\u2019<em>d\u2019inspiration et d\u2019espoir<\/em>\u2019\u2019, pour les g\u00e9n\u00e9rations \u00e0 venir, a lou\u00e9 le ministre de la Sant\u00e9.<\/p>\n\n\n\n<p>Il a r\u00e9it\u00e9r\u00e9 l\u2019engagement du minist\u00e8re de la Sant\u00e9 et de l\u2019Action sociale, \u00e0 soutenir toutes les initiatives qui contribuent \u00e0 consolider les activit\u00e9s de l\u2019Institut Pasteur de Dakar et \u00e0 l\u2019accompagner dans son ambition d\u2019\u00eatre un p\u00f4le d\u2019excellence mondial.<br><\/p>\n","protected":false},"excerpt":{"rendered":"<p>(APS) &#8211; Le ministre de la Sant\u00e9 et de l\u2019Action sociale, Ibrahima Sy, a exprim\u00e9 la fiert\u00e9 du S\u00e9n\u00e9gal de<\/p>\n","protected":false},"author":1,"featured_media":48277,"comment_status":"open","ping_status":"open","sticky":false,"template":"","format":"standard","meta":{"footnotes":""},"categories":[21],"tags":[],"class_list":["post-48276","post","type-post","status-publish","format-standard","has-post-thumbnail","hentry","category-societe"],"_links":{"self":[{"href":"https:\/\/dekkbi.com\/index.php?rest_route=\/wp\/v2\/posts\/48276","targetHints":{"allow":["GET"]}}],"collection":[{"href":"https:\/\/dekkbi.com\/index.php?rest_route=\/wp\/v2\/posts"}],"about":[{"href":"https:\/\/dekkbi.com\/index.php?rest_route=\/wp\/v2\/types\/post"}],"author":[{"embeddable":true,"href":"https:\/\/dekkbi.com\/index.php?rest_route=\/wp\/v2\/users\/1"}],"replies":[{"embeddable":true,"href":"https:\/\/dekkbi.com\/index.php?rest_route=%2Fwp%2Fv2%2Fcomments&post=48276"}],"version-history":[{"count":2,"href":"https:\/\/dekkbi.com\/index.php?rest_route=\/wp\/v2\/posts\/48276\/revisions"}],"predecessor-version":[{"id":48279,"href":"https:\/\/dekkbi.com\/index.php?rest_route=\/wp\/v2\/posts\/48276\/revisions\/48279"}],"wp:featuredmedia":[{"embeddable":true,"href":"https:\/\/dekkbi.com\/index.php?rest_route=\/wp\/v2\/media\/48277"}],"wp:attachment":[{"href":"https:\/\/dekkbi.com\/index.php?rest_route=%2Fwp%2Fv2%2Fmedia&parent=48276"}],"wp:term":[{"taxonomy":"category","embeddable":true,"href":"https:\/\/dekkbi.com\/index.php?rest_route=%2Fwp%2Fv2%2Fcategories&post=48276"},{"taxonomy":"post_tag","embeddable":true,"href":"https:\/\/dekkbi.com\/index.php?rest_route=%2Fwp%2Fv2%2Ftags&post=48276"}],"curies":[{"name":"wp","href":"https:\/\/api.w.org\/{rel}","templated":true}]}}