{"id":4827,"date":"2022-12-15T16:51:08","date_gmt":"2022-12-15T16:51:08","guid":{"rendered":"https:\/\/dekkbi.com\/?p=4827"},"modified":"2022-12-15T16:51:10","modified_gmt":"2022-12-15T16:51:10","slug":"arrestation-des-deux-deputes-du-pur-yaw-bande-les-muscles","status":"publish","type":"post","link":"https:\/\/dekkbi.com\/?p=4827","title":{"rendered":"Arrestation des deux d\u00e9put\u00e9s du Pur : Yaw bande les muscles"},"content":{"rendered":"\n<p><strong>L\u2019opposition n\u2019entend pas laisser le patron de Benno bokk yaakaar briguer un 3\u00e8me mandat m\u00eame si le principal int\u00e9ress\u00e9 ne s\u2019est pas encore d\u00e9cid\u00e9. Sonko et compagnie attendent de pied ferme Macky Sall. \u00abNous ferons face proportionnellement \u00e0 ses actes\u00bb, a affirm\u00e9 Ousmane Sonko. Qui se pr\u00e9pare d\u2019ores et d\u00e9j\u00e0 \u00e0 diriger un \u00abpays stable\u00bb dans 14 mois.<\/strong><\/p>\n\n\n\n<p><strong>Par Malick GAYE \u2013&nbsp;<\/strong>La sortie de Macky Sall dans le New York times n\u2019a pas laiss\u00e9 l\u2019opposition indiff\u00e9rente. La coalition Yewwi askan wi a apport\u00e9 la r\u00e9plique au patron de Benno bokk yaakaar. \u00abC\u2019est plus simple de d\u00e9velopper un pays en paix plut\u00f4t qu\u2019un pays divis\u00e9 par des conflits. Nous ne souhaitons pas diriger un pays en conflit. On sait ce que Macky souhaite, mais qu\u2019il sache qu\u2019on ne le laissera pas faire. Nous ferons face proportionnellement \u00e0 ses actes. Il nous reste 14 mois avant de diriger le pays. On est pr\u00eat \u00e0 mettre notre vie en jeu, que les S\u00e9n\u00e9galais se pr\u00e9parent. Que chacun assume ses responsabilit\u00e9s. Un grand rassemblement, un concert de casseroles\u00bb, a d\u00e9clar\u00e9 Ousmane Sonko lors de la Conf\u00e9rence des leaders de Yaw hier. Pour le pr\u00e9sident des Patriotes, la question d\u2019une 3\u00e8me candidature de Macky Sall ne se pose pas. C\u2019est la m\u00eame logique que D\u00e9thi\u00e9 Fall a adopt\u00e9e. \u00abLe 3\u00e8me mandat est une question de droit, ce n\u2019est pas \u00e0 Macky Sall de l\u2019extirper. Il est all\u00e9 aux Usa pour le dire, on l\u2019attend au S\u00e9n\u00e9gal pour lui r\u00e9pondre\u00bb, a affirm\u00e9 le mandataire de Yaw.<\/p>\n\n\n\n<p><strong>Yaw d\u00e9nonce une violation de la loi\u00a0<\/strong><br>Par ailleurs, la Conf\u00e9rence des leaders de Yaw s\u2019est longuement \u00e9panch\u00e9e sur l\u2019arrestation des d\u00e9put\u00e9s Massata Samb et Mamadou Niang du Pur suite \u00e0 la bagarre avec leur coll\u00e8gue Amy Ndiaye. Pour l\u2019opposition, les Forces de l\u2019ordre n\u2019ont pas le droit d\u2019interpeller des d\u00e9put\u00e9s sans que l\u2019Assembl\u00e9e nationale n\u2019ait lev\u00e9 leur immunit\u00e9 parlementaire. Par cons\u00e9quent, elle estime que c\u2019est une man\u0153uvre politique visant \u00e0 les priver de vote pour la motion de censure d\u00e9pos\u00e9e \u00abcontre le gouvernement de combat\u00bb. \u00abPourquoi on nous refuserait le droit de r\u00e9pondre ? C\u2019est Macky, le premier, qui a vers\u00e9 dans la violence. N\u2019a-t-il pas envoy\u00e9 des gens \u00e0 l\u2019Assembl\u00e9e nationale pour nous insulter. Ils le faisaient en commission maintenant ils le font en pl\u00e9ni\u00e8re et les m\u00e9dias sont t\u00e9moins. Mais \u00e7a personne n\u2019en parle. Macky Sall n\u2019a-t-il pas dit que c\u2019est lui qui a bloqu\u00e9 le fonds de dotation pour je ne sais quelle raison alors qu\u2019il n\u2019en a pas le droit. Il veut m\u00eame nous priver de la libert\u00e9 d\u2019association en \u00e9voquant l\u2019association des maires\u00bb, a estim\u00e9 Ousmane Sonko. Pour Cheikh Tidiane Youm, Macky veut \u00abd\u00e9manteler le Pur. Mais c\u2019est peine perdue. Il va nous trouver sur son chemin\u00bb.<br>Par ailleurs, l\u2019opposition a annonc\u00e9 2 enqu\u00eates parlementaires sur la gestion du Fonds Force Covid-19 et sur les \u00abassassinats de mars\u00bb 2021.<\/p>\n\n\n\n<p><br>D\u2019apr\u00e8s Ousmane Sonko, Macky Sall \u00abest en train de trouver les voies et moyens pour d\u00e9choir Barth de ses mandats de maire de Dakar et de d\u00e9put\u00e9. On l\u2019attend. Qu\u2019il essaie pour voir\u00bb.<\/p>\n\n\n\n<p><br><strong>mgaye@lequotidien.sn<\/strong><\/p>\n","protected":false},"excerpt":{"rendered":"<p>L\u2019opposition n\u2019entend pas laisser le patron de Benno bokk yaakaar briguer un 3\u00e8me mandat m\u00eame si le principal int\u00e9ress\u00e9 ne<\/p>\n","protected":false},"author":1,"featured_media":2221,"comment_status":"open","ping_status":"open","sticky":false,"template":"","format":"standard","meta":{"footnotes":""},"categories":[6],"tags":[],"class_list":["post-4827","post","type-post","status-publish","format-standard","has-post-thumbnail","hentry","category-politics"],"_links":{"self":[{"href":"https:\/\/dekkbi.com\/index.php?rest_route=\/wp\/v2\/posts\/4827","targetHints":{"allow":["GET"]}}],"collection":[{"href":"https:\/\/dekkbi.com\/index.php?rest_route=\/wp\/v2\/posts"}],"about":[{"href":"https:\/\/dekkbi.com\/index.php?rest_route=\/wp\/v2\/types\/post"}],"author":[{"embeddable":true,"href":"https:\/\/dekkbi.com\/index.php?rest_route=\/wp\/v2\/users\/1"}],"replies":[{"embeddable":true,"href":"https:\/\/dekkbi.com\/index.php?rest_route=%2Fwp%2Fv2%2Fcomments&post=4827"}],"version-history":[{"count":1,"href":"https:\/\/dekkbi.com\/index.php?rest_route=\/wp\/v2\/posts\/4827\/revisions"}],"predecessor-version":[{"id":4828,"href":"https:\/\/dekkbi.com\/index.php?rest_route=\/wp\/v2\/posts\/4827\/revisions\/4828"}],"wp:featuredmedia":[{"embeddable":true,"href":"https:\/\/dekkbi.com\/index.php?rest_route=\/wp\/v2\/media\/2221"}],"wp:attachment":[{"href":"https:\/\/dekkbi.com\/index.php?rest_route=%2Fwp%2Fv2%2Fmedia&parent=4827"}],"wp:term":[{"taxonomy":"category","embeddable":true,"href":"https:\/\/dekkbi.com\/index.php?rest_route=%2Fwp%2Fv2%2Fcategories&post=4827"},{"taxonomy":"post_tag","embeddable":true,"href":"https:\/\/dekkbi.com\/index.php?rest_route=%2Fwp%2Fv2%2Ftags&post=4827"}],"curies":[{"name":"wp","href":"https:\/\/api.w.org\/{rel}","templated":true}]}}