{"id":48268,"date":"2024-12-10T10:15:57","date_gmt":"2024-12-10T10:15:57","guid":{"rendered":"https:\/\/dekkbi.com\/?p=48268"},"modified":"2024-12-10T10:19:00","modified_gmt":"2024-12-10T10:19:00","slug":"kaolack-cette-posture-face-a-cette-crise-qui-sevit-a-lussein-montre-une-fois-de-plus-que-lenseignement-superieur-nest-pas-une-priorite-pour-nos-autorites-coor","status":"publish","type":"post","link":"https:\/\/dekkbi.com\/?p=48268","title":{"rendered":"Kaolack : \u00abCette posture face \u00e0 cette crise qui s\u00e9vit \u00e0 l\u2019Ussein montre une fois de plus que l\u2019enseignement sup\u00e9rieur n\u2019est pas une priorit\u00e9 pour nos autorit\u00e9s\u00bb"},"content":{"rendered":"\n<p>Les difficiles p\u00e9riodes que traverse l\u2019Universit\u00e9 du Sine Saloum El H\u00e2dji Ibrahima Niass (Ussein) inqui\u00e8tent de jour en jour la communaut\u00e9 universitaire dudit temple du savoir. Dans un communiqu\u00e9 parcouru par dakaractu, &nbsp;la communaut\u00e9 universitaire et particuli\u00e8rement le Syndicat autonome des enseignants du sup\u00e9rieur (Saes) d\u00e9plore \u00able retard accus\u00e9 dans la reprise des activit\u00e9s p\u00e9dagogiques \u00e0 l\u2019Ussein et s\u2019indigne du mutisme assourdissant des autorit\u00e9s sur la question, mais surtout de la l\u00e9thargie du gouvernement dans la recherche de solutions d\u2019urgence pour sauver cette reprise afin de juguler l\u2019accumulation des retards pour un retour \u00e0 la situation normale\u00bb.<\/p>\n\n\n\n<p>D\u2019apr\u00e8s le document, \u00abmalgr\u00e9 l\u2019\u00e9tat d\u2019avancement des chantiers \u00e0 l\u2019Ussein, qui ne n\u00e9cessitent que peu d\u2019efforts pour \u00eatre livr\u00e9s, nos autorit\u00e9s universitaires optent toujours pour des solutions faciles et peu durables (r\u00e9paration des locaux pr\u00eat\u00e9s mena\u00e7ant ruine) aux risques et p\u00e9rils des usagers (enseignants, \u00e9tudiants et PATS)\u00bb.&nbsp;<\/p>\n\n\n\n<p>Et de pr\u00e9ciser&nbsp;: \u00abCette posture face \u00e0 cette crise qui s\u00e9vit \u00e0 l\u2019Ussein, poursuit le communiqu\u00e9, montre une fois de plus que l\u2019enseignement sup\u00e9rieur n\u2019est pas une priorit\u00e9 pour nos autorit\u00e9s qui pourtant chantent \u00aburbi et orbi\u00bb que leur objectif principal est le retour \u00e0 un calendrier acad\u00e9mique normal pour un enseignement sup\u00e9rieur rayonnant\u00bb. En effet, depuis pr\u00e8s de six ans, l\u2019Ussein ne cesse d\u2019enregistrer des retards conc\u00e9d\u00e9s et les lenteurs pour \u00abla reprise des activit\u00e9s p\u00e9dagogiques 2024 \u00e0 l\u2019Ussein est un coup dur qui risque d\u2019an\u00e9antir les nombreux efforts et sacrifices consentis par la communaut\u00e9 universitaire\u00bb.<\/p>\n\n\n\n<p>Cependant, la coordination Saes-Ussein qui compte aller jusqu\u2019au bout de son combat informe l\u2019opinion publique nationale et internationale que \u00abce retard, avec les nombreuses cons\u00e9quences qui peuvent en d\u00e9couler, est imputable aux errements des autorit\u00e9s en charge de l\u2019enseignement sup\u00e9rieur qui endosseront toute la responsabilit\u00e9\u00bb.<\/p>\n\n\n\n<p>SOURCE DAKARACTU<\/p>\n","protected":false},"excerpt":{"rendered":"<p>Les difficiles p\u00e9riodes que traverse l\u2019Universit\u00e9 du Sine Saloum El H\u00e2dji Ibrahima Niass (Ussein) inqui\u00e8tent de jour en jour la<\/p>\n","protected":false},"author":1,"featured_media":48269,"comment_status":"open","ping_status":"open","sticky":false,"template":"","format":"standard","meta":{"footnotes":""},"categories":[26],"tags":[],"class_list":["post-48268","post","type-post","status-publish","format-standard","has-post-thumbnail","hentry","category-fait-divers"],"_links":{"self":[{"href":"https:\/\/dekkbi.com\/index.php?rest_route=\/wp\/v2\/posts\/48268","targetHints":{"allow":["GET"]}}],"collection":[{"href":"https:\/\/dekkbi.com\/index.php?rest_route=\/wp\/v2\/posts"}],"about":[{"href":"https:\/\/dekkbi.com\/index.php?rest_route=\/wp\/v2\/types\/post"}],"author":[{"embeddable":true,"href":"https:\/\/dekkbi.com\/index.php?rest_route=\/wp\/v2\/users\/1"}],"replies":[{"embeddable":true,"href":"https:\/\/dekkbi.com\/index.php?rest_route=%2Fwp%2Fv2%2Fcomments&post=48268"}],"version-history":[{"count":2,"href":"https:\/\/dekkbi.com\/index.php?rest_route=\/wp\/v2\/posts\/48268\/revisions"}],"predecessor-version":[{"id":48272,"href":"https:\/\/dekkbi.com\/index.php?rest_route=\/wp\/v2\/posts\/48268\/revisions\/48272"}],"wp:featuredmedia":[{"embeddable":true,"href":"https:\/\/dekkbi.com\/index.php?rest_route=\/wp\/v2\/media\/48269"}],"wp:attachment":[{"href":"https:\/\/dekkbi.com\/index.php?rest_route=%2Fwp%2Fv2%2Fmedia&parent=48268"}],"wp:term":[{"taxonomy":"category","embeddable":true,"href":"https:\/\/dekkbi.com\/index.php?rest_route=%2Fwp%2Fv2%2Fcategories&post=48268"},{"taxonomy":"post_tag","embeddable":true,"href":"https:\/\/dekkbi.com\/index.php?rest_route=%2Fwp%2Fv2%2Ftags&post=48268"}],"curies":[{"name":"wp","href":"https:\/\/api.w.org\/{rel}","templated":true}]}}