{"id":48264,"date":"2024-12-10T10:13:22","date_gmt":"2024-12-10T10:13:22","guid":{"rendered":"https:\/\/dekkbi.com\/?p=48264"},"modified":"2024-12-10T11:53:52","modified_gmt":"2024-12-10T11:53:52","slug":"kolda-notre-vision-de-batir-ensemble-le-senegal-de-demain-traduit-notre-orientation-strategique-mame-thierno-aidara-president-du-mids","status":"publish","type":"post","link":"https:\/\/dekkbi.com\/?p=48264","title":{"rendered":"KOLDA: \u00ab Notre vision de b\u00e2tir ensemble le S\u00e9n\u00e9gal de demain traduit notre orientation strat\u00e9gique\u2026 \u00bb"},"content":{"rendered":"\n<p>Le mouvement de l\u2019innovation pour le d\u00e9veloppement du S\u00e9n\u00e9gal vient de d\u00e9cliner ses objectifs pour une soci\u00e9t\u00e9 \u00e9panouie. Initi\u00e9e \u00e0 Kolda, le mouvement compte accompagner le d\u00e9veloppement territorial dans diverses activit\u00e9s porteuses dans une innovation encadr\u00e9e. Ainsi, c\u2019est une occasion saisie par son pr\u00e9sident Mame Thierno A\u00efdara qui&nbsp; souhaite \u00e0 travers leur vision, traduire leur volont\u00e9 de transformation structurelle pour un d\u00e9veloppement endog\u00e8ne. C\u2019est pourquoi, ce mouvement se veut r\u00e9el et r\u00e9aliste pour \u00e9viter les \u00e9checs en pla\u00e7ant l\u2019homme au centre de ses pr\u00e9occupations.<\/p>\n\n\n\n<p>\u00c0 l\u2019en croire, \u00ab&nbsp;notre vision \u00ab&nbsp;b\u00e2tir ensemble le S\u00e9n\u00e9gal de demain \u00bb traduit notre orientation strat\u00e9gique pour fournir aux hommes et aux femmes les outils n\u00e9cessaires pour une transformation structurelle.&nbsp;\u00bb<\/p>\n\n\n\n<p>Dans la foul\u00e9e, il pr\u00e9cise : \u00ab&nbsp;les interventions du mouvement s\u2019inscrivent \u00e9galement dans l\u2019accompagnement de la politique \u00e9conomique du gouvernement du S\u00e9n\u00e9gal. \u00c0 cet effet, on va travailler avec les autorit\u00e9s comp\u00e9tentes&nbsp; et les services gouvernementaux pour maximiser l\u2019impact des actions et des ressources aupr\u00e8s des populations.&nbsp;\u00bb<\/p>\n\n\n\n<p>Selon lui, \u00ab&nbsp;le mouvement a pour objectif de promouvoir des solutions innovantes faces aux d\u00e9fis sociaux, \u00e9conomiques et environnementaux du pays. Ainsi, il vise \u00e0 renforcer les capacit\u00e9s locales et \u00e0 encourager l\u2019innovation dans les secteurs de l\u2019agriculture, de l\u2019\u00e9nergie, de la sant\u00e9&nbsp; de l\u2019\u00e9ducation, de la gestion des d\u00e9chets entre autres\u2026&nbsp;\u00bb<\/p>\n\n\n\n<p>SOURCE DAKARACTU<\/p>\n","protected":false},"excerpt":{"rendered":"<p>Le mouvement de l\u2019innovation pour le d\u00e9veloppement du S\u00e9n\u00e9gal vient de d\u00e9cliner ses objectifs pour une soci\u00e9t\u00e9 \u00e9panouie. Initi\u00e9e \u00e0<\/p>\n","protected":false},"author":1,"featured_media":48265,"comment_status":"open","ping_status":"open","sticky":false,"template":"","format":"standard","meta":{"footnotes":""},"categories":[3],"tags":[],"class_list":["post-48264","post","type-post","status-publish","format-standard","has-post-thumbnail","hentry","category-event-more-news"],"_links":{"self":[{"href":"https:\/\/dekkbi.com\/index.php?rest_route=\/wp\/v2\/posts\/48264","targetHints":{"allow":["GET"]}}],"collection":[{"href":"https:\/\/dekkbi.com\/index.php?rest_route=\/wp\/v2\/posts"}],"about":[{"href":"https:\/\/dekkbi.com\/index.php?rest_route=\/wp\/v2\/types\/post"}],"author":[{"embeddable":true,"href":"https:\/\/dekkbi.com\/index.php?rest_route=\/wp\/v2\/users\/1"}],"replies":[{"embeddable":true,"href":"https:\/\/dekkbi.com\/index.php?rest_route=%2Fwp%2Fv2%2Fcomments&post=48264"}],"version-history":[{"count":2,"href":"https:\/\/dekkbi.com\/index.php?rest_route=\/wp\/v2\/posts\/48264\/revisions"}],"predecessor-version":[{"id":48330,"href":"https:\/\/dekkbi.com\/index.php?rest_route=\/wp\/v2\/posts\/48264\/revisions\/48330"}],"wp:featuredmedia":[{"embeddable":true,"href":"https:\/\/dekkbi.com\/index.php?rest_route=\/wp\/v2\/media\/48265"}],"wp:attachment":[{"href":"https:\/\/dekkbi.com\/index.php?rest_route=%2Fwp%2Fv2%2Fmedia&parent=48264"}],"wp:term":[{"taxonomy":"category","embeddable":true,"href":"https:\/\/dekkbi.com\/index.php?rest_route=%2Fwp%2Fv2%2Fcategories&post=48264"},{"taxonomy":"post_tag","embeddable":true,"href":"https:\/\/dekkbi.com\/index.php?rest_route=%2Fwp%2Fv2%2Ftags&post=48264"}],"curies":[{"name":"wp","href":"https:\/\/api.w.org\/{rel}","templated":true}]}}