{"id":48259,"date":"2024-12-10T09:55:59","date_gmt":"2024-12-10T09:55:59","guid":{"rendered":"https:\/\/dekkbi.com\/?p=48259"},"modified":"2024-12-10T10:47:52","modified_gmt":"2024-12-10T10:47:52","slug":"ngagne-demba-toure-si-la-loi-est-appliquee-barthelemy-dias-ne-sera-plus-maire-de-dakar","status":"publish","type":"post","link":"https:\/\/dekkbi.com\/?p=48259","title":{"rendered":"Ngagne Demba Tour\u00e9 : \u00abSi la loi est appliqu\u00e9e, Barth\u00e9lemy Dias ne sera plus maire de Dakar \u00bb"},"content":{"rendered":"\n<h3 class=\"wp-block-heading\">Me Ngagne Demba Tour\u00e9 a r\u00e9agi suite \u00e0 la radiation de Barth\u00e9l\u00e9my Dias de l\u2019Assembl\u00e9e nationale, en affirmant que ce dernier risque \u00e9galement de perdre son poste de maire de Dakar. Selon lui, si la loi est strictement appliqu\u00e9e, M. Dias ne pourra plus exercer ses fonctions de maire.<\/h3>\n\n\n\n<p>Le Directeur G\u00e9n\u00e9ral de la soci\u00e9t\u00e9 des mines du S\u00e9n\u00e9gal (SOMISEN), responsable de Pastef, commence par pr\u00e9ciser que Barth\u00e9l\u00e9my Dias ne peut pas \u00eatre r\u00e9voqu\u00e9 en vertu de l\u2019article 135 du Code des collectivit\u00e9s locales, qui exige une condamnation pour un crime. Toutefois, il souligne qu\u2019il est possible de constater sa d\u00e9mission pour in\u00e9ligibilit\u00e9, en s\u2019appuyant sur l\u2019article L. 29 du Code \u00e9lectoral et l\u2019article L.277 de la Constitution s\u00e9n\u00e9galaise.<\/p>\n\n\n\n<p>\u00ab&nbsp;<em>L\u2019article L. 29 interdit l\u2019inscription sur les listes \u00e9lectorales \u00e0 toute personne condamn\u00e9e \u00e0 plus de trois mois d\u2019emprisonnement. Or, Barth\u00e9lemy Dias a \u00e9t\u00e9 condamn\u00e9 \u00e0 six mois de prison ferme. Il est donc concern\u00e9&nbsp;<\/em>\u00bb, a d\u00e9clar\u00e9 Me Ngagne. Il ajoute que l\u2019article L.277 de la Constitution stipule qu\u2019un \u00e9lu en situation d\u2019in\u00e9ligibilit\u00e9 ou d\u2019incompatibilit\u00e9, peut \u00eatre d\u00e9clar\u00e9 d\u00e9missionnaire par le repr\u00e9sentant de l\u2019\u00c9tat, sauf recours devant la Cour d\u2019appel, dans un d\u00e9lai de 10 jours.<\/p>\n\n\n\n<p>Selon Me Tour\u00e9, la combinaison de ces deux dispositions l\u00e9gales permet \u00e0 tout \u00e9lecteur, de saisir le pr\u00e9fet pour demander la constatation de la d\u00e9mission de Barth\u00e9lemy Dias. \u00ab&nbsp;<em>Si la loi est appliqu\u00e9e, dans les prochaines jours, Barth\u00e9l\u00e9my Dias ne sera plus maire de Dakar&nbsp;<\/em>\u00bb, a-t-il conclu.<br><\/p>\n\n\n\n<p>Ousmane Wade<br>LERAL<\/p>\n","protected":false},"excerpt":{"rendered":"<p>Me Ngagne Demba Tour\u00e9 a r\u00e9agi suite \u00e0 la radiation de Barth\u00e9l\u00e9my Dias de l\u2019Assembl\u00e9e nationale, en affirmant que ce<\/p>\n","protected":false},"author":1,"featured_media":48295,"comment_status":"open","ping_status":"open","sticky":false,"template":"","format":"standard","meta":{"footnotes":""},"categories":[6],"tags":[],"class_list":["post-48259","post","type-post","status-publish","format-standard","has-post-thumbnail","hentry","category-politics"],"_links":{"self":[{"href":"https:\/\/dekkbi.com\/index.php?rest_route=\/wp\/v2\/posts\/48259","targetHints":{"allow":["GET"]}}],"collection":[{"href":"https:\/\/dekkbi.com\/index.php?rest_route=\/wp\/v2\/posts"}],"about":[{"href":"https:\/\/dekkbi.com\/index.php?rest_route=\/wp\/v2\/types\/post"}],"author":[{"embeddable":true,"href":"https:\/\/dekkbi.com\/index.php?rest_route=\/wp\/v2\/users\/1"}],"replies":[{"embeddable":true,"href":"https:\/\/dekkbi.com\/index.php?rest_route=%2Fwp%2Fv2%2Fcomments&post=48259"}],"version-history":[{"count":1,"href":"https:\/\/dekkbi.com\/index.php?rest_route=\/wp\/v2\/posts\/48259\/revisions"}],"predecessor-version":[{"id":48261,"href":"https:\/\/dekkbi.com\/index.php?rest_route=\/wp\/v2\/posts\/48259\/revisions\/48261"}],"wp:featuredmedia":[{"embeddable":true,"href":"https:\/\/dekkbi.com\/index.php?rest_route=\/wp\/v2\/media\/48295"}],"wp:attachment":[{"href":"https:\/\/dekkbi.com\/index.php?rest_route=%2Fwp%2Fv2%2Fmedia&parent=48259"}],"wp:term":[{"taxonomy":"category","embeddable":true,"href":"https:\/\/dekkbi.com\/index.php?rest_route=%2Fwp%2Fv2%2Fcategories&post=48259"},{"taxonomy":"post_tag","embeddable":true,"href":"https:\/\/dekkbi.com\/index.php?rest_route=%2Fwp%2Fv2%2Ftags&post=48259"}],"curies":[{"name":"wp","href":"https:\/\/api.w.org\/{rel}","templated":true}]}}