{"id":48213,"date":"2024-12-09T12:24:33","date_gmt":"2024-12-09T12:24:33","guid":{"rendered":"https:\/\/dekkbi.com\/?p=48213"},"modified":"2024-12-09T12:44:25","modified_gmt":"2024-12-09T12:44:25","slug":"syrie-qui-est-abou-mohammed-al-joulani-le-chef-des-rebelles-islamistes-qui-ont-pris-le-controle-de-damas","status":"publish","type":"post","link":"https:\/\/dekkbi.com\/?p=48213","title":{"rendered":"Syrie: qui est Abou Mohammed al-Joulani"},"content":{"rendered":"\n<p>Le chef islamiste de Hayat Tahrir al-Sham, \u00e0 la t\u00eate de la coalition des rebelles islamistes qui a chass\u00e9 Bachar el-Assad du pouvoir en moins de quinze jours, a longtemps fray\u00e9 avec al-Qa\u00efda. Depuis, il a rompu ses liens avec le groupe terroriste et montre un visage plus mod\u00e9r\u00e9 en promettant une transition en douceur \u00e0 la Syrie. Une mue surprenante qui interroge sur ses motivations r\u00e9elles.<\/p>\n\n\n\n<p>Par : Pierre Fesnien &#8211; SOURCE RFI<\/p>\n\n\n\n<p>Grand, bien charpent\u00e9, la barbe bien taill\u00e9e&#8230;\u00a0 Abou Mohammed al-Joulani montre un visage bien diff\u00e9rent de celui qu&rsquo;il avait lorsqu&rsquo;il \u00e9tait le leader d&rsquo;une branche d&rsquo;al-Qa\u00efda. Le leader\u00a0du Hayat Tahrir al-Sham (HTS) fait tout pour se montrer d\u00e9sormais sous un jour bien plus mod\u00e9r\u00e9. Il a d\u00e9laiss\u00e9 sa tenue traditionnelle pour un costume ou le treillis militaire, et depuis l&rsquo;offensive qui a men\u00e9 \u00e0\u00a0<strong>la chute de Bachar el-Assad<\/strong>, il demande \u00e0 ce qu&rsquo;on l&rsquo;appelle par son patronyme civil,\u00a0Ahmed Hussein al-Charaa, et non plus par son nom de guerre.\u00a0<\/p>\n\n\n\n<p>En douze jours, le chef du HTS \u00e0 la t\u00eate de la coalition des rebelles a men\u00e9 \u00e0 bien son offensive \u00e9clair contre le r\u00e9gime Assad et il souhaite d\u00e9sormais faire oublier son pass\u00e9 de jihadiste affili\u00e9 \u00e0 al-Qa\u00efda pour se poser en alternative politique cr\u00e9dible en Syrie.\u00a0<strong>Face \u00e0 la cam\u00e9ra de CNN<\/strong>\u00a0le 6 d\u00e9cembre, Abou Mohamed al-Joulani affirmait que \u00ab\u00a0<em>le but de la r\u00e9volution, c&rsquo;est de renverser ce r\u00e9gime. Nous avons le droit d&rsquo;utiliser tous les moyens n\u00e9cessaires pour l&rsquo;atteindre.<\/em>\u00a0\u00bb<\/p>\n\n\n\n<h2 class=\"wp-block-heading\">Rassurer les minorit\u00e9s<\/h2>\n\n\n\n<p>D\u00e8s la prise d&rsquo;Alep le 27 novembre, il a voulu rassurer la population en affirmant que les diff\u00e9rentes confessions et toutes les minorit\u00e9s seraient respect\u00e9es. \u00ab&nbsp;<em>Personne n&rsquo;a le droit d&rsquo;effacer un quelconque groupe. Les diff\u00e9rentes communaut\u00e9s ont coexist\u00e9 dans cette r\u00e9gion durant des centaines d&rsquo;ann\u00e9es et personne n&rsquo;a le droit de les \u00e9liminer. Il doit y avoir un cadre l\u00e9gal qui prot\u00e8ge et qui assure les droits de chacun. Pas un syst\u00e8me qui serve une seule communaut\u00e9, comme ce qu&rsquo;a fait le r\u00e9gime d&rsquo;Assad&nbsp;<\/em>\u00bb, avait-il alors d\u00e9clar\u00e9.<\/p>\n\n\n\n<p>\u00c2g\u00e9 de 40 ans, le leader islamiste a pass\u00e9 les premi\u00e8res ann\u00e9es de sa vie en Arabie saoudite o\u00f9 son p\u00e8re \u00e9tait ing\u00e9nieur p\u00e9trolier avant de rentrer en Syrie.&nbsp;Ahmed al-Charaa, le nom sous lequel il souhaite d\u00e9sormais se faire appeler, a alors grandi \u00e0 Mazz\u00e9, un quartier cossu de Damas, dans une famille ais\u00e9e. Et il a commenc\u00e9 des \u00e9tudes de m\u00e9decine.<\/p>\n\n\n\n<p>D&rsquo;apr\u00e8s\u00a0<strong>le site Middle East Eye<\/strong>, c&rsquo;est apr\u00e8s les attentats du 11-Septembre que \u00ab<em>\u00a0les premiers signes de jihadisme commenc\u00e8rent \u00e0 appara\u00eetre dans la vie de Joulani, lequel commen\u00e7a \u00e0 assister \u00e0 des sermons et des tables rondes secr\u00e8tes dans les banlieues marginalis\u00e9es de Damas<\/em>\u00a0\u00bb.\u00a0Dans une interview donn\u00e9e \u00e0 PBS Frontline, en 2021, lui estime avoir commenc\u00e9 \u00e0 se radicaliser lors de la deuxi\u00e8me Intifada en 2000.\u00a0\u00ab\u00a0<em>J&rsquo;avais 17 ou 18 ans \u00e0 l\u2019\u00e9poque et j\u2019ai commenc\u00e9 \u00e0 r\u00e9fl\u00e9chir \u00e0 la mani\u00e8re dont je pouvais remplir mes devoirs, en d\u00e9fendant un peuple opprim\u00e9 par les occupants et les envahisseurs<\/em>\u00a0\u00bb, expliquait-il.<\/p>\n\n\n\n<h2 class=\"wp-block-heading\">Un v\u00e9t\u00e9ran du jihad islamique<\/h2>\n\n\n\n<p>Dans la foul\u00e9e de l&rsquo;invasion am\u00e9ricaine de l&rsquo;Irak en 2003, il part combattre dans ce pays voisin de la Syrie, o\u00f9 il rejoint le groupe al-Qa\u00efda en Irak d&rsquo;Abou Moussab al-Zarqawi avant d&rsquo;\u00eatre emprisonn\u00e9 durant cinq ans.&nbsp;Apr\u00e8s le d\u00e9but de la r\u00e9volte contre Bachar el-Assad en 2011, il rejoint son pays natal pour y fonder le Front al-Nosra, qui deviendra HTS.&nbsp;<\/p>\n\n\n\n<p>En 2013, il refuse d&rsquo;\u00eatre adoub\u00e9 par Abou Bakr al-Baghdadi, futur chef de l&rsquo;\u00c9tat islamique, et lui pr\u00e9f\u00e8re l&rsquo;\u00e9mir d&rsquo;al-Qa\u00efda,&nbsp;<a href=\"https:\/\/www.rfi.fr\/fr\/asie-pacifique\/20220801-les-%C3%A9tats-unis-ont-tu%C3%A9-le-chef-d-al-qa%C3%AFda-ayman-al-zawahiri\"><strong>Ayman al-Zawahiri<\/strong><\/a>. C&rsquo;est finalement en 2016 que le Front al-Nosra rompt ses liens avec l&rsquo;organisation terroriste, une d\u00e9cision qui visait selon al-Joulani \u00e0 \u00ab&nbsp;<em>faire taire les pr\u00e9textes avanc\u00e9s par la communaut\u00e9 internationale&nbsp;<\/em>\u00bb pour viser le groupe, class\u00e9 \u00ab<em>&nbsp;terroriste&nbsp;<\/em>\u00bb par Washington. En 2017, celui-ci est alors rebaptis\u00e9&nbsp;Hayat Tahrir al-Sham (HTS).<\/p>\n\n\n\n<figure class=\"wp-block-image is-resized\"><img decoding=\"async\" src=\"https:\/\/s.rfi.fr\/media\/display\/4d43ef1a-b564-11ef-ba69-005056bf30b7\/AP24337599120689.jpg\" alt=\"Abou Mohammed al-Jolani en 2016 lorsque le Front al-Nosra \u00e9tait encore affili\u00e9 \u00e0 al-Qa\u00efda.\" style=\"width:730px;height:auto\"\/><figcaption class=\"wp-element-caption\">Abou Mohammed al-Jolani en 2016 lorsque le Front al-Nosra \u00e9tait encore affili\u00e9 \u00e0 al-Qa\u00efda.&nbsp;AP<\/figcaption><\/figure>\n\n\n\n<p>Al-Joulani, dont la t\u00eate a \u00e9t\u00e9 tout de m\u00eame mise \u00e0 prix par les \u00c9tats-Unis 10 millions de dollars, affirme depuis avoir \u00e9volu\u00e9 et vouloir b\u00e2tir une nouvelle Syrie, qui permettrait \u00e0 tous les r\u00e9fugi\u00e9s syriens de rentrer chez eux. Si cet \u00e9loignement de l&rsquo;id\u00e9ologie d&rsquo;al-Qa\u00efda semble pour l&rsquo;instant bien r\u00e9el, est-il pour autant vraiment sinc\u00e8re ? \u00ab&nbsp;<em>Abou Mohamed al-Joulani&nbsp;renie compl\u00e8tement le jihad global. Il estime, comme d&rsquo;autres au sein de ce groupe, que c&rsquo;\u00e9tait une erreur et que beaucoup d&rsquo;hommes sont morts \u00e0 cause de \u00e7a et que c&rsquo;\u00e9tait un projet qui ne pouvait pas en tout cas r\u00e9ussir et qui \u00e9tait insens\u00e9<\/em>&nbsp;\u00bb, explique Wassim Nasr, journaliste \u00e0 France 24 et sp\u00e9cialiste du Moyen-Orient qui a rencontr\u00e9 le leader islamiste en 2023 \u00e0 Idleb.<\/p>\n\n\n\n<h2 class=\"wp-block-heading\">\u00ab&nbsp;<em>Al-Joulani tire sa force de son exp\u00e9rience dans le Nord<\/em>&nbsp;\u00bb<\/h2>\n\n\n\n<p>Depuis la prise d&rsquo;Alep, le HTS a multipli\u00e9 les communiqu\u00e9s pour rassurer les communaut\u00e9s druzes, chr\u00e9tiennes et alaouites. Dans les zones que le groupe contr\u00f4lait avant la chute de\u00a0<strong>Bachar el-Assad<\/strong>, des services publics ont \u00e9t\u00e9 cr\u00e9\u00e9s, un r\u00e9seau t\u00e9l\u00e9phonique mobile a m\u00eame \u00e9t\u00e9 mis en place \u00e0 Idleb puis \u00e9tendu \u00e0 Alep. \u00ab\u00a0<em>Il s&rsquo;agit d&rsquo;islamistes, mais ils sont par exemple moins rigoristes que les talibans. Les femmes vont \u00e0 l&rsquo;\u00e9cole, les femmes vont \u00e0 l&rsquo;universit\u00e9, les gens fument dans la rue, on entend de la musique dans des \u00e9choppes&#8230; Donc, c&rsquo;est rigoriste et conservateur, mais ce n&rsquo;est pas du tout le jihad d&rsquo;al-Qa\u00efda ou de l&rsquo;\u00c9tat islamique. Ce n&rsquo;est pas du tout le conservatisme \u00e0 l&rsquo;extr\u00eame des talibans, c&rsquo;est autre chose<\/em>\u00a0\u00bb, analyse Wassim Nasr.\u00a0<\/p>\n\n\n\n<p>Suite \u00e0 la fuite de Bachar al-Assad, le chef du HTS reste d&rsquo;ailleurs relativement en retrait sur le plan politique. Il a demand\u00e9 \u00e0&nbsp;ses combattants de ne pas s&rsquo;approcher des institutions qui restent, dit-il, sous le contr\u00f4le du Premier ministre qui s&rsquo;est, lui, dit pr\u00eat \u00e0 coop\u00e9rer avec tout \u00ab&nbsp;<em>nouveau leadership&nbsp;<\/em>\u00bb choisi par le peuple. \u00ab&nbsp;<em>La r\u00e9ussite d&rsquo;une transition r\u00e9side justement dans son approche inclusive. Al-Joulani tire sa force de son exp\u00e9rience dans le Nord, dans la mesure o\u00f9 il a plut\u00f4t nomm\u00e9 un gouvernement civil compos\u00e9 de technocrates et d\u2019administrateurs pour g\u00e9rer le quotidien dans les territoires contr\u00f4l\u00e9s par le HTS. C&rsquo;est un \u00e9l\u00e9ment positif et il pourrait reproduire ce sch\u00e9ma en laissant certains ministres, ou m\u00eame l&rsquo;actuel chef du gouvernement, g\u00e9rer les affaires pour cette phase de transition<\/em>&nbsp;\u00bb, estime Hasni Abidi,&nbsp;directeur du Centre d&rsquo;\u00e9tudes et de recherche sur le monde arabe et m\u00e9diterran\u00e9en et charg\u00e9 de cours \u00e0 l\u2019Universit\u00e9 de Gen\u00e8ve.<\/p>\n\n\n\n<h2 class=\"wp-block-heading\">Un calcul politique\u202f?&nbsp;<\/h2>\n\n\n\n<p>Il n&rsquo;en reste pas moins que sous couvert d&rsquo;une certaine tol\u00e9rance, al-Joulani a gouvern\u00e9 la r\u00e9gion d&rsquo;Idleb d&rsquo;une main de fer depuis 2017. Pour beaucoup d&rsquo;observateurs, cette volont\u00e9 d&rsquo;appara\u00eetre comme un islamiste mod\u00e9r\u00e9 reste d&rsquo;abord un calcul politique pour celui qui se r\u00eave un destin d&rsquo;homme d&rsquo;\u00c9tat. \u00ab&nbsp;<em>C&rsquo;est toute la strat\u00e9gie d&rsquo;al-Joulani depuis plusieurs ann\u00e9es de se montrer extr\u00eamement tol\u00e9rant, extr\u00eamement mod\u00e9r\u00e9, notamment vis-\u00e0-vis des m\u00e9dias. Mais il ne faut pas \u00eatre dupe<\/em>&nbsp;\u00bb<em>,<\/em>&nbsp;pr\u00e9vient&nbsp;Fabrice Balanche, ma\u00eetre de conf\u00e9rences \u00e0 l&rsquo;Universit\u00e9 Lyon 2 et auteur de plusieurs ouvrages sur le Moyen-Orient.<\/p>\n\n\n\n<p>\u00ab&nbsp;<em>C&rsquo;est quelqu&rsquo;un qui, quand il avait 20 ans, est parti se battre en Irak aux c\u00f4t\u00e9s d&rsquo;al-Qa\u00efda. Il a \u00e9t\u00e9 dans la prison d&rsquo;Abou Ghraib. Il a connu les plus grands cadres d&rsquo;al-Qa\u00efda. Il a divorc\u00e9 d&rsquo;al-Qa\u00efda en 2016 pour des raisons tactiques, mais il a conserv\u00e9 \u00e9videmment son id\u00e9ologie.&nbsp;Il a impos\u00e9 un totalitarisme islamique sur Idleb, \u00e9liminant physiquement des milliers d&rsquo;opposants, que ce soit des la\u00efques ou des islamistes mod\u00e9r\u00e9s comme le groupe al-Cham. Donc, il ne faut pas avoir beaucoup d&rsquo;illusions sur ce qui pourrait se produire dans les mois qui suivront son \u00e9ventuelle prise de pouvoir<\/em>&nbsp;\u00bb, conclut l&rsquo;universitaire.<\/p>\n","protected":false},"excerpt":{"rendered":"<p>Le chef islamiste de Hayat Tahrir al-Sham, \u00e0 la t\u00eate de la coalition des rebelles islamistes qui a chass\u00e9 Bachar<\/p>\n","protected":false},"author":1,"featured_media":48214,"comment_status":"open","ping_status":"open","sticky":false,"template":"","format":"standard","meta":{"footnotes":""},"categories":[51],"tags":[],"class_list":["post-48213","post","type-post","status-publish","format-standard","has-post-thumbnail","hentry","category-general"],"_links":{"self":[{"href":"https:\/\/dekkbi.com\/index.php?rest_route=\/wp\/v2\/posts\/48213","targetHints":{"allow":["GET"]}}],"collection":[{"href":"https:\/\/dekkbi.com\/index.php?rest_route=\/wp\/v2\/posts"}],"about":[{"href":"https:\/\/dekkbi.com\/index.php?rest_route=\/wp\/v2\/types\/post"}],"author":[{"embeddable":true,"href":"https:\/\/dekkbi.com\/index.php?rest_route=\/wp\/v2\/users\/1"}],"replies":[{"embeddable":true,"href":"https:\/\/dekkbi.com\/index.php?rest_route=%2Fwp%2Fv2%2Fcomments&post=48213"}],"version-history":[{"count":2,"href":"https:\/\/dekkbi.com\/index.php?rest_route=\/wp\/v2\/posts\/48213\/revisions"}],"predecessor-version":[{"id":48219,"href":"https:\/\/dekkbi.com\/index.php?rest_route=\/wp\/v2\/posts\/48213\/revisions\/48219"}],"wp:featuredmedia":[{"embeddable":true,"href":"https:\/\/dekkbi.com\/index.php?rest_route=\/wp\/v2\/media\/48214"}],"wp:attachment":[{"href":"https:\/\/dekkbi.com\/index.php?rest_route=%2Fwp%2Fv2%2Fmedia&parent=48213"}],"wp:term":[{"taxonomy":"category","embeddable":true,"href":"https:\/\/dekkbi.com\/index.php?rest_route=%2Fwp%2Fv2%2Fcategories&post=48213"},{"taxonomy":"post_tag","embeddable":true,"href":"https:\/\/dekkbi.com\/index.php?rest_route=%2Fwp%2Fv2%2Ftags&post=48213"}],"curies":[{"name":"wp","href":"https:\/\/api.w.org\/{rel}","templated":true}]}}