{"id":48187,"date":"2024-12-09T11:33:19","date_gmt":"2024-12-09T11:33:19","guid":{"rendered":"https:\/\/dekkbi.com\/?p=48187"},"modified":"2024-12-09T11:33:19","modified_gmt":"2024-12-09T11:33:19","slug":"22e-forum-de-doha-le-president-bassirou-diomaye-faye-defend-une-afrique-ambitieuse-et-ouverte","status":"publish","type":"post","link":"https:\/\/dekkbi.com\/?p=48187","title":{"rendered":"22e Forum de Doha: Le Pr\u00e9sident Bassirou Diomaye Faye d\u00e9fend une Afrique ambitieuse et ouverte"},"content":{"rendered":"\n<h3 class=\"wp-block-heading\">Le Pr\u00e9sident de la R\u00e9publique du S\u00e9n\u00e9gal, SEM Bassirou Diomaye Faye, a marqu\u00e9 de sa pr\u00e9sence le 22e Forum de Doha, qui s\u2019est ouvert ce samedi 7 d\u00e9cembre 2024 au Qatar. Cet \u00e9v\u00e9nement, rassemblant des dirigeants mondiaux, des experts et des d\u00e9cideurs, est une plateforme internationale d\u00e9di\u00e9e aux \u00e9changes sur les grands d\u00e9fis globaux.<\/h3>\n\n\n\n<p>Selon l\u2019info publi\u00e9e sur la page officielle de la pr\u00e9sidence de la R\u00e9publique, lors d&rsquo;une session de haut niveau, le Chef de l\u2019\u00c9tat a pris la parole face \u00e0 Ghida Fakhry, mod\u00e9ratrice reconnue, pour exposer sa vision sur les enjeux contemporains. M. Faye a pr\u00e9sent\u00e9 un plaidoyer en faveur d\u2019un S\u00e9n\u00e9gal et d\u2019une Afrique \u00ab d\u00e9complex\u00e9s, jeunes, ambitieux et r\u00e9solument ouverts au monde \u00bb.<\/p>\n\n\n\n<p>Dans son intervention, le Pr\u00e9sident a insist\u00e9 sur le potentiel inestimable du continent africain, mettant en lumi\u00e8re sa r\u00e9silience, sa cr\u00e9ativit\u00e9 et la d\u00e9termination de ses populations \u00e0 construire un avenir prometteur malgr\u00e9 les obstacles. \u00ab Le S\u00e9n\u00e9gal et l\u2019Afrique ne sont pas d\u00e9finis par leurs d\u00e9fis, mais par leur capacit\u00e9 \u00e0 les surmonter et \u00e0 innover \u00bb, a-t-il d\u00e9clar\u00e9.<\/p>\n\n\n\n<p>Ce discours, prononc\u00e9 dans le cadre d\u2019un \u00e9v\u00e9nement international de premier plan, r\u00e9affirme la position du S\u00e9n\u00e9gal en tant qu\u2019acteur cl\u00e9 sur la sc\u00e8ne mondiale, porteur de solutions et de perspectives pour un avenir durable.<\/p>\n\n\n\n<p>La participation du Pr\u00e9sident Faye au Forum de Doha s\u2019inscrit dans une dynamique de diplomatie proactive, visant \u00e0 renforcer les partenariats internationaux et \u00e0 promouvoir une Afrique tourn\u00e9e vers l\u2019avenir.<br><\/p>\n\n\n\n<p><strong>MD &#8211; LERAL<\/strong><\/p>\n\n\n\n<p><\/p>\n","protected":false},"excerpt":{"rendered":"<p>Le Pr\u00e9sident de la R\u00e9publique du S\u00e9n\u00e9gal, SEM Bassirou Diomaye Faye, a marqu\u00e9 de sa pr\u00e9sence le 22e Forum de<\/p>\n","protected":false},"author":1,"featured_media":48188,"comment_status":"open","ping_status":"open","sticky":false,"template":"","format":"standard","meta":{"footnotes":""},"categories":[21],"tags":[],"class_list":["post-48187","post","type-post","status-publish","format-standard","has-post-thumbnail","hentry","category-societe"],"_links":{"self":[{"href":"https:\/\/dekkbi.com\/index.php?rest_route=\/wp\/v2\/posts\/48187","targetHints":{"allow":["GET"]}}],"collection":[{"href":"https:\/\/dekkbi.com\/index.php?rest_route=\/wp\/v2\/posts"}],"about":[{"href":"https:\/\/dekkbi.com\/index.php?rest_route=\/wp\/v2\/types\/post"}],"author":[{"embeddable":true,"href":"https:\/\/dekkbi.com\/index.php?rest_route=\/wp\/v2\/users\/1"}],"replies":[{"embeddable":true,"href":"https:\/\/dekkbi.com\/index.php?rest_route=%2Fwp%2Fv2%2Fcomments&post=48187"}],"version-history":[{"count":1,"href":"https:\/\/dekkbi.com\/index.php?rest_route=\/wp\/v2\/posts\/48187\/revisions"}],"predecessor-version":[{"id":48189,"href":"https:\/\/dekkbi.com\/index.php?rest_route=\/wp\/v2\/posts\/48187\/revisions\/48189"}],"wp:featuredmedia":[{"embeddable":true,"href":"https:\/\/dekkbi.com\/index.php?rest_route=\/wp\/v2\/media\/48188"}],"wp:attachment":[{"href":"https:\/\/dekkbi.com\/index.php?rest_route=%2Fwp%2Fv2%2Fmedia&parent=48187"}],"wp:term":[{"taxonomy":"category","embeddable":true,"href":"https:\/\/dekkbi.com\/index.php?rest_route=%2Fwp%2Fv2%2Fcategories&post=48187"},{"taxonomy":"post_tag","embeddable":true,"href":"https:\/\/dekkbi.com\/index.php?rest_route=%2Fwp%2Fv2%2Ftags&post=48187"}],"curies":[{"name":"wp","href":"https:\/\/api.w.org\/{rel}","templated":true}]}}