{"id":48175,"date":"2024-12-09T11:14:38","date_gmt":"2024-12-09T11:14:38","guid":{"rendered":"https:\/\/dekkbi.com\/?p=48175"},"modified":"2024-12-09T11:14:54","modified_gmt":"2024-12-09T11:14:54","slug":"le-president-a-recu-karim-a-doha","status":"publish","type":"post","link":"https:\/\/dekkbi.com\/?p=48175","title":{"rendered":"Le Pr\u00e9sident a re\u00e7u Karim \u00e0 Doha"},"content":{"rendered":"\n<p><strong>L\u2019audience que le Pr\u00e9sident Bassirou Diomaye Diakhar Faye a accord\u00e9e \u00e0 Karim Wade ce week-end, lors de son s\u00e9jour au Qatar, soul\u00e8ve des interrogations. L\u2019une des plus en vue est de s\u2019interroger sur la \u00abcoh\u00e9rence\u00bb de la d\u00e9marche du chef de l\u2019Etat par rapport \u00e0 Wade-fils, qui a choisi de soutenir le camp de Takku-Wallu au d\u00e9triment de la liste de Pastef, lors des L\u00e9gislatives anticip\u00e9es, alors qu\u2019il avait soutenu la candidature de \u00abDiomaye Pr\u00e9sident\u00bb lors de la Pr\u00e9sidentielle de mars dernier.<\/strong><\/p>\n\n\n\n<p>Le pr\u00e9sident de la R\u00e9pu\u00adblique, Bassirou Diomaye Faye, a rencontr\u00e9 Karim Wade, ancien ministre et figure politique de l\u2019opposition. Une rencontre intervenue ce week-end, au cours d\u2019une audience au Qatar o\u00f9 s\u00e9journe le chef de l\u2019Etat.&nbsp;L\u2019information a \u00e9t\u00e9 rendue publique par Bassirou Diomaye Faye lui-m\u00eame, via une d\u00e9claration partag\u00e9e sur ses r\u00e9seaux sociaux.<\/p>\n\n\n\n<p>Les \u00e9changes ont port\u00e9 sur \u00abla situation politique, \u00e9conomique et sociale\u00bb du S\u00e9n\u00e9gal, selon&nbsp;le chef de l\u2019Etat. Ce dernier&nbsp;qualifie ces discussions de \u00abconstructives\u00bb, sans pour autant d\u00e9voiler davantage de d\u00e9tails sur le contenu ou les suites \u00e9ventuelles de cette rencontre.<\/p>\n\n\n\n<p>Une rencontre qui&nbsp;intervient dans un contexte marqu\u00e9 par une recomposition politique au S\u00e9n\u00e9gal. L\u2019on s\u2019interroge sur la d\u00e9marche du Pr\u00e9sident Bassirou Diomaye Diakhar Faye de recevoir Karim Wade qui, apr\u00e8s l\u2019avoir soutenu \u00e0 la Pr\u00e9sidentielle de mars dernier, lui a tourn\u00e9 le dos aux derni\u00e8res L\u00e9gislatives du 17 novembre dernier. La Coalition Takku-Wallu, avec laquelle Karim Wade s\u2019est alli\u00e9 lors de ces \u00e9lections l\u00e9gislatives, sera en opposition avec le camp du pouvoir durant les 5 ann\u00e9es que va durer la nouvelle l\u00e9gislature. On est en posture de se poser la question de savoir si le dossier Karim Wade a \u00e9t\u00e9 au menu des discussions au cours de ce t\u00eate-\u00e0-t\u00eate avec le Pr\u00e9sident Bassirou Diomaye Diakhar Faye. Qu\u2019en est-il de la r\u00e9vision du proc\u00e8s de Karim Wade ?<br>Condamn\u00e9&nbsp;dans le cadre de la traque des biens mal acquis par la d\u00e9funte Crei, ce dernier s\u2019\u00e9tait&nbsp;exil\u00e9 au Qatar, apr\u00e8s avoir \u00e9t\u00e9 graci\u00e9 par le Pr\u00e9sident Macky Sall. Depuis lors, son retour au pays est annonc\u00e9, en vain. A-t-il discut\u00e9 de son come-back au S\u00e9n\u00e9gal avec le chef de l\u2019Etat ? Comment le camp du pouvoir va accueillir cette audience accord\u00e9e \u00e0 Karim Wade par le chef de l\u2019Etat ?<\/p>\n\n\n\n<p>Fils du pr\u00e9sident de la R\u00e9publique&nbsp;Abdoulaye Wade, qui le nomme en 2009 ministre d\u2019Etat, de la Coop\u00e9ration et des transports, Karim est&nbsp; candidat malheureux aux \u00e9lections municipales de&nbsp;Dakar&nbsp;en 2009.<\/p>\n\n\n\n<p>Pressenti pour succ\u00e9der \u00e0 son p\u00e8re \u00e0 la Pr\u00e9sidence, Wade-Fils quitte le gouvernement apr\u00e8s la d\u00e9faite de celui-ci, en 2012.<\/p>\n\n\n\n<p>Incarc\u00e9r\u00e9 en 2013 pour enrichissement illicite \u00e0 l\u2019issue d\u2019un proc\u00e8s controvers\u00e9, il est graci\u00e9 en 2016 par son opposant, le Pr\u00e9sident\u00a0Macky Sall,\u00a0tout en restant condamn\u00e9 \u00e0 payer une amende, il part en exil au\u00a0Qatar. Il est le candidat d\u00e9clar\u00e9 de son parti, le\u00a0Parti d\u00e9mocratique s\u00e9n\u00e9galais\u00a0(Pds), pour les\u00a0\u00e9lections pr\u00e9sidentielles de 2019\u00a0et 2024,\u00a0mais sa candidature est invalid\u00e9e \u00e0 chaque fois.<\/p>\n\n\n\n<p><strong>Par Amadou MBODJI \u2013<\/strong> <strong>ambodji@lequotidien.sn<\/strong><\/p>\n","protected":false},"excerpt":{"rendered":"<p>L\u2019audience que le Pr\u00e9sident Bassirou Diomaye Diakhar Faye a accord\u00e9e \u00e0 Karim Wade ce week-end, lors de son s\u00e9jour au<\/p>\n","protected":false},"author":1,"featured_media":48176,"comment_status":"open","ping_status":"open","sticky":false,"template":"","format":"standard","meta":{"footnotes":""},"categories":[6],"tags":[],"class_list":["post-48175","post","type-post","status-publish","format-standard","has-post-thumbnail","hentry","category-politics"],"_links":{"self":[{"href":"https:\/\/dekkbi.com\/index.php?rest_route=\/wp\/v2\/posts\/48175","targetHints":{"allow":["GET"]}}],"collection":[{"href":"https:\/\/dekkbi.com\/index.php?rest_route=\/wp\/v2\/posts"}],"about":[{"href":"https:\/\/dekkbi.com\/index.php?rest_route=\/wp\/v2\/types\/post"}],"author":[{"embeddable":true,"href":"https:\/\/dekkbi.com\/index.php?rest_route=\/wp\/v2\/users\/1"}],"replies":[{"embeddable":true,"href":"https:\/\/dekkbi.com\/index.php?rest_route=%2Fwp%2Fv2%2Fcomments&post=48175"}],"version-history":[{"count":1,"href":"https:\/\/dekkbi.com\/index.php?rest_route=\/wp\/v2\/posts\/48175\/revisions"}],"predecessor-version":[{"id":48177,"href":"https:\/\/dekkbi.com\/index.php?rest_route=\/wp\/v2\/posts\/48175\/revisions\/48177"}],"wp:featuredmedia":[{"embeddable":true,"href":"https:\/\/dekkbi.com\/index.php?rest_route=\/wp\/v2\/media\/48176"}],"wp:attachment":[{"href":"https:\/\/dekkbi.com\/index.php?rest_route=%2Fwp%2Fv2%2Fmedia&parent=48175"}],"wp:term":[{"taxonomy":"category","embeddable":true,"href":"https:\/\/dekkbi.com\/index.php?rest_route=%2Fwp%2Fv2%2Fcategories&post=48175"},{"taxonomy":"post_tag","embeddable":true,"href":"https:\/\/dekkbi.com\/index.php?rest_route=%2Fwp%2Fv2%2Ftags&post=48175"}],"curies":[{"name":"wp","href":"https:\/\/api.w.org\/{rel}","templated":true}]}}