{"id":48172,"date":"2024-12-09T11:12:21","date_gmt":"2024-12-09T11:12:21","guid":{"rendered":"https:\/\/dekkbi.com\/?p=48172"},"modified":"2024-12-09T11:12:37","modified_gmt":"2024-12-09T11:12:37","slug":"respect-des-accords-signes-le-cusems-met-la-pression-sur-letat","status":"publish","type":"post","link":"https:\/\/dekkbi.com\/?p=48172","title":{"rendered":"Respect des accords sign\u00e9s: Le Cusems met la pression sur l\u2019\u00c9tat"},"content":{"rendered":"\n<p><strong>Aliou Diouf, le Tr\u00e9sorier g\u00e9n\u00e9ral national du Cadre unitaire syndical des enseignants du moyen-secondaire (Cusems), a fustig\u00e9 l\u2019attitude du gouvernement quant \u00e0 la mat\u00e9rialisation du protocole d\u2019accord sign\u00e9 en 2022. Pour lui, l\u2019absence des autres minist\u00e8res concern\u00e9s par la question dans le Comit\u00e9 de suivi des accords n\u2019augure rien de bon. \u00abPour l\u2019instant les autorit\u00e9s n\u2019accordent pas l\u2019importance qu\u2019il faut \u00e0 ce comit\u00e9 de suivi parce que tant que les preneurs de d\u00e9cisions ne sont pas pr\u00e9sents autour de la table, les choses ne pourront pas \u00e9voluer\u00bb, a-t-il dit dans cet entretien. Et il a \u00e9voqu\u00e9 le d\u00e9ficit d\u2019enseignants et la fa\u00e7on dont le gouvernement veut r\u00e9gler la question. Pour Aliou Diouf, si le gouvernement n\u2019est pas r\u00e9ceptif, un \u00abpr\u00e9avis de gr\u00e8ve\u00bb n\u2019est pas exclu.<\/strong><strong>O\u00f9 en \u00eates-vous avec le d\u00e9ficit d\u2019enseignants&nbsp;?<\/strong><\/p>\n\n\n\n<p>Aujourd\u2019hui, dans beaucoup de localit\u00e9s, les \u00e9l\u00e8ves sont all\u00e9s en gr\u00e8ve pour r\u00e9clamer des enseignants. Il y a un d\u00e9ficit criard, car beaucoup d\u2019enseignants sont victimes de red\u00e9ploiement ou sont oblig\u00e9s de faire des compl\u00e9ments horaires pour essayer de combler ce d\u00e9ficit. Le minist\u00e8re est en train de prendre des charg\u00e9s de cours, mais toutes ces solutions sont conjoncturelles. L\u2019\u00e9cole a besoin de solutions structurelles, c\u2019est-\u00e0-dire le recrutement et la formation d\u2019un nombre suffisant d\u2019enseignants. Pren\u00addre les enseignants de l\u2019\u00e9l\u00e9mentaire pour les emmener au moyen-secondaire en vue de combler le gap, c\u2019est d\u00e9shabiller Jean pour habiller Paul, et je ne crois pas que ce soit la meilleure solution.<\/p>\n\n\n\n<p><strong>Le d\u00e9ficit, peut-on savoir s\u2019il est chiffr\u00e9 ?<\/strong><br>Lors du Conseil interminist\u00e9riel sur la rentr\u00e9e, le gouvernement a fait un diagnostic sans complaisance de la situation actuelle de l\u2019\u00e9cole. De ce diagnostic, on peut retenir qu\u2019il il y a un d\u00e9ficit de 4527 enseignants, 48 696 salles de classe, 207 000 tables-bancs, sans compter les abris provisoires qui sont au nombre de 7145.<\/p>\n\n\n\n<p><strong>Qu\u2019est-ce qui s\u2019est pass\u00e9 au Comit\u00e9 de suivi des accords ?<\/strong><br>En son point 4, le protocole d\u2019accord de 2022 dit ceci : \u00abIl est mis en place, \u00e0 compter de la date de signature du pr\u00e9sent accord, un comit\u00e9 de suivi charg\u00e9 de sa mise en \u0153uvre correcte.\u00bb Ce comit\u00e9 est compos\u00e9 de repr\u00e9sentants de la pr\u00e9sidence de la R\u00e9publique, du gouvernement, des organisations de la Soci\u00e9t\u00e9 civile, des parents d\u2019\u00e9l\u00e8ves et des syndicats les plus repr\u00e9sentatifs. Depuis son installation, ce comit\u00e9 a du mal \u00e0 se r\u00e9unir, malgr\u00e9 les appels incessants de la partie syndicale. Voil\u00e0 pourquoi, le 26 novembre, quand les syndicats ont \u00e9t\u00e9 invit\u00e9s \u00e0 une r\u00e9union du comit\u00e9 de suivi, ils y sont all\u00e9s en se disant enfin notre appel a \u00e9t\u00e9 entendu. Malheureusement, la montagne a accouch\u00e9 d\u2019une souris, car en dehors du ministre de la Fonction publique, les autres ministres concern\u00e9s ne sont pas venus. Nous rappelons au nouveau gouvernement que les s\u00e9ances de monitoring \u00e9taient dirig\u00e9es par feu le Premier ministre Boun Abdallah Dionne. Nous lan\u00e7ons donc un appel au Premier ministre Ousmane Sonko et nous lui demandons de mobiliser les ministres concern\u00e9s et qu\u2019il pr\u00e9side lui-m\u00eame ces rencontres. C\u2019est la seule fa\u00e7on de faire \u00e9voluer les choses rapidement dans le bon sens. Pour l\u2019instant, les autorit\u00e9s n\u2019accordent pas l\u2019importance qu\u2019il faut \u00e0 ce comit\u00e9 de suivi, parce que tant que les preneurs de d\u00e9cisions ne sont pr\u00e9sents autour de la table, les choses ne pourront pas \u00e9voluer. L\u2019\u00e9cole attend toujours les changements promis par les autorit\u00e9s de la nouvelle alternance.<\/p>\n\n\n\n<p><strong>Quels sont ces changements ?<\/strong><br>Le pr\u00e9sident de la R\u00e9publi\u00adque a \u00e9t\u00e9 \u00e9lu sur la base d\u2019un programme s\u00e9duisant pour l\u2019\u00e9cole et pour les enseignants. En effet, dans son livre-programme, le pr\u00e9sident de la R\u00e9pu\u00adblique a fait les promesses suivantes aux acteurs de l\u2019\u00e9ducation : la d\u00e9mat\u00e9rialisation des proc\u00e9dures administratives pour mettre fin \u00e0 la lancinante question des lenteurs administratives, la correction du syst\u00e8me de r\u00e9mun\u00e9ration pour le rendre plus juste et plus \u00e9quitable, l\u2019extinction du corps des d\u00e9cisionnaires et l\u2019harmonisation des pensions de retraite, la fin de la surimposition sur les salaires et rappels des enseignants, La r\u00e9sorption des abris provisoires, le recrutement d\u2019un nombre suffisant d\u2019enseignants pour combler le gap actuel, la r\u00e9vision et l\u2019all\u00e8gement des programmes scolaires\u2026<br>Toutes ces promesses entra\u00eenent dans leur r\u00e9alisation, un incident financier sur le budget de l\u2019Etat. On vient d\u2019installer la 15\u00e8me L\u00e9gislature qui va voter la Lfi. N\u2019est-il pas un peu pr\u00e9cipit\u00e9 pour vous d\u2019exiger un respect des engagements ?<br>Il ne s\u2019agit pour nous de r\u00e9gler tous ces probl\u00e8mes ici et maintenant, mais plut\u00f4t de s\u2019accorder sur un \u00e9ch\u00e9ancier clair et pr\u00e9cis qui sera consign\u00e9 sur un protocole d\u2019accord.<\/p>\n\n\n\n<p><strong>Avez-vous un plan d\u2019actions pour faire entendre raison \u00e0 l\u2019Etat&nbsp;?<\/strong><br>La derni\u00e8re rencontre du comit\u00e9 de suivi a \u00e9t\u00e9 boycott\u00e9e par les syndicats, et c\u2019est un premier acte pos\u00e9 pour manifester notre m\u00e9contentement par rapport \u00e0 l\u2019attitude du gouvernement. Maintenant, nous attendons une r\u00e9action positive des autorit\u00e9s, faute de quoi, les syndicats se r\u00e9servent le droit de passer \u00e0 la vitesse sup\u00e9rieure. Qui est le d\u00e9p\u00f4t d\u2019un pr\u00e9avis de gr\u00e8ve et de se mettre en ordre de bataille.<br><strong>Propos recueillis par Malick GAYE (mgaye@lequotidien.sn)<\/strong><\/p>\n","protected":false},"excerpt":{"rendered":"<p>Aliou Diouf, le Tr\u00e9sorier g\u00e9n\u00e9ral national du Cadre unitaire syndical des enseignants du moyen-secondaire (Cusems), a fustig\u00e9 l\u2019attitude du gouvernement<\/p>\n","protected":false},"author":1,"featured_media":8920,"comment_status":"open","ping_status":"open","sticky":false,"template":"","format":"standard","meta":{"footnotes":""},"categories":[21],"tags":[],"class_list":["post-48172","post","type-post","status-publish","format-standard","has-post-thumbnail","hentry","category-societe"],"_links":{"self":[{"href":"https:\/\/dekkbi.com\/index.php?rest_route=\/wp\/v2\/posts\/48172","targetHints":{"allow":["GET"]}}],"collection":[{"href":"https:\/\/dekkbi.com\/index.php?rest_route=\/wp\/v2\/posts"}],"about":[{"href":"https:\/\/dekkbi.com\/index.php?rest_route=\/wp\/v2\/types\/post"}],"author":[{"embeddable":true,"href":"https:\/\/dekkbi.com\/index.php?rest_route=\/wp\/v2\/users\/1"}],"replies":[{"embeddable":true,"href":"https:\/\/dekkbi.com\/index.php?rest_route=%2Fwp%2Fv2%2Fcomments&post=48172"}],"version-history":[{"count":2,"href":"https:\/\/dekkbi.com\/index.php?rest_route=\/wp\/v2\/posts\/48172\/revisions"}],"predecessor-version":[{"id":48174,"href":"https:\/\/dekkbi.com\/index.php?rest_route=\/wp\/v2\/posts\/48172\/revisions\/48174"}],"wp:featuredmedia":[{"embeddable":true,"href":"https:\/\/dekkbi.com\/index.php?rest_route=\/wp\/v2\/media\/8920"}],"wp:attachment":[{"href":"https:\/\/dekkbi.com\/index.php?rest_route=%2Fwp%2Fv2%2Fmedia&parent=48172"}],"wp:term":[{"taxonomy":"category","embeddable":true,"href":"https:\/\/dekkbi.com\/index.php?rest_route=%2Fwp%2Fv2%2Fcategories&post=48172"},{"taxonomy":"post_tag","embeddable":true,"href":"https:\/\/dekkbi.com\/index.php?rest_route=%2Fwp%2Fv2%2Ftags&post=48172"}],"curies":[{"name":"wp","href":"https:\/\/api.w.org\/{rel}","templated":true}]}}