{"id":48166,"date":"2024-12-09T11:08:03","date_gmt":"2024-12-09T11:08:03","guid":{"rendered":"https:\/\/dekkbi.com\/?p=48166"},"modified":"2024-12-09T12:45:25","modified_gmt":"2024-12-09T12:45:25","slug":"poutine-accorde-lasile-au-dictateur-syrien-fugitif","status":"publish","type":"post","link":"https:\/\/dekkbi.com\/?p=48166","title":{"rendered":"Chute de Bachar al-Assad: le Kremlin ne confirme pas la pr\u00e9sence de l&rsquo;ancien dictateur en Russie"},"content":{"rendered":"\n<p>\u00ab\u00a0Il n&rsquo;y a rien \u00e0 dire sur l&#8217;emplacement d&rsquo;Assad\u00a0\u00bb, a d\u00e9clar\u00e9 Dmitri Peskov, le porte-parole du Kremlin, lundi.<\/p>\n\n\n\n<p>Ce qu&rsquo;il faut savoir<\/p>\n\n\n\n<p>Le Kremlin refuse de confirmer la pr\u00e9sence de Bachar al-Assad en Russie.&nbsp;<em>\u00ab\u00a0Il n&rsquo;y a rien \u00e0 dire sur l&#8217;emplacement d&rsquo;Assad\u00a0\u00bb<\/em>, a d\u00e9clar\u00e9 Dmitri Peskov, le porte-parole du Kremlin, \u00e0 la presse, lundi 9 d\u00e9cembre. Aussi,<em>&nbsp;\u00ab\u00a0le programme officiel de Poutine ne pr\u00e9voit pas de rencontre\u00a0\u00bb<\/em>&nbsp;avec le dictateur d\u00e9chu. Pourtant, les agences de presse russes, citant une source au Kremlin, ont affirm\u00e9 la veille que l&rsquo;ancien dictateur et sa famille se trouvaient \u00e0 Moscou.&nbsp;<em>\u00ab\u00a0La Russie, sur la base de consid\u00e9rations humanitaires, leur a accord\u00e9 l&rsquo;asile\u00a0\u00bb<\/em>, a rapport\u00e9 cette source aux agences Tass et Ria Novosti. Suivez la situation dans notre direct.<\/p>\n\n\n\n<p><strong>Bachar al-Assad \u00ab\u00a0doit \u00eatre tenu comptable de ses actes\u00a0\u00bb.\u00a0<\/strong><em>\u00ab\u00a0La justice internationale doit \u00eatre appliqu\u00e9e partout et tout le temps\u00a0\u00bb<\/em>\u00a0et\u00a0<em>\u00ab\u00a0Bachar al-Assad doit \u00eatre tenu comptable de ses actes\u00a0\u00bb<\/em>, a d\u00e9clar\u00e9 le ministre des Affaires \u00e9trang\u00e8res d\u00e9missionnaire, Jean-No\u00ebl Barrot, sur franceinfo.\u00a0<em>\u00ab\u00a0La Syrie doit \u00eatre rendue aux Syriens\u00a0\u00bb<\/em>,\u00a0a ajout\u00e9 le chef de la diplomatie fran\u00e7aise, ajoutant que la France souhaitait une \u00ab\u00a0<em>transition ordonn\u00e9e et pacifique\u00a0\u00bb<\/em>.<\/p>\n\n\n\n<p><strong>La communaut\u00e9 internationale a r\u00e9agi.\u00a0<\/strong>Le pr\u00e9sident am\u00e9ricain Joe Biden a affirm\u00e9 lors d&rsquo;une allocution \u00e0 la Maison Blanche que Bachar al-Assad devrait\u00a0<em>\u00ab\u00a0rendre des comptes\u00a0\u00bb\u00a0<\/em>pour les<em>\u00a0\u00ab\u00a0centaines de milliers de Syriens innocents\u00a0\u00bb\u00a0<\/em>qui ont \u00e9t\u00e9\u00a0<em>\u00ab\u00a0maltrait\u00e9s, tortur\u00e9s, et tu\u00e9s\u00a0\u00bb<\/em>.\u00a0<em>\u00ab\u00a0L&rsquo;Etat de barbarie est tomb\u00e9. Enfin\u00a0\u00bb<\/em>, a r\u00e9agi Emmanuel Macron sur\u00a0le r\u00e9seau social X.<\/p>\n\n\n\n<p><strong>Les Etats-Unis frappent l&rsquo;Etat islamique.<\/strong>&nbsp;L&rsquo;arm\u00e9e am\u00e9ricaine a men\u00e9 dimanche&nbsp;<em>\u00ab\u00a0des dizaines de frappes a\u00e9riennes\u00a0\u00bb<\/em>&nbsp;dans le centre de la Syrie visant&nbsp;<em>\u00ab\u00a0plus de 75 cibles\u00a0\u00bb&nbsp;<\/em>du groupe Etat islamique, a annonc\u00e9 le Centcom, le commandement militaire am\u00e9ricain pour le Moyen-Orient<em>. \u00ab\u00a0Il ne doit y avoir aucun doute&nbsp;: nous ne laisserons pas l&rsquo;EI se reconstituer et tirer profit de la situation actuelle en Syrie\u00a0\u00bb<\/em>, a d\u00e9clar\u00e9 le g\u00e9n\u00e9ral Michael Erik Kurilla.<\/p>\n","protected":false},"excerpt":{"rendered":"<p>\u00ab\u00a0Il n&rsquo;y a rien \u00e0 dire sur l&#8217;emplacement d&rsquo;Assad\u00a0\u00bb, a d\u00e9clar\u00e9 Dmitri Peskov, le porte-parole du Kremlin, lundi. Ce qu&rsquo;il<\/p>\n","protected":false},"author":1,"featured_media":48167,"comment_status":"open","ping_status":"open","sticky":false,"template":"","format":"standard","meta":{"footnotes":""},"categories":[51],"tags":[],"class_list":["post-48166","post","type-post","status-publish","format-standard","has-post-thumbnail","hentry","category-general"],"_links":{"self":[{"href":"https:\/\/dekkbi.com\/index.php?rest_route=\/wp\/v2\/posts\/48166","targetHints":{"allow":["GET"]}}],"collection":[{"href":"https:\/\/dekkbi.com\/index.php?rest_route=\/wp\/v2\/posts"}],"about":[{"href":"https:\/\/dekkbi.com\/index.php?rest_route=\/wp\/v2\/types\/post"}],"author":[{"embeddable":true,"href":"https:\/\/dekkbi.com\/index.php?rest_route=\/wp\/v2\/users\/1"}],"replies":[{"embeddable":true,"href":"https:\/\/dekkbi.com\/index.php?rest_route=%2Fwp%2Fv2%2Fcomments&post=48166"}],"version-history":[{"count":3,"href":"https:\/\/dekkbi.com\/index.php?rest_route=\/wp\/v2\/posts\/48166\/revisions"}],"predecessor-version":[{"id":48220,"href":"https:\/\/dekkbi.com\/index.php?rest_route=\/wp\/v2\/posts\/48166\/revisions\/48220"}],"wp:featuredmedia":[{"embeddable":true,"href":"https:\/\/dekkbi.com\/index.php?rest_route=\/wp\/v2\/media\/48167"}],"wp:attachment":[{"href":"https:\/\/dekkbi.com\/index.php?rest_route=%2Fwp%2Fv2%2Fmedia&parent=48166"}],"wp:term":[{"taxonomy":"category","embeddable":true,"href":"https:\/\/dekkbi.com\/index.php?rest_route=%2Fwp%2Fv2%2Fcategories&post=48166"},{"taxonomy":"post_tag","embeddable":true,"href":"https:\/\/dekkbi.com\/index.php?rest_route=%2Fwp%2Fv2%2Ftags&post=48166"}],"curies":[{"name":"wp","href":"https:\/\/api.w.org\/{rel}","templated":true}]}}