{"id":48160,"date":"2024-12-09T10:59:33","date_gmt":"2024-12-09T10:59:33","guid":{"rendered":"https:\/\/dekkbi.com\/?p=48160"},"modified":"2024-12-09T10:59:33","modified_gmt":"2024-12-09T10:59:33","slug":"le-khalife-de-pire-appelle-les-senegalais-a-faire-bloc-derriere-le-pouvoir-actuel","status":"publish","type":"post","link":"https:\/\/dekkbi.com\/?p=48160","title":{"rendered":"Le Khalife de Pire appelle les S\u00e9n\u00e9galais \u00e0 faire bloc derri\u00e8re le pouvoir actuel"},"content":{"rendered":"\n<p>Pire, 9 d\u00e9c (APS) \u2013 Le Khalife de Pire, Serigne Abdou Ciss\u00e9, a appel\u00e9 samedi, les S\u00e9n\u00e9galais \u00e0 faire bloc derri\u00e8re le pouvoir actuel, pour lui permettre d\u2019accomplir sa volont\u00e9 de \u201cchanger radicalement le visage du S\u00e9n\u00e9gal\u201c.<\/p>\n\n\n\n<p>\u201cLe pouvoir actuel veut changer radicalement le S\u00e9n\u00e9gal, (il veut) approfondir la r\u00e9flexion, pour sortir le S\u00e9n\u00e9gal du sous-d\u00e9veloppement\u201c, a dit le religieux,<\/p>\n\n\n\n<p>\u201cTout le S\u00e9n\u00e9gal doit constituer un bloc derri\u00e8re nos autorit\u00e9s\u201c, a-t-il plaid\u00e9.<\/p>\n\n\n\n<p>Saluant la diversit\u00e9 d\u2019opinion qui s\u2019exprime \u00e0 la RTS (t\u00e9l\u00e9vision publique), comme un \u00ab&nbsp;bon barom\u00e8tre pour mesurer l\u2019ouverture d\u2019esprit de nos dirigeants actuels&nbsp;\u00bb, il d\u00e9c\u00e8le une conformit\u00e9 entre les paroles et les actes du nouveau r\u00e9gime.<\/p>\n\n\n\n<p>Serigne Mame Abdou Ciss\u00e9 s\u2019est r\u00e9joui du \u00ab&nbsp;tournant historique excellemment abord\u00e9 par les autorit\u00e9s actuelles, pour changer radicalement le visage du S\u00e9n\u00e9gal, dans le but exclusif de favoriser sa marche assur\u00e9e vers le d\u00e9veloppement&nbsp;\u00bb.<\/p>\n\n\n\n<p>Il s\u2019exprimait lors de la c\u00e9r\u00e9monie officielle de la 122-\u00e8me \u00e9dition du Gamou de Pire o\u00f9 le gouvernement \u00e9tait repr\u00e9sent\u00e9 par son porte-parole, Amadou Moustapha Njekk Sarr\u00e9.<\/p>\n\n\n\n<p>Dans son message, Serigne Abdou Ciss\u00e9 a notamment rappel\u00e9 le r\u00f4le important que ne cessent de jouer les chefs religieux pour la stabilit\u00e9 du S\u00e9n\u00e9gal.<\/p>\n\n\n\n<p>Il a laiss\u00e9 entendre que le soutien des religieux au pouvoir en place, \u00ab&nbsp;dans la plus grande discr\u00e9tion&nbsp;\u00bb, est une tradition au S\u00e9n\u00e9gal. Il a \u00e9voqu\u00e9 les exemples de Serigne Fallou et Serigne Babacar Sy qui soutenaient le premier pr\u00e9sident s\u00e9n\u00e9galais L\u00e9opold S\u00e9dar Senghor.<\/p>\n\n\n\n<p>\u00ab&nbsp;Aujourd\u2019hui encore, j\u2019exprime mon soutien le plus total aux autorit\u00e9s actuelles de la R\u00e9publique du S\u00e9n\u00e9gal&nbsp;\u00bb, a insist\u00e9 Serigne Abdou Ciss\u00e9.<\/p>\n\n\n\n<p>La c\u00e9r\u00e9monie officielle de la 122-\u00e8me \u00e9dition du Gamou de Pire, \u00e9tait ax\u00e9e sur la question palestinienne et l\u2019\u00e9ducation des enfants.<\/p>\n\n\n\n<p>Le Khalife Serigne Abdou Ciss\u00e9 a d\u00e9fendu la \u00ab&nbsp;position courageuse&nbsp;\u00bb du gouvernement du S\u00e9n\u00e9gal sur la question palestinienne lors du sommet de l\u2019Organisation de conf\u00e9rence islamique (OCI) tenue en Gambie au mois de septembre dernier, et la retentissante d\u00e9claration du pr\u00e9sident Faye \u00e0 la tribune des Nations unies.<\/p>\n\n\n\n<p>Moustapha Njekk Sarr\u00e9 s\u2019est dit \u00ab heureux \u00bb de repr\u00e9senter le Premier ministre Ousmane Sonko et le pr\u00e9sident de la R\u00e9publique Bassirou Diomaye Faye \u00e0 cet \u00e9v\u00e9nement religieux.<\/p>\n\n\n\n<p>Pour M. Sarr\u00e9, \u00ab&nbsp;si l\u2019islam a gard\u00e9 toute son authenticit\u00e9 au S\u00e9n\u00e9gal, nous le devons (aux) illustres grands-parents&nbsp;\u00bb de ces chefs religieux musulmans, de la trempe de Seydi Hadji Malick Sy et Serigne Tafsir Abdou Ciss\u00e9.<\/p>\n\n\n\n<p>\u00ab&nbsp;La preuve est qu\u2019\u00e0 chaque fois que le monde entier pr\u00e9dit le chaos dans notre pays, l\u2019unit\u00e9 finit par pr\u00e9dominer, au point d\u2019\u00e9clipser tout risque de basculement&nbsp;\u00bb, a argu\u00e9 le ministre de la Formation professionnelle et technique.<\/p>\n\n\n\n<p>\u00ab&nbsp;Tous les diplomates et administrateurs civils doivent r\u00e9guli\u00e8rement venir rendre visite au Khalife Serigne Abdou Ciss\u00e9 et recueillir (son) immense expertise et (ses) lumineux conseils&nbsp;\u00bb, a-t-il soutenu.&nbsp;<\/p>\n","protected":false},"excerpt":{"rendered":"<p>Pire, 9 d\u00e9c (APS) \u2013 Le Khalife de Pire, Serigne Abdou Ciss\u00e9, a appel\u00e9 samedi, les S\u00e9n\u00e9galais \u00e0 faire bloc<\/p>\n","protected":false},"author":1,"featured_media":48161,"comment_status":"open","ping_status":"open","sticky":false,"template":"","format":"standard","meta":{"footnotes":""},"categories":[21],"tags":[],"class_list":["post-48160","post","type-post","status-publish","format-standard","has-post-thumbnail","hentry","category-societe"],"_links":{"self":[{"href":"https:\/\/dekkbi.com\/index.php?rest_route=\/wp\/v2\/posts\/48160","targetHints":{"allow":["GET"]}}],"collection":[{"href":"https:\/\/dekkbi.com\/index.php?rest_route=\/wp\/v2\/posts"}],"about":[{"href":"https:\/\/dekkbi.com\/index.php?rest_route=\/wp\/v2\/types\/post"}],"author":[{"embeddable":true,"href":"https:\/\/dekkbi.com\/index.php?rest_route=\/wp\/v2\/users\/1"}],"replies":[{"embeddable":true,"href":"https:\/\/dekkbi.com\/index.php?rest_route=%2Fwp%2Fv2%2Fcomments&post=48160"}],"version-history":[{"count":1,"href":"https:\/\/dekkbi.com\/index.php?rest_route=\/wp\/v2\/posts\/48160\/revisions"}],"predecessor-version":[{"id":48162,"href":"https:\/\/dekkbi.com\/index.php?rest_route=\/wp\/v2\/posts\/48160\/revisions\/48162"}],"wp:featuredmedia":[{"embeddable":true,"href":"https:\/\/dekkbi.com\/index.php?rest_route=\/wp\/v2\/media\/48161"}],"wp:attachment":[{"href":"https:\/\/dekkbi.com\/index.php?rest_route=%2Fwp%2Fv2%2Fmedia&parent=48160"}],"wp:term":[{"taxonomy":"category","embeddable":true,"href":"https:\/\/dekkbi.com\/index.php?rest_route=%2Fwp%2Fv2%2Fcategories&post=48160"},{"taxonomy":"post_tag","embeddable":true,"href":"https:\/\/dekkbi.com\/index.php?rest_route=%2Fwp%2Fv2%2Ftags&post=48160"}],"curies":[{"name":"wp","href":"https:\/\/api.w.org\/{rel}","templated":true}]}}