{"id":48147,"date":"2024-12-09T09:49:43","date_gmt":"2024-12-09T09:49:43","guid":{"rendered":"https:\/\/dekkbi.com\/?p=48147"},"modified":"2024-12-09T11:35:28","modified_gmt":"2024-12-09T11:35:28","slug":"kaolack-journee-nationale-de-setal-sunu-reew-dans-la-ville-el-hadji-fallou-kebe-sattaque-a-linsalubrite-du-site-de-lancienne-gouvernance","status":"publish","type":"post","link":"https:\/\/dekkbi.com\/?p=48147","title":{"rendered":"Kaolack \u2013 journ\u00e9e nationale de \u201csetal sunu reew\u201d"},"content":{"rendered":"\n<p><strong> El Hadji Fallou K\u00e9b\u00e9 s\u2019attaque \u00e0 l\u2019insalubrit\u00e9 du site de l\u2019ancienne gouvernance<\/strong> . Dans la commune de Kaolack, la 7<sup>\u00e8me<\/sup>\u00a0\u00e9dition de la Journ\u00e9e nationale de\u00a0<em>\u201cSetal Sunu R\u00e9ew\u201d,\u00a0<\/em>a \u00e9t\u00e9 port\u00e9e sur une grande partie de la ville par le pr\u00e9sident de l\u2019Asc Saloum, El Hadji Fallou K\u00e9b\u00e9. Lors de ces op\u00e9rations de nettoyage en masse, l\u2019accent a surtout \u00e9t\u00e9 mis sur le site qui abritait l\u2019ancienne gouvernance de Kaolack class\u00e9e patrimoine de l\u2019UNESCO depuis plus d\u2019une d\u00e9cennie. Cet \u00e9difice, situ\u00e9 en plein c\u0153ur, dans le centre-ville de Kaolack, est \u00e0 l\u2019abandon.<\/p>\n\n\n\n<p>Et pendant de nombreuses ann\u00e9es il est expos\u00e9 \u00e0 toute forme de d\u00e9fiance. Car sans aucun coup de balai ni une quelconque op\u00e9ration de d\u00e9sherbage, ce lieu comme constat\u00e9 par le gouverneur, Mohamed Moctar Watt, pourrait servir de lieu de cachette au grand banditisme ou les malades mentaux errant. D\u2019ailleurs, c\u2019est pour cette raison que le pr\u00e9sident Fallou K\u00e9b\u00e9 a d\u00e9ploy\u00e9 un impressionnant dispositif, samedi derniers pour le d\u00e9marrage d\u2019une large op\u00e9ration de d\u00e9sherbage et d\u2019enl\u00e8vement de tous les objets inutilisables \u00e9parpill\u00e9s un peu partout sur les p\u00e9rim\u00e8tres.<\/p>\n\n\n\n<p>Face \u00e0 l\u2019appel lanc\u00e9 par le pr\u00e9sident de la R\u00e9publique en direction des populations pour leur adh\u00e9sion \u00e0 la conscience citoyenne, le promoteur des&nbsp;<em>72 h du Sine-Saloum<\/em>&nbsp;a invit\u00e9 les citoyens de Kaolack \u00e0 mettre la main \u00e0 la patte, pour rehausser le niveau d\u2019intervention dans les quartiers et contribuer de mani\u00e8re significative \u00e0 l\u2019\u00e9mergence et au d\u00e9veloppement de Kaolack.<\/p>\n\n\n\n<p><strong>Abdoulaye FALL<\/strong><\/p>\n\n\n\n<p><\/p>\n","protected":false},"excerpt":{"rendered":"<p>El Hadji Fallou K\u00e9b\u00e9 s\u2019attaque \u00e0 l\u2019insalubrit\u00e9 du site de l\u2019ancienne gouvernance . Dans la commune de Kaolack, la 7\u00e8me\u00a0\u00e9dition<\/p>\n","protected":false},"author":1,"featured_media":48148,"comment_status":"open","ping_status":"open","sticky":false,"template":"","format":"standard","meta":{"footnotes":""},"categories":[26],"tags":[],"class_list":["post-48147","post","type-post","status-publish","format-standard","has-post-thumbnail","hentry","category-fait-divers"],"_links":{"self":[{"href":"https:\/\/dekkbi.com\/index.php?rest_route=\/wp\/v2\/posts\/48147","targetHints":{"allow":["GET"]}}],"collection":[{"href":"https:\/\/dekkbi.com\/index.php?rest_route=\/wp\/v2\/posts"}],"about":[{"href":"https:\/\/dekkbi.com\/index.php?rest_route=\/wp\/v2\/types\/post"}],"author":[{"embeddable":true,"href":"https:\/\/dekkbi.com\/index.php?rest_route=\/wp\/v2\/users\/1"}],"replies":[{"embeddable":true,"href":"https:\/\/dekkbi.com\/index.php?rest_route=%2Fwp%2Fv2%2Fcomments&post=48147"}],"version-history":[{"count":3,"href":"https:\/\/dekkbi.com\/index.php?rest_route=\/wp\/v2\/posts\/48147\/revisions"}],"predecessor-version":[{"id":48192,"href":"https:\/\/dekkbi.com\/index.php?rest_route=\/wp\/v2\/posts\/48147\/revisions\/48192"}],"wp:featuredmedia":[{"embeddable":true,"href":"https:\/\/dekkbi.com\/index.php?rest_route=\/wp\/v2\/media\/48148"}],"wp:attachment":[{"href":"https:\/\/dekkbi.com\/index.php?rest_route=%2Fwp%2Fv2%2Fmedia&parent=48147"}],"wp:term":[{"taxonomy":"category","embeddable":true,"href":"https:\/\/dekkbi.com\/index.php?rest_route=%2Fwp%2Fv2%2Fcategories&post=48147"},{"taxonomy":"post_tag","embeddable":true,"href":"https:\/\/dekkbi.com\/index.php?rest_route=%2Fwp%2Fv2%2Ftags&post=48147"}],"curies":[{"name":"wp","href":"https:\/\/api.w.org\/{rel}","templated":true}]}}