{"id":48100,"date":"2024-12-06T10:18:47","date_gmt":"2024-12-06T10:18:47","guid":{"rendered":"https:\/\/dekkbi.com\/?p=48100"},"modified":"2024-12-06T10:18:47","modified_gmt":"2024-12-06T10:18:47","slug":"censure-du-gouvernement-barnier-emmanuel-macron-exclut-de-demissionner","status":"publish","type":"post","link":"https:\/\/dekkbi.com\/?p=48100","title":{"rendered":"Censure du gouvernement Barnier: Emmanuel Macron exclut de d\u00e9missionner"},"content":{"rendered":"\n<p>Au lendemain d&rsquo;une censure in\u00e9dite depuis 60 ans qui a renvers\u00e9 le gouvernement de Michel Barnier et alors que plusieurs voix l&rsquo;appellent \u00e0 la d\u00e9mission, Emmanuel Macron a d\u00e9clar\u00e9 ce jeudi soir lors d&rsquo;une allocution t\u00e9l\u00e9vis\u00e9e qu&rsquo;il accomplirait son mandat \u00ab\u00a0<em>jusqu&rsquo;\u00e0 son terme<\/em>\u00a0\u00bb.<\/p>\n\n\n\n<p>Par :RFI avec AFP &#8211; \u00ab\u00a0<em>Le mandat que vous m&rsquo;avez d\u00e9mocratiquement confi\u00e9 est un mandat de cinq ans et je l&rsquo;exercerai pleinement jusqu&rsquo;\u00e0 son terme<\/em>\u00a0\u00bb, a annonc\u00e9\u00a0<strong>Emmanuel Macron<\/strong>, au lendemain du\u00a0<strong>renversement du gouvernement de Michel Barnier<\/strong>\u00a0par l&rsquo;Assembl\u00e9e nationale. Le d\u00e9part du chef de l&rsquo;\u00c9tat est souhait\u00e9 par 59% \u00e0 61% des Fran\u00e7ais, selon des sondages Odoxa et Elabe publi\u00e9s ce jeudi. Plusieurs responsables politiques se sont joints ces derniers jours aux voix de La France insoumise (LFI) qui appelle \u00e0 la d\u00e9mission du pr\u00e9sident de la R\u00e9publique de ses v\u0153ux depuis l&rsquo;\u00e9t\u00e9.<\/p>\n\n\n\n<p>\u00ab&nbsp;<em>Je n&rsquo;assumerai jamais l&rsquo;irresponsabilit\u00e9 des autres, et notamment des parlementaires qui ont choisi en conscience de faire tomber le budget et le gouvernement de la France \u00e0 quelques jours des f\u00eates de No\u00ebl<\/em>&nbsp;\u00bb, a-t-il insist\u00e9 dans une allocution d&rsquo;une dizaine de minutes,&nbsp;tout en accusant les oppositions d&rsquo;extr\u00eame gauche et d&rsquo;extr\u00eame droite de s&rsquo;\u00eatre unies \u00ab&nbsp;<em>dans un front antir\u00e9publicain<\/em>&nbsp;\u00bb pour semer le \u00ab&nbsp;<em>chaos<\/em>&nbsp;\u00bb. Ils \u00ab&nbsp;<em>ne pensent qu&rsquo;\u00e0 une seule chose, l&rsquo;\u00e9lection pr\u00e9sidentielle, pour la pr\u00e9parer, pour la provoquer, pour la pr\u00e9cipiter<\/em>&nbsp;\u00bb, a-t-il ainsi fustig\u00e9. \u00ab&nbsp;<em>Les d\u00e9put\u00e9s du RN ont choisi de voter une motion de censure qui disait le contraire de leur programme qui insultait leurs propres \u00e9lecteurs<\/em>&nbsp;\u00bb, a encore d\u00e9plor\u00e9 Emmanuel Macron, estimant qu&rsquo;ils avaient choisi le \u00ab&nbsp;<em>d\u00e9sordre qui est le seul projet qui les unit \u00e0 l&rsquo;extr\u00eame gauche, et cela avec la complicit\u00e9 du reste du Nouveau Front populaire<\/em>&nbsp;\u00bb.<\/p>\n\n\n\n<p>Le chef de l&rsquo;\u00c9tat a \u00e9galement reconnu&nbsp;que sa d\u00e9cision de dissoudre l&rsquo;Assembl\u00e9e nationale en juin, qui a plong\u00e9 la France dans une crise politique, \u00ab&nbsp;<em>n&rsquo;a pas \u00e9t\u00e9 comprise<\/em>&nbsp;\u00bb, assumant \u00ab&nbsp;<em>sa responsabilit\u00e9<\/em>&nbsp;\u00bb. Cette d\u00e9cision, \u00ab&nbsp;<em>beaucoup me l&rsquo;ont reproch\u00e9e et je sais, beaucoup continuent de me le reprocher. C&rsquo;est un fait et c&rsquo;est ma responsabilit\u00e9<\/em>&nbsp;\u00bb, a-t-il affirm\u00e9.<\/p>\n\n\n\n<h2 class=\"wp-block-heading\">Un Premier ministre \u00ab&nbsp;<em>dans les prochains jours<\/em>&nbsp;\u00bb<\/h2>\n\n\n\n<p>Prenant acte de la d\u00e9mission de son Premier ministre Michel Barnier, Emmanuel Macron a promis de nommer \u00ab&nbsp;<em>dans les prochains jours<\/em>&nbsp;\u00bb un nouveau chef de gouvernement qui sera charg\u00e9 de former une \u00e9quipe \u00ab<em>&nbsp;resserr\u00e9e<\/em>&nbsp;\u00bb et \u00ab&nbsp;<em>d&rsquo;int\u00e9r\u00eat g\u00e9n\u00e9ral repr\u00e9sentant toutes les forces politiques d&rsquo;un arc de gouvernement qui puisse y participer ou, \u00e0 tout le moins, qui s&rsquo;engage \u00e0 ne pas le censurer<\/em>&nbsp;\u00bb. Plusieurs noms sont \u00e9voqu\u00e9s pour succ\u00e9der \u00e0 Michel Barnier, parmi lesquels celui du ministre des Arm\u00e9es S\u00e9bastien Lecornu, du pr\u00e9sident du MoDem Fran\u00e7ois Bayrou ou encore du ministre de l&rsquo;Int\u00e9rieur Les R\u00e9publicains Bruno Retailleau.<\/p>\n\n\n\n<p>La \u00ab&nbsp;<em>priorit\u00e9<\/em>&nbsp;\u00bb de ce futur Premier ministre \u00ab&nbsp;<em>sera le budget<\/em>&nbsp;\u00bb, a pr\u00e9venu le pr\u00e9sident de la R\u00e9publique alors que les discussions au Parlement ont \u00e9t\u00e9 interrompues par la motion de censure. Une loi sp\u00e9ciale sera d\u00e9pos\u00e9e \u00ab&nbsp;<em>avant la mi-d\u00e9cembre au Parlement<\/em>&nbsp;\u00bb, a-t-il affirm\u00e9. \u00ab&nbsp;<em>Cette loi temporaire permettra, comme c&rsquo;est pr\u00e9vu par notre Constitution, la continuit\u00e9 des services publics et de la vie du pays. Elle appliquera pour 2025 les choix de 2024<\/em>&nbsp;\u00bb.&nbsp;Sans rentrer dans le d\u00e9tail du programme du prochain gouvernement, Emmanuel Macron a n\u00e9anmoins demand\u00e9 un \u00ab&nbsp;<em>cap clair<\/em>&nbsp;\u00bb pour \u00ab&nbsp;<em>30 mois d&rsquo;actions utiles pour le pays<\/em>&nbsp;\u00bb, esquissant une feuille de route en estimant par exemple que \u00ab<em>&nbsp;l&rsquo;avenir<\/em>&nbsp;\u00bb ne passerait pas par \u00ab&nbsp;<em>plus d&rsquo;imp\u00f4ts, plus de normes ou avec quelque laxisme face au narcotrafic<\/em>&nbsp;\u00bb.<\/p>\n\n\n\n<h2 class=\"wp-block-heading\">\u00ab&nbsp;<em>Bal des hypocrites<\/em>&nbsp;\u00bb<\/h2>\n\n\n\n<p>En r\u00e9ponse aux critiques d&rsquo;Emmanuel Macron, Marine Le Pen a d\u00e9nonc\u00e9 \u00ab<em>&nbsp;le bal des hypocrites&nbsp;<\/em>\u00bb. \u00ab&nbsp;<em>On nous reproche d&rsquo;avoir vot\u00e9 la motion de censure avec le NFP. Mais qui a fait alliance avec l&rsquo;extr\u00eame gauche en juin dernier ? Qui s&rsquo;est d\u00e9sist\u00e9 pour eux ? Qui les a fait \u00e9lire ?<\/em>&nbsp;\u00bb, a interrog\u00e9 la cheffe de file du Rassemblement national.&nbsp;\u00ab&nbsp;<em>Nous avons toujours \u00e9t\u00e9 constructifs et raisonnables, nous le serons avec le prochain gouvernement. Il faudra cependant entendre les attentes de nos onze millions d&rsquo;\u00e9lecteurs<\/em>&nbsp;\u00bb, a-t-elle \u00e9galement d\u00e9clar\u00e9, r\u00e9clamant un Premier ministre \u00ab&nbsp;<em>capable de parler avec tout le monde<\/em>&nbsp;\u00bb.<\/p>\n\n\n\n<p>\u00ab&nbsp;<em>Je ne connais qu\u2019un front anti r\u00e9publicain, celui donne des gages \u00e0 l\u2019extr\u00eame droite, qui la banalise et qui n\u00e9gocie exclusivement avec elle<\/em>&nbsp;\u00bb, a r\u00e9agi sur X le premier secr\u00e9taire du Parti socialiste, Olivier Faure. Emmanuel Macron est \u00ab&nbsp;<em>la cause du probl\u00e8me<\/em>&nbsp;\u00bb politique en France et \u00ab&nbsp;<em>s&rsquo;en ira par la force des \u00e9v\u00e9nements<\/em>&nbsp;\u00bb, a r\u00e9agi Jean-Luc M\u00e9lenchon, sur TF1. \u00ab&nbsp;<em>C&rsquo;est lui qui fiche la pagaille, c&rsquo;est lui bloque tout et ne veut entendre personne<\/em>&nbsp;\u00bb, a estim\u00e9 le leader de LFI, pr\u00e9disant que \u00ab&nbsp;<em>dans un mois ou dans deux mois peut-\u00eatre, le Rassemblement national finira par se dire qu&rsquo;il n&rsquo;y a pas d&rsquo;autre solution<\/em>&nbsp;\u00bb que le d\u00e9part d&rsquo;Emmanuel Macron de l&rsquo;\u00c9lys\u00e9e.<\/p>\n\n\n\n<p>Lucie Castets, candidate \u00e0 Matignon pour le Nouveau Front populaire l&rsquo;\u00e9t\u00e9 dernier, s&rsquo;est dite de son c\u00f4t\u00e9 \u00ab&nbsp;<em>extr\u00eamement choqu\u00e9e<\/em>&nbsp;\u00bb par les d\u00e9clarations d&rsquo;Emmanuel Macron concernant \u00ab&nbsp;<em>un front antir\u00e9publicain<\/em>&nbsp;\u00bb. \u00ab&nbsp;<em>J&rsquo;ai eu l&rsquo;impression d&rsquo;un pr\u00e9sident de la R\u00e9publique qui est \u00e0 la fois chef de tout, mais responsable de rien&nbsp;<\/em>\u00bb, a-t-elle ajout\u00e9.<\/p>\n","protected":false},"excerpt":{"rendered":"<p>Au lendemain d&rsquo;une censure in\u00e9dite depuis 60 ans qui a renvers\u00e9 le gouvernement de Michel Barnier et alors que plusieurs<\/p>\n","protected":false},"author":1,"featured_media":48101,"comment_status":"open","ping_status":"open","sticky":false,"template":"","format":"standard","meta":{"footnotes":""},"categories":[6],"tags":[],"class_list":["post-48100","post","type-post","status-publish","format-standard","has-post-thumbnail","hentry","category-politics"],"_links":{"self":[{"href":"https:\/\/dekkbi.com\/index.php?rest_route=\/wp\/v2\/posts\/48100","targetHints":{"allow":["GET"]}}],"collection":[{"href":"https:\/\/dekkbi.com\/index.php?rest_route=\/wp\/v2\/posts"}],"about":[{"href":"https:\/\/dekkbi.com\/index.php?rest_route=\/wp\/v2\/types\/post"}],"author":[{"embeddable":true,"href":"https:\/\/dekkbi.com\/index.php?rest_route=\/wp\/v2\/users\/1"}],"replies":[{"embeddable":true,"href":"https:\/\/dekkbi.com\/index.php?rest_route=%2Fwp%2Fv2%2Fcomments&post=48100"}],"version-history":[{"count":1,"href":"https:\/\/dekkbi.com\/index.php?rest_route=\/wp\/v2\/posts\/48100\/revisions"}],"predecessor-version":[{"id":48102,"href":"https:\/\/dekkbi.com\/index.php?rest_route=\/wp\/v2\/posts\/48100\/revisions\/48102"}],"wp:featuredmedia":[{"embeddable":true,"href":"https:\/\/dekkbi.com\/index.php?rest_route=\/wp\/v2\/media\/48101"}],"wp:attachment":[{"href":"https:\/\/dekkbi.com\/index.php?rest_route=%2Fwp%2Fv2%2Fmedia&parent=48100"}],"wp:term":[{"taxonomy":"category","embeddable":true,"href":"https:\/\/dekkbi.com\/index.php?rest_route=%2Fwp%2Fv2%2Fcategories&post=48100"},{"taxonomy":"post_tag","embeddable":true,"href":"https:\/\/dekkbi.com\/index.php?rest_route=%2Fwp%2Fv2%2Ftags&post=48100"}],"curies":[{"name":"wp","href":"https:\/\/api.w.org\/{rel}","templated":true}]}}