{"id":48073,"date":"2024-12-06T09:41:16","date_gmt":"2024-12-06T09:41:16","guid":{"rendered":"https:\/\/dekkbi.com\/?p=48073"},"modified":"2024-12-06T09:41:17","modified_gmt":"2024-12-06T09:41:17","slug":"diplomatie-visite-officielle-aux-emirats-arabes-unis-bdf-sest-rendu-a-la-grande-mosquee-sheikh-zayed-et-au-musee-du-louvre-dabou-dhabi","status":"publish","type":"post","link":"https:\/\/dekkbi.com\/?p=48073","title":{"rendered":"Diplomatie\/Visite officielle aux Emirats Arabes Unis: BDF s&rsquo;est rendu \u00e0 la Grande Mosqu\u00e9e Sheikh Zayed et au mus\u00e9e du Louvre d\u2019Abou Dhabi"},"content":{"rendered":"\n<p>En visite officielle de trois (3) jours aux Emirats Arabes Unis, le chef de l&rsquo;Etat S\u00e9n\u00e9galais, Bassirou Diomaye Faye\u00a0 a entam\u00e9 sa visite par la d\u00e9couverte de deux sites : la Grande Mosqu\u00e9e Sheikh Zayed et le mus\u00e9e du Louvre d\u2019Abou Dhabi.<\/p>\n\n\n\n<p> \u00ab\u00a0Ces lieux illustrent l\u2019excellence des \u00c9mirats dans l\u2019art de fusionner, entre autres, culture et patrimoine\u00a0\u00bb, renseigne le tweet post\u00e9 sur la page X de la Pr\u00e9sidence de la R\u00e9publique. <\/p>\n\n\n\n<p>Rappelons que le pr\u00e9sident de la R\u00e9publique, BDF a quitt\u00e9 Dakar, hier, mercredi 4 d\u00e9cembre au petit matin, pour r\u00e9pondre\u00a0 \u00e0 l\u2019invitation de son Altesse Sheikh Mohamed bin Zayed Al Nahyan jusqu&rsquo;au 6 d\u00e9cembre, puis il va participer au Forum de Doha au Qatar du 6 au 8 d\u00e9cembre pour discuter des enjeux globaux.<\/p>\n\n\n\n<p>SOURCE DAKARPLUS<\/p>\n\n\n\n<p><\/p>\n","protected":false},"excerpt":{"rendered":"<p>En visite officielle de trois (3) jours aux Emirats Arabes Unis, le chef de l&rsquo;Etat S\u00e9n\u00e9galais, Bassirou Diomaye Faye\u00a0 a<\/p>\n","protected":false},"author":1,"featured_media":48074,"comment_status":"open","ping_status":"open","sticky":false,"template":"","format":"standard","meta":{"footnotes":""},"categories":[6],"tags":[],"class_list":["post-48073","post","type-post","status-publish","format-standard","has-post-thumbnail","hentry","category-politics"],"_links":{"self":[{"href":"https:\/\/dekkbi.com\/index.php?rest_route=\/wp\/v2\/posts\/48073","targetHints":{"allow":["GET"]}}],"collection":[{"href":"https:\/\/dekkbi.com\/index.php?rest_route=\/wp\/v2\/posts"}],"about":[{"href":"https:\/\/dekkbi.com\/index.php?rest_route=\/wp\/v2\/types\/post"}],"author":[{"embeddable":true,"href":"https:\/\/dekkbi.com\/index.php?rest_route=\/wp\/v2\/users\/1"}],"replies":[{"embeddable":true,"href":"https:\/\/dekkbi.com\/index.php?rest_route=%2Fwp%2Fv2%2Fcomments&post=48073"}],"version-history":[{"count":1,"href":"https:\/\/dekkbi.com\/index.php?rest_route=\/wp\/v2\/posts\/48073\/revisions"}],"predecessor-version":[{"id":48075,"href":"https:\/\/dekkbi.com\/index.php?rest_route=\/wp\/v2\/posts\/48073\/revisions\/48075"}],"wp:featuredmedia":[{"embeddable":true,"href":"https:\/\/dekkbi.com\/index.php?rest_route=\/wp\/v2\/media\/48074"}],"wp:attachment":[{"href":"https:\/\/dekkbi.com\/index.php?rest_route=%2Fwp%2Fv2%2Fmedia&parent=48073"}],"wp:term":[{"taxonomy":"category","embeddable":true,"href":"https:\/\/dekkbi.com\/index.php?rest_route=%2Fwp%2Fv2%2Fcategories&post=48073"},{"taxonomy":"post_tag","embeddable":true,"href":"https:\/\/dekkbi.com\/index.php?rest_route=%2Fwp%2Fv2%2Ftags&post=48073"}],"curies":[{"name":"wp","href":"https:\/\/api.w.org\/{rel}","templated":true}]}}