{"id":48043,"date":"2024-12-06T09:09:21","date_gmt":"2024-12-06T09:09:21","guid":{"rendered":"https:\/\/dekkbi.com\/?p=48043"},"modified":"2024-12-06T09:33:06","modified_gmt":"2024-12-06T09:33:06","slug":"affaire-ndiaga-diouf-le-depute-barthelemy-dias-sur-siege-ejectable","status":"publish","type":"post","link":"https:\/\/dekkbi.com\/?p=48043","title":{"rendered":"Affaire Ndiaga Diouf: le d\u00e9put\u00e9 Barth\u00e9lemy Dias sur si\u00e8ge \u00e9jectable"},"content":{"rendered":"\n<p>Le maire de Dakar Barth\u00e9lemy Dias va perdre prochainement son mandat de d\u00e9put\u00e9,&nbsp; sauf changement de programme.<br>L\u2019Assembl\u00e9e nationale a \u00e9t\u00e9 saisie pour la r\u00e9vocation de son poste, renseigne une source proche du groupe parlementaire de la majorit\u00e9.<\/p>\n\n\n\n<p>Pour rappel,&nbsp; Barth\u00e9lemy Dias a \u00e9t\u00e9 condamn\u00e9 \u00e0 deux ans de prison dont 6 mois ferme avec des dommages et int\u00e9r\u00eats de 25 millions de FCFA qu\u2019il devait payer \u00e0 la famille de Ndiaga Diouf. La Cour d\u2019appel avait confirm\u00e9 la peine en premi\u00e8re instance. Le pourvoi introduit devant la Cour Supr\u00eame a \u00e9t\u00e9 rejet\u00e9 par la haute juridiction.<\/p>\n\n\n\n<p>SOURCE SUDQUOTIDIEN<\/p>\n","protected":false},"excerpt":{"rendered":"<p>Le maire de Dakar Barth\u00e9lemy Dias va perdre prochainement son mandat de d\u00e9put\u00e9,&nbsp; sauf changement de programme.L\u2019Assembl\u00e9e nationale a \u00e9t\u00e9<\/p>\n","protected":false},"author":1,"featured_media":48067,"comment_status":"open","ping_status":"open","sticky":false,"template":"","format":"standard","meta":{"footnotes":""},"categories":[21],"tags":[],"class_list":["post-48043","post","type-post","status-publish","format-standard","has-post-thumbnail","hentry","category-societe"],"_links":{"self":[{"href":"https:\/\/dekkbi.com\/index.php?rest_route=\/wp\/v2\/posts\/48043","targetHints":{"allow":["GET"]}}],"collection":[{"href":"https:\/\/dekkbi.com\/index.php?rest_route=\/wp\/v2\/posts"}],"about":[{"href":"https:\/\/dekkbi.com\/index.php?rest_route=\/wp\/v2\/types\/post"}],"author":[{"embeddable":true,"href":"https:\/\/dekkbi.com\/index.php?rest_route=\/wp\/v2\/users\/1"}],"replies":[{"embeddable":true,"href":"https:\/\/dekkbi.com\/index.php?rest_route=%2Fwp%2Fv2%2Fcomments&post=48043"}],"version-history":[{"count":1,"href":"https:\/\/dekkbi.com\/index.php?rest_route=\/wp\/v2\/posts\/48043\/revisions"}],"predecessor-version":[{"id":48044,"href":"https:\/\/dekkbi.com\/index.php?rest_route=\/wp\/v2\/posts\/48043\/revisions\/48044"}],"wp:featuredmedia":[{"embeddable":true,"href":"https:\/\/dekkbi.com\/index.php?rest_route=\/wp\/v2\/media\/48067"}],"wp:attachment":[{"href":"https:\/\/dekkbi.com\/index.php?rest_route=%2Fwp%2Fv2%2Fmedia&parent=48043"}],"wp:term":[{"taxonomy":"category","embeddable":true,"href":"https:\/\/dekkbi.com\/index.php?rest_route=%2Fwp%2Fv2%2Fcategories&post=48043"},{"taxonomy":"post_tag","embeddable":true,"href":"https:\/\/dekkbi.com\/index.php?rest_route=%2Fwp%2Fv2%2Ftags&post=48043"}],"curies":[{"name":"wp","href":"https:\/\/api.w.org\/{rel}","templated":true}]}}