{"id":47994,"date":"2024-12-05T12:06:50","date_gmt":"2024-12-05T12:06:50","guid":{"rendered":"https:\/\/dekkbi.com\/?p=47994"},"modified":"2024-12-05T13:38:40","modified_gmt":"2024-12-05T13:38:40","slug":"coupe-du-monde-2026-mondial-2026-coup-de-chaud-sur-le-foot","status":"publish","type":"post","link":"https:\/\/dekkbi.com\/?p=47994","title":{"rendered":"2026: Coup de chaud sur le foot !"},"content":{"rendered":"\n<p><em><strong>La Coupe du monde 2026 ne sera pas non plus sans pol\u00e9miques. La question climatique s\u2019invite d\u00e9j\u00e0 et risque d\u2019en constituer le premier point noir.<\/strong><\/em><\/p>\n\n\n\n<p>En bon climatosceptique, pour peu qu\u2019il comprenne l\u2019expression, Donald Trump va \u00eatre confront\u00e9 \u00e0 ses certitudes lorsqu\u2019il devra accueillir la Coupe du monde de football en 2026. Le retour du Mondial sur le continent nord-am\u00e9ricain,&nbsp;apr\u00e8s la belle \u00e9dition de 1994, s\u2019effectue dans un contexte plut\u00f4t angoissant. Personne n\u2019a oubli\u00e9 que la dimension \u00e9cologique avait constitu\u00e9, en m\u00eame temps que&nbsp;les conditions de vie (et de mort) des travailleurs migrants, un des sombres aspects de l\u2019\u00e9dition 2022 au Qatar, et ce, malgr\u00e9 le&nbsp;<em>greenwashing<\/em>&nbsp;pratiqu\u00e9 par l\u2019\u00e9mirat.<\/p>\n\n\n\n<p>Or, alors que l\u2019ogre du MAGA retourne \u00e0 la Maison-Blanche, les effets du d\u00e9r\u00e8glement climatique se ressentent de plus en plus concr\u00e8tement. Apr\u00e8s avoir connu l\u2019hiver le plus chaud jamais enregistr\u00e9 (une hausse moyenne des temp\u00e9ratures de 3,1\u00b0C), une vague de chaleur terrible s\u2019est abattue sur les contr\u00e9es de l\u2019oncle Sam, notamment dans l\u2019Ouest. Selon l\u2019Agence am\u00e9ricaine de protection de l\u2019environnement (EPA), les 50 plus grandes villes am\u00e9ricaines ont vu la fr\u00e9quence moyenne des vagues de chaleur passer de deux par an dans les ann\u00e9es 1960 \u00e0 six dans les ann\u00e9es 2010 et 2020. Cela dit, dans l\u2019Hexagone, M\u00e9t\u00e9o France annonce \u00e9galement une saison avec une anomalie de +0,8 \u00b0C, qui fait suite aux deux automnes les plus chauds jamais enregistr\u00e9s (\u00e0 titre d\u2019information pour la LFP et son rapport au train).<\/p>\n\n\n\n<p><strong>Un danger pour les joueurs<\/strong><\/p>\n\n\n\n<p>Tout d\u2019abord, l\u2019impact carbone de&nbsp;ce nouveau format surdimensionn\u00e9&nbsp;(48 \u00e9quipes en lice) va \u00eatre in\u00e9vitablement d\u00e9sastreux avec l\u2019utilisation de nombreux avions, indispensables pour se d\u00e9placer sur les trois pays (Canada, USA et Mexique), sans oublier le recours massif \u00e0 la climatisation. Il n\u2019est cette fois pas question de d\u00e9placer l\u2019\u00e9preuve en hiver, mais en se d\u00e9roulant du 11 juin au 19 juillet, la comp\u00e9tition phare de la FIFA va exposer les supporters et surtout les joueurs \u00e0 des conditions extr\u00eames.<\/p>\n\n\n\n<p>Une \u00e9tude publi\u00e9e le jeudi 28 novembre dans&nbsp;<em>Scientific Reports<\/em>, cit\u00e9e par&nbsp;<em>Le Monde<\/em>, s\u2019alarme de temp\u00e9ratures ressenties approchant les 50 degr\u00e9s. Toujours dans le quotidien du soir, Marek Konefal, chercheur \u00e0 l\u2019universit\u00e9 des sciences de la sant\u00e9 et du sport de Wroc\u0142aw (Pologne), souligne que&nbsp;<em>\u00ab&nbsp;ce stress thermique nuit aux performances des athl\u00e8tes, qui vont \u00eatre moins pr\u00e9cis et moins rapides. Cela aura un impact n\u00e9gatif sur les distances totales qu\u2019ils peuvent couvrir, mais aussi sur le nombre de sprints et de sauts.&nbsp;\u00bb<\/em><\/p>\n\n\n\n<p>De telles contraintes dans l\u2019exercice de leur \u00ab&nbsp;travail&nbsp;\u00bb vont s\u00fbrement venir renforcer la grogne autour&nbsp;des cadences et des calendriers surcharg\u00e9s, entra\u00eenant blessures et burn-out, qui \u00e9manent principalement du contingent des internationaux. La FIFA a certes tent\u00e9 par le pass\u00e9 de donner des gages, par exemple les interruptions de match et les pauses fra\u00eecheur, en cas de chaleurs excessives, mais sans jamais vouloir toucher \u00e9videmment \u00e0 la sacro-sainte tenue de la rencontre. La primaut\u00e9 \u00e9conomique semble rester de glace face aux dangers du r\u00e9chauffement climatique.<\/p>\n\n\n\n<p>Les sp\u00e9cialistes recommandent pourtant, pour leur part, de d\u00e9caler les rencontres \u00e0 des moments plus \u00ab&nbsp;temp\u00e9r\u00e9s&nbsp;\u00bb, plut\u00f4t que le recours contradictoire aux stades climatis\u00e9s pour des raisons \u00e9cologiques \u00e9videntes. Il est fort peu probable que les d\u00e9tenteurs des droits t\u00e9l\u00e9, principalement europ\u00e9ens, acceptent de diminuer la valeur de leur produit si ch\u00e8rement pay\u00e9 simplement pour sauver la plan\u00e8te ou dans l\u2019int\u00e9r\u00eat du bien-\u00eatre des joueurs, en leur \u00e9pargnant de perdre au minimum 1 litre et demi de sueur en 90 minutes. En attendant les prochaines \u00e9ditions en Espagne, au Portugal et au Maroc en 2030, et enfin en Arabie saoudite en 2034, nous n\u2019avons pas fini de suer pour le foot et les profits de la FIFA.<\/p>\n\n\n\n<p><em><strong>SOFOO<\/strong><\/em><\/p>\n","protected":false},"excerpt":{"rendered":"<p>La Coupe du monde 2026 ne sera pas non plus sans pol\u00e9miques. La question climatique s\u2019invite d\u00e9j\u00e0 et risque d\u2019en<\/p>\n","protected":false},"author":1,"featured_media":47995,"comment_status":"open","ping_status":"open","sticky":false,"template":"","format":"standard","meta":{"footnotes":""},"categories":[9],"tags":[],"class_list":["post-47994","post","type-post","status-publish","format-standard","has-post-thumbnail","hentry","category-sports"],"_links":{"self":[{"href":"https:\/\/dekkbi.com\/index.php?rest_route=\/wp\/v2\/posts\/47994","targetHints":{"allow":["GET"]}}],"collection":[{"href":"https:\/\/dekkbi.com\/index.php?rest_route=\/wp\/v2\/posts"}],"about":[{"href":"https:\/\/dekkbi.com\/index.php?rest_route=\/wp\/v2\/types\/post"}],"author":[{"embeddable":true,"href":"https:\/\/dekkbi.com\/index.php?rest_route=\/wp\/v2\/users\/1"}],"replies":[{"embeddable":true,"href":"https:\/\/dekkbi.com\/index.php?rest_route=%2Fwp%2Fv2%2Fcomments&post=47994"}],"version-history":[{"count":2,"href":"https:\/\/dekkbi.com\/index.php?rest_route=\/wp\/v2\/posts\/47994\/revisions"}],"predecessor-version":[{"id":48023,"href":"https:\/\/dekkbi.com\/index.php?rest_route=\/wp\/v2\/posts\/47994\/revisions\/48023"}],"wp:featuredmedia":[{"embeddable":true,"href":"https:\/\/dekkbi.com\/index.php?rest_route=\/wp\/v2\/media\/47995"}],"wp:attachment":[{"href":"https:\/\/dekkbi.com\/index.php?rest_route=%2Fwp%2Fv2%2Fmedia&parent=47994"}],"wp:term":[{"taxonomy":"category","embeddable":true,"href":"https:\/\/dekkbi.com\/index.php?rest_route=%2Fwp%2Fv2%2Fcategories&post=47994"},{"taxonomy":"post_tag","embeddable":true,"href":"https:\/\/dekkbi.com\/index.php?rest_route=%2Fwp%2Fv2%2Ftags&post=47994"}],"curies":[{"name":"wp","href":"https:\/\/api.w.org\/{rel}","templated":true}]}}