{"id":47985,"date":"2024-12-05T11:36:24","date_gmt":"2024-12-05T11:36:24","guid":{"rendered":"https:\/\/dekkbi.com\/?p=47985"},"modified":"2024-12-05T11:36:24","modified_gmt":"2024-12-05T11:36:24","slug":"vol-de-betail-un-mal-profond-estime-a-plus-de-2-milliards-de-frs-de-pertes-chaque-annee-au-senegal","status":"publish","type":"post","link":"https:\/\/dekkbi.com\/?p=47985","title":{"rendered":"Vol de b\u00e9tail : Un mal profond estim\u00e9 \u00e0 plus de 2 milliards de frs de pertes chaque ann\u00e9e au S\u00e9n\u00e9gal"},"content":{"rendered":"\n<h3 class=\"wp-block-heading\">Chaque ann\u00e9e, plus de deux milliards de frs CFA de pertes li\u00e9es au vol de b\u00e9tail sont not\u00e9es au S\u00e9n\u00e9gal. Ceci, dans un contexte o\u00f9 l\u2019\u00e9levage contribue \u00e0 hauteur de 4% au PIB dans l\u2019\u00e9conomie nationale<\/h3>\n\n\n\n<p>Un atelier r\u00e9gional organis\u00e9 \u00e0 Saint-Louis par l\u2019Organisation des Nations Unies pour l\u2019Alimentation et l\u2019Agriculture (FAO) sur le th\u00e8me de \u00ab R\u00e9flexion sur le secteur de l\u2019\u00e9levage en Afrique de l\u2019Ouest et au Sahel face \u00e0 la probl\u00e9matique du vol de b\u00e9tail : Quelles solutions pour une pr\u00e9vention et une lutte efficace ? \u00bb a permis aux acteurs multidisciplinaires de discuter des opportunit\u00e9s de r\u00e9flexion strat\u00e9gique autour de cette probl\u00e9matique sectorielle.<\/p>\n\n\n\n<p>Les participants ont, durant deux jours, abord\u00e9 les diff\u00e9rentes facettes du vol de b\u00e9tail en vue de trouver des solutions endog\u00e8nes et d\u00e9gager des perspectives. Il faut noter que des d\u00e9l\u00e9gations venues du Mali, de l\u2019universit\u00e9 Gaston Berger et de l\u2019universit\u00e9 des Sciences, Techniques et Technologiques de Bamako ont pris part \u00e0 cette rencontre.<\/p>\n\n\n\n<p>Concernant les statistiques, Astou Fall a affirm\u00e9 que chaque ann\u00e9e, plus de deux milliards de frs Cfa de pertes li\u00e9es au vol de b\u00e9tail sont not\u00e9es au S\u00e9n\u00e9gal. Ceci, dans un contexte o\u00f9 l\u2019\u00e9levage contribue \u00e0 hauteur de 4% au PIB dans l\u2019\u00e9conomie nationale. Le repr\u00e9sentant du coordonnateur sous r\u00e9gional de la FAO pour l\u2019Afrique de l\u2019Ouest, le Docteur Ibrahima Thiane, a indiqu\u00e9 que la FAO a pris l\u2019initiative d\u2019organiser cette rencontre en invitant le Mali qui vit \u00e9galement la m\u00eame probl\u00e9matique de vol de b\u00e9tail que le S\u00e9n\u00e9gal.<\/p>\n\n\n\n<p>\u00ab Les pertes li\u00e9es au vol du b\u00e9tail sont \u00e9normes, deux milliards pour le S\u00e9n\u00e9gal, 32 millions de dollars pour le Mali et 432 millions de dollars au Nig\u00e9ria. C\u2019est pourquoi le vol du b\u00e9tail est un ph\u00e9nom\u00e8ne complexe qui transcende les fronti\u00e8res et qui m\u00e9rite des actions au niveau national et international en terme de politique publique, d\u2019aspects juridiques et en terme technique \u00bb, a-t-il d\u00e9clar\u00e9.<\/p>\n\n\n\n<p>Dr Ibrahima Thiane a inform\u00e9 qu\u2019il est pr\u00e9vu d\u2019utiliser des drones et d\u2019autres outils qui vont aider \u00e0 tracer le b\u00e9tail. \u00ab Un b\u00e9tail vol\u00e9 au Mali peut \u00eatre retrouv\u00e9 au S\u00e9n\u00e9gal, au Togo, Nig\u00e9ria etc., d\u2019o\u00f9 l\u2019importance des technologies avec les partenaires comme les universit\u00e9s. Nous esp\u00e9rons qu\u2019au sortir de cette rencontre, nous aurons un panel et un ensemble de solutions qui permettront de prendre en compte ce fl\u00e9au en Afrique de l\u2019Ouest \u00bb, a- t-il affirm\u00e9 avant de pr\u00e9ciser que l\u2019approche inclusive permet d\u2019associer les populations, les communaut\u00e9s qui sont les principales victimes.<\/p>\n\n\n\n<p>Pour lui, les comit\u00e9s locaux de lutte contre le vol du b\u00e9tail sont pertinents, mais il faut aller au-del\u00e0 du domaine technique avec le syst\u00e8me national d\u2019identification. Il pr\u00f4ne la mise en place d\u2019une coalition sous r\u00e9gionale qui va permettre de mettre en relation les organisations des \u00e9leveurs pour mieux \u00e9changer et combattre ce fl\u00e9au. Venu participer \u00e0 cet atelier, le directeur national des productions et des industries animales du Mali a d\u00e9clar\u00e9 que cette rencontre est capitale et que le vol du b\u00e9tail a fait perdre \u00e0 l\u2019Etat malien plus de 32 millions de dollars<\/p>\n\n\n\n<p>Avec Le T\u00e9moin<\/p>\n","protected":false},"excerpt":{"rendered":"<p>Chaque ann\u00e9e, plus de deux milliards de frs CFA de pertes li\u00e9es au vol de b\u00e9tail sont not\u00e9es au S\u00e9n\u00e9gal.<\/p>\n","protected":false},"author":1,"featured_media":47986,"comment_status":"open","ping_status":"open","sticky":false,"template":"","format":"standard","meta":{"footnotes":""},"categories":[26],"tags":[],"class_list":["post-47985","post","type-post","status-publish","format-standard","has-post-thumbnail","hentry","category-fait-divers"],"_links":{"self":[{"href":"https:\/\/dekkbi.com\/index.php?rest_route=\/wp\/v2\/posts\/47985","targetHints":{"allow":["GET"]}}],"collection":[{"href":"https:\/\/dekkbi.com\/index.php?rest_route=\/wp\/v2\/posts"}],"about":[{"href":"https:\/\/dekkbi.com\/index.php?rest_route=\/wp\/v2\/types\/post"}],"author":[{"embeddable":true,"href":"https:\/\/dekkbi.com\/index.php?rest_route=\/wp\/v2\/users\/1"}],"replies":[{"embeddable":true,"href":"https:\/\/dekkbi.com\/index.php?rest_route=%2Fwp%2Fv2%2Fcomments&post=47985"}],"version-history":[{"count":1,"href":"https:\/\/dekkbi.com\/index.php?rest_route=\/wp\/v2\/posts\/47985\/revisions"}],"predecessor-version":[{"id":47987,"href":"https:\/\/dekkbi.com\/index.php?rest_route=\/wp\/v2\/posts\/47985\/revisions\/47987"}],"wp:featuredmedia":[{"embeddable":true,"href":"https:\/\/dekkbi.com\/index.php?rest_route=\/wp\/v2\/media\/47986"}],"wp:attachment":[{"href":"https:\/\/dekkbi.com\/index.php?rest_route=%2Fwp%2Fv2%2Fmedia&parent=47985"}],"wp:term":[{"taxonomy":"category","embeddable":true,"href":"https:\/\/dekkbi.com\/index.php?rest_route=%2Fwp%2Fv2%2Fcategories&post=47985"},{"taxonomy":"post_tag","embeddable":true,"href":"https:\/\/dekkbi.com\/index.php?rest_route=%2Fwp%2Fv2%2Ftags&post=47985"}],"curies":[{"name":"wp","href":"https:\/\/api.w.org\/{rel}","templated":true}]}}