{"id":47947,"date":"2024-12-05T09:53:22","date_gmt":"2024-12-05T09:53:22","guid":{"rendered":"https:\/\/dekkbi.com\/?p=47947"},"modified":"2024-12-05T09:53:23","modified_gmt":"2024-12-05T09:53:23","slug":"le-tchad-cree-une-commission-speciale-pour-resilier-les-accords-militaires-avec-paris","status":"publish","type":"post","link":"https:\/\/dekkbi.com\/?p=47947","title":{"rendered":"Le Tchad cr\u00e9e une commission sp\u00e9ciale pour r\u00e9silier les accords militaires avec Paris"},"content":{"rendered":"\n<p>Le Tchad a cr\u00e9\u00e9 mercredi une commission sp\u00e9ciale charg\u00e9e de piloter la d\u00e9nonciation de l&rsquo;accord militaire entre Paris et N&rsquo;Djamena, avec un \u00ab\u00a0retrait ordonn\u00e9 des engagements bilat\u00e9raux\u00a0\u00bb, sans pr\u00e9cision d&rsquo;\u00e9ch\u00e9ance.<\/p>\n\n\n\n<p>Cette commission, pr\u00e9sid\u00e9e par le ministre des Affaires \u00e9trang\u00e8res, a pour mission \u00ab\u00a0de notifier officiellement la d\u00e9nonciation de l&rsquo;accord de coop\u00e9ration militaire (&#8230;.) aupr\u00e8s des autorit\u00e9s fran\u00e7aises par voie diplomatique\u00a0\u00bb, selon un arr\u00eat\u00e9 sign\u00e9 par le Premier ministre.<\/p>\n\n\n\n<p>Elle devra \u00ab\u00a0\u00e9laborer un plan de travail pour la cessation des obligations pr\u00e9vues par la convention, identifier et g\u00e9rer (ses) aspects juridiques, s\u00e9curitaires et logistiques\u00a0\u00bb mais aussi se \u00ab\u00a0coordonner avec le partenaire fran\u00e7ais pour garantir un retrait ordonn\u00e9 des engagements bilat\u00e9raux\u00a0\u00bb, selon la m\u00eame source.<\/p>\n\n\n\n<p>La commission d\u00e9finira son calendrier de travail lors de sa premi\u00e8re r\u00e9union, dont la date n&rsquo;est pas connue, selon les informations obtenues par l&rsquo;AFP. Le d\u00e9lai de r\u00e9siliation est de six mois \u00e0 compter de la notification, selon l&rsquo;accord dont l&rsquo;AFP a eu copie.<\/p>\n\n\n\n<p>Le Tchad, dernier pays sah\u00e9lien \u00e0 abriter des forces fran\u00e7aises, a annonc\u00e9 le 28 novembre dernier sa d\u00e9cision de mettre fin aux accords de s\u00e9curit\u00e9 et de d\u00e9fense qui le liait \u00e0 la France depuis la fin de l&rsquo;\u00e9poque coloniale.<\/p>\n\n\n\n<p>Cette d\u00e9cision prise au nom de la \u00ab\u00a0souverainet\u00e9\u00a0\u00bb apr\u00e8s \u00ab\u00a0une \u00e9valuation minutieuse\u00a0\u00bb a \u00e9t\u00e9 annonc\u00e9e quelques heures apr\u00e8s une visite du chef de la diplomatie fran\u00e7aise Jean-No\u00ebl Barrot. Son annonce-surprise a pris de court Paris qui en a pris \u00ab\u00a0acte\u00a0\u00bb dans l&rsquo;attente d&rsquo;un \u00ab\u00a0dialogue pour la mise en oeuvre\u00a0\u00bb.<\/p>\n\n\n\n<p>\u00ab\u00a0Cette d\u00e9cision de rupture ne constitue en aucun cas un rejet de la coop\u00e9ration internationale ni une remise en question de nos relations diplomatiques avec la France\u00a0\u00bb, a ensuite assur\u00e9 le pr\u00e9sident tchadien, tout en pr\u00e9cisant qu&rsquo;il ne s&rsquo;agissait pas d'\u00a0\u00bbune logique de remplacement d&rsquo;une puissance par une autre\u00a0\u00bb.<\/p>\n\n\n\n<p>Le Tchad accueille actuellement un millier de militaires fran\u00e7ais sur trois bases. Cette pr\u00e9sence est per\u00e7ue comme un \u00ab\u00a0\u00e9l\u00e9ment soutien au r\u00e9gime en place, peu enclin \u00e0 promouvoir des avanc\u00e9es d\u00e9mocratiques\u00a0\u00bb, selon une analyse de l&rsquo;Institut de relations internationales et strat\u00e9giques (IRIS), un think tank fran\u00e7ais.<\/p>\n\n\n\n<p>Encore en transition politique depuis le coup d&rsquo;Etat qui a port\u00e9 au pouvoir le g\u00e9n\u00e9ral Deby en 2020 avant sa l\u00e9gitimation par une \u00e9lection pr\u00e9sidentielle contest\u00e9e en avril dernier, le Tchad subit actuellement des attaques du groupe jihadiste Boko Haram dans le nord-ouest, accueille un afflux de r\u00e9fugi\u00e9s venus du Soudan voisin et \u00e9ponge les d\u00e9g\u00e2ts d&rsquo;une saison des pluies sans pr\u00e9c\u00e9dent qui a fait plus de 2 millions de d\u00e9plac\u00e9s.<\/p>\n\n\n\n<p>La rupture annonc\u00e9e par le Tchad intervient apr\u00e8s le retrait forc\u00e9 des troupes fran\u00e7aises du Mali, du Burkina Faso et du Niger, auquel s&rsquo;ajoute d\u00e9sormais un souhait de fermeture des bases r\u00e9cemment formul\u00e9 par le nouveau pr\u00e9sident s\u00e9n\u00e9galais Bassirou Diomaye Faye.<\/p>\n","protected":false},"excerpt":{"rendered":"<p>Le Tchad a cr\u00e9\u00e9 mercredi une commission sp\u00e9ciale charg\u00e9e de piloter la d\u00e9nonciation de l&rsquo;accord militaire entre Paris et N&rsquo;Djamena,<\/p>\n","protected":false},"author":1,"featured_media":47948,"comment_status":"open","ping_status":"open","sticky":false,"template":"","format":"standard","meta":{"footnotes":""},"categories":[51],"tags":[],"class_list":["post-47947","post","type-post","status-publish","format-standard","has-post-thumbnail","hentry","category-general"],"_links":{"self":[{"href":"https:\/\/dekkbi.com\/index.php?rest_route=\/wp\/v2\/posts\/47947","targetHints":{"allow":["GET"]}}],"collection":[{"href":"https:\/\/dekkbi.com\/index.php?rest_route=\/wp\/v2\/posts"}],"about":[{"href":"https:\/\/dekkbi.com\/index.php?rest_route=\/wp\/v2\/types\/post"}],"author":[{"embeddable":true,"href":"https:\/\/dekkbi.com\/index.php?rest_route=\/wp\/v2\/users\/1"}],"replies":[{"embeddable":true,"href":"https:\/\/dekkbi.com\/index.php?rest_route=%2Fwp%2Fv2%2Fcomments&post=47947"}],"version-history":[{"count":1,"href":"https:\/\/dekkbi.com\/index.php?rest_route=\/wp\/v2\/posts\/47947\/revisions"}],"predecessor-version":[{"id":47949,"href":"https:\/\/dekkbi.com\/index.php?rest_route=\/wp\/v2\/posts\/47947\/revisions\/47949"}],"wp:featuredmedia":[{"embeddable":true,"href":"https:\/\/dekkbi.com\/index.php?rest_route=\/wp\/v2\/media\/47948"}],"wp:attachment":[{"href":"https:\/\/dekkbi.com\/index.php?rest_route=%2Fwp%2Fv2%2Fmedia&parent=47947"}],"wp:term":[{"taxonomy":"category","embeddable":true,"href":"https:\/\/dekkbi.com\/index.php?rest_route=%2Fwp%2Fv2%2Fcategories&post=47947"},{"taxonomy":"post_tag","embeddable":true,"href":"https:\/\/dekkbi.com\/index.php?rest_route=%2Fwp%2Fv2%2Ftags&post=47947"}],"curies":[{"name":"wp","href":"https:\/\/api.w.org\/{rel}","templated":true}]}}