{"id":47941,"date":"2024-12-05T09:10:16","date_gmt":"2024-12-05T09:10:16","guid":{"rendered":"https:\/\/dekkbi.com\/?p=47941"},"modified":"2024-12-05T09:10:17","modified_gmt":"2024-12-05T09:10:17","slug":"liban-le-cessez-le-feu-peut-il-debloquer-la-situation-politique","status":"publish","type":"post","link":"https:\/\/dekkbi.com\/?p=47941","title":{"rendered":"Liban: le cessez-le-feu peut-il d\u00e9bloquer la situation politique?"},"content":{"rendered":"\n<p>Apr\u00e8s les mois de guerre entre le Hezbollah et Isra\u00ebl, le Liban vit depuis le 27 novembre un cessez-le-feu constamment menac\u00e9. Ce nouveau chapitre qui s\u2019ouvre permettra-t-il de sortir du blocage politique, alors que le pays n\u2019a plus de pr\u00e9sident depuis deux ans ? La date du 9 janvier a \u00e9t\u00e9 fix\u00e9e pour une r\u00e9union du Parlement consacr\u00e9e \u00e0 l\u2019\u00e9lection d\u2019un nouveau chef de l\u2019\u00c9tat, mais rien ne dit que les blocages pourront \u00eatre surmont\u00e9s, dans un pays profond\u00e9ment divis\u00e9.<\/p>\n\n\n\n<p><em>Avec nos envoy\u00e9s sp\u00e9ciaux \u00e0 Beyrouth,<\/em>\u00a0<strong>Nicolas Falez<\/strong>\u00a0et\u00a0<strong>Jad El Khoury<\/strong> &#8211; RFI<\/p>\n\n\n\n<p>Cela fait plus de 680 jours que Melhem Khalaf campe dans le Parlement libanais. Ce d\u00e9put\u00e9 ind\u00e9pendant a fait le serment de ne pas en bouger avant l\u2019\u00e9lection d\u2019un pr\u00e9sident.&nbsp;\u00ab<em>&nbsp;On ne peut plus faire face \u00e0 ces malheurs avec un \u00c9tat sans t\u00eate, ou sans pr\u00e9sident. Le pays a besoin de retrouver son \u00c9tat de droit. Sinon, on est en train de perdre une d\u00e9mocratie dans le monde&nbsp;<\/em>\u00bb, d\u00e9plore l&rsquo;\u00e9lu.<\/p>\n\n\n\n<p>Dans le paysage politique libanais, certains font le pari d\u2019un affaiblissement du\u00a0<strong>Hezbollah<\/strong>. C\u2019est le cas des Forces libanaises, parti chr\u00e9tien dont Pierre Bouassi est un des d\u00e9put\u00e9s.\u00a0\u00ab<em>\u00a0Tout le monde est terrifi\u00e9 par le Hezbollah, tout le monde, sauf nous. Nous, on se pr\u00e9sente aux \u00e9lections, si on est pr\u00e9sident, on fait notre travail de pr\u00e9sident. \u00c7a va l\u2019affoler, c\u2019est leur probl\u00e8me, pas le n\u00f4tre. Leur situation est anormale, pas la n\u00f4tre. Avoir un pr\u00e9sident fort, capable de prendre des d\u00e9cisions avec une vision, \u00e7a, c&rsquo;est normal, l\u2019anormal, c&rsquo;est qu\u2019une milice risque d\u2019attaquer le pr\u00e9sident et de paralyser ce pays\u00a0<\/em>\u00bb, explique-t-il<em>.<\/em><\/p>\n\n\n\n<h2 class=\"wp-block-heading\">\u00ab&nbsp;<em>Le faible est fort, le fort est faible<\/em>&nbsp;\u00bb<\/h2>\n\n\n\n<p>Dans le bloc politique form\u00e9 par le Hezbollah et ses alli\u00e9s, on ne semble pas renoncer \u00e0 la candidature avanc\u00e9e depuis des mois, celle de Sleiman Frangi\u00e9, proche de la Syrie.\u00a0<em>\u00ab\u00a0Avec ce qui s&rsquo;est pass\u00e9, il y a des gens qui r\u00eavent que maintenant le rapport de force a chang\u00e9. Au\u00a0<strong>Liban<\/strong>, il n&rsquo;y aura jamais de vainqueur et de vaincu. Le faible est fort, le fort est faible dans cette situation communautaire\u00a0<\/em>\u00bb<em>, affirme\u00a0<\/em>Jamil Seyyed est l\u2019un des d\u00e9put\u00e9s qui soutient le Hezbollah.<\/p>\n\n\n\n<p>Des discussions sont en cours entre partis politiques et des noms circulent, dans un Liban o\u00f9 le choix des dirigeants est aussi l\u2019affaire des pays \u00e9trangers qui soutiennent les diff\u00e9rentes formations politiques.<\/p>\n","protected":false},"excerpt":{"rendered":"<p>Apr\u00e8s les mois de guerre entre le Hezbollah et Isra\u00ebl, le Liban vit depuis le 27 novembre un cessez-le-feu constamment<\/p>\n","protected":false},"author":1,"featured_media":47942,"comment_status":"open","ping_status":"open","sticky":false,"template":"","format":"standard","meta":{"footnotes":""},"categories":[51],"tags":[],"class_list":["post-47941","post","type-post","status-publish","format-standard","has-post-thumbnail","hentry","category-general"],"_links":{"self":[{"href":"https:\/\/dekkbi.com\/index.php?rest_route=\/wp\/v2\/posts\/47941","targetHints":{"allow":["GET"]}}],"collection":[{"href":"https:\/\/dekkbi.com\/index.php?rest_route=\/wp\/v2\/posts"}],"about":[{"href":"https:\/\/dekkbi.com\/index.php?rest_route=\/wp\/v2\/types\/post"}],"author":[{"embeddable":true,"href":"https:\/\/dekkbi.com\/index.php?rest_route=\/wp\/v2\/users\/1"}],"replies":[{"embeddable":true,"href":"https:\/\/dekkbi.com\/index.php?rest_route=%2Fwp%2Fv2%2Fcomments&post=47941"}],"version-history":[{"count":1,"href":"https:\/\/dekkbi.com\/index.php?rest_route=\/wp\/v2\/posts\/47941\/revisions"}],"predecessor-version":[{"id":47943,"href":"https:\/\/dekkbi.com\/index.php?rest_route=\/wp\/v2\/posts\/47941\/revisions\/47943"}],"wp:featuredmedia":[{"embeddable":true,"href":"https:\/\/dekkbi.com\/index.php?rest_route=\/wp\/v2\/media\/47942"}],"wp:attachment":[{"href":"https:\/\/dekkbi.com\/index.php?rest_route=%2Fwp%2Fv2%2Fmedia&parent=47941"}],"wp:term":[{"taxonomy":"category","embeddable":true,"href":"https:\/\/dekkbi.com\/index.php?rest_route=%2Fwp%2Fv2%2Fcategories&post=47941"},{"taxonomy":"post_tag","embeddable":true,"href":"https:\/\/dekkbi.com\/index.php?rest_route=%2Fwp%2Fv2%2Ftags&post=47941"}],"curies":[{"name":"wp","href":"https:\/\/api.w.org\/{rel}","templated":true}]}}