{"id":47939,"date":"2024-12-05T09:08:26","date_gmt":"2024-12-05T09:08:26","guid":{"rendered":"https:\/\/dekkbi.com\/?p=47939"},"modified":"2024-12-05T13:36:56","modified_gmt":"2024-12-05T13:36:56","slug":"censure-du-gouvernement-barnier-emmanuel-macron-seul-face-a-la-quadrature-du-cercle","status":"publish","type":"post","link":"https:\/\/dekkbi.com\/?p=47939","title":{"rendered":"Censure du gouvernement Barnier: Macron seul face \u00e0 la quadrature du cercle"},"content":{"rendered":"\n<p>Au lendemain d&rsquo;une censure historique, Michel Barnier pr\u00e9sente jeudi sa d\u00e9mission \u00e0 Emmanuel Macron qui va s&rsquo;exprimer \u00e0 20 heures \u00e0 la t\u00e9l\u00e9vision pour tenter de fixer un cap alors que s&rsquo;ouvre une p\u00e9riode politique d&rsquo;une rare incertitude.<\/p>\n\n\n\n<p>Trois mois seulement apr\u00e8s sa nomination \u00e0 Matignon, Michel Barnier va prendre ce matin le chemin de l&rsquo;\u00c9lys\u00e9e pour pr\u00e9senter sa d\u00e9mission \u00e0\u00a0<strong>Emmanuel Macron<\/strong>\u00a0qui retourne ainsi \u00e0 la case d\u00e9part et doit trouver un nouveau Premier ministre dans un contexte politique encore plus compliqu\u00e9 qu&rsquo;au mois de septembre. Marine Le Pen alors encline \u00e0 l\u2019indulgence, a d\u00e9cid\u00e9 de durcir le ton et n&rsquo;a pas h\u00e9sit\u00e9 \u00e0 condamner Michel Barnier. Elle entend bien continuer \u00e0 peser notamment sur le budget qu\u2019elle dit vouloir \u00ab\u00a0<em>co-construire<\/em>\u00a0\u00bb avec le prochain chef du gouvernement, rapporte\u00a0<strong>Val\u00e9rie Gas<\/strong>\u00a0du service politique de RFI.<\/p>\n\n\n\n<p>Il s&rsquo;agit d\u00e9sormais pour le chef de l&rsquo;\u00c9tat de r\u00e9soudre la quadrature du cercle, entre reconduite du \u00ab&nbsp;<em>socle commun<\/em>&nbsp;\u00bb entre macronistes et LR ou \u00e9largissement de ses contours afin de d\u00e9gager une coalition gouvernementale davantage cap\u00e9e pour r\u00e9sister \u00e0 une future tentative de censure.<\/p>\n\n\n\n<h2 class=\"wp-block-heading\">L&rsquo;\u00e9ventualit\u00e9 d&rsquo;un accord de \u00ab non censure \u00bb<\/h2>\n\n\n\n<p>Les R\u00e9publicains ne \u00ab&nbsp;<em>feront pas tomber&nbsp;<\/em>\u00bb le prochain gouvernement m\u00eame s&rsquo;ils d\u00e9cidaient de ne pas y participer, a assur\u00e9 sur France 2 leur chef de file \u00e0 l&rsquo;Assembl\u00e9e Laurent Wauquiez. \u00ab<em>&nbsp;On ne sera pas dans le blocage, on ne sera pas dans la strat\u00e9gie du pire<\/em>&nbsp;\u00bb, a-t-il ajout\u00e9, conditionnant la participation de son parti \u00e0 la nouvelle \u00e9quipe en fonction des priorit\u00e9s qui seront mises sur la table.<\/p>\n\n\n\n<p>Le patron des d\u00e9put\u00e9s macronistes, Gabriel Attal, qui va r\u00e9unir les t\u00e9nors de Renaissance dans la matin\u00e9e, propose, lui, un accord de \u00ab&nbsp;non censure&nbsp;\u00bb avec le PS pour \u00e9chapper \u00e0 la tutelle du RN.&nbsp;La gauche r\u00e9clame \u00e0 nouveau Matignon, mais l&rsquo;\u00e9ventualit\u00e9 d&rsquo;un accord de \u00ab&nbsp;non-censure&nbsp;\u00bb avec le bloc central semble vou\u00e9e \u00e0 l&rsquo;\u00e9chec tant que le PS ne se d\u00e9solidarise pas de la France insoumise, son alli\u00e9e au sein du NFP. L&rsquo;\u00e9quation est d&rsquo;autant plus complexe qu&rsquo;une nouvelle dissolution et de nouvelles \u00e9lections l\u00e9gislatives ne peuvent pas intervenir avant juillet.<\/p>\n\n\n\n<h2 class=\"wp-block-heading\">Qui pour Matignon ?<\/h2>\n\n\n\n<p>Emmanuel Macron doit s&rsquo;adresser aux Fran\u00e7ais ce jeudi soir au journal de 20 heures. Selon des indiscr\u00e9tions dans la presse, il aurait \u00e9voqu\u00e9 l&rsquo;hypoth\u00e8se de nommer un nouveau Premier ministre imm\u00e9diatement.<\/p>\n\n\n\n<p>Il est vrai que la France a besoin d&rsquo;un budget, mais ses conseillers r\u00e9pondent que rien n&rsquo;est arr\u00eat\u00e9. Des noms circulent n\u00e9anmoins : certains d\u00e9j\u00e0 \u00e9voqu\u00e9s en septembre, S\u00e9bastien Lecornu, le ministre des Arm\u00e9es, Fran\u00e7ois Bayrou, Bernard Cazeneuve, d&rsquo;autres \u00e9mergent comme Bruno Retailleau, Fran\u00e7ois Baroin, le maire de Troyes, Thierry Breton, l\u2019ancien commissaire europ\u00e9en, ou Fran\u00e7ois Villeroy de Galhau, le gouverneur de la Banque de France, un grand commis de l\u2019\u00c9tat pour s\u2019extraire des crispations partisanes. Les paris sont ouverts, mais un parlementaire du camp pr\u00e9sidentiel s&rsquo;inqui\u00e8te et d\u00e9clare : \u00ab&nbsp;<em>Je ne sais plus o\u00f9 on va, il faut qu&rsquo;on arr\u00eate le massacre&nbsp;<\/em>\u00bb.<\/p>\n\n\n\n<p>La t\u00e2che du futur titulaire s&rsquo;annonce quoi qu&rsquo;il en soit immense. Dans son discours devant l&rsquo;Assembl\u00e9e qui s&rsquo;appr\u00eatait \u00e0 le cong\u00e9dier, Michel Barnier a pr\u00e9venu&nbsp;: la \u00ab&nbsp;<em>r\u00e9alit\u00e9&nbsp;<\/em>\u00bb budg\u00e9taire ne \u00ab&nbsp;<em>dispara\u00eetra pas par l&rsquo;enchantement d&rsquo;une motion de censure<\/em>&nbsp;\u00bb.&nbsp;Attendu \u00e0 6,1% du PIB en 2024, bien plus que les 4,4% pr\u00e9vus \u00e0 l&rsquo;automne 2023, le d\u00e9ficit public raterait son objectif de 5% en l&rsquo;absence de budget, et l&rsquo;incertitude politique p\u00e8serait sur le co\u00fbt de la dette et la croissance.<\/p>\n\n\n\n<p>SOURCE RFI<\/p>\n","protected":false},"excerpt":{"rendered":"<p>Au lendemain d&rsquo;une censure historique, Michel Barnier pr\u00e9sente jeudi sa d\u00e9mission \u00e0 Emmanuel Macron qui va s&rsquo;exprimer \u00e0 20 heures<\/p>\n","protected":false},"author":1,"featured_media":40867,"comment_status":"open","ping_status":"open","sticky":false,"template":"","format":"standard","meta":{"footnotes":""},"categories":[51],"tags":[],"class_list":["post-47939","post","type-post","status-publish","format-standard","has-post-thumbnail","hentry","category-general"],"_links":{"self":[{"href":"https:\/\/dekkbi.com\/index.php?rest_route=\/wp\/v2\/posts\/47939","targetHints":{"allow":["GET"]}}],"collection":[{"href":"https:\/\/dekkbi.com\/index.php?rest_route=\/wp\/v2\/posts"}],"about":[{"href":"https:\/\/dekkbi.com\/index.php?rest_route=\/wp\/v2\/types\/post"}],"author":[{"embeddable":true,"href":"https:\/\/dekkbi.com\/index.php?rest_route=\/wp\/v2\/users\/1"}],"replies":[{"embeddable":true,"href":"https:\/\/dekkbi.com\/index.php?rest_route=%2Fwp%2Fv2%2Fcomments&post=47939"}],"version-history":[{"count":2,"href":"https:\/\/dekkbi.com\/index.php?rest_route=\/wp\/v2\/posts\/47939\/revisions"}],"predecessor-version":[{"id":48021,"href":"https:\/\/dekkbi.com\/index.php?rest_route=\/wp\/v2\/posts\/47939\/revisions\/48021"}],"wp:featuredmedia":[{"embeddable":true,"href":"https:\/\/dekkbi.com\/index.php?rest_route=\/wp\/v2\/media\/40867"}],"wp:attachment":[{"href":"https:\/\/dekkbi.com\/index.php?rest_route=%2Fwp%2Fv2%2Fmedia&parent=47939"}],"wp:term":[{"taxonomy":"category","embeddable":true,"href":"https:\/\/dekkbi.com\/index.php?rest_route=%2Fwp%2Fv2%2Fcategories&post=47939"},{"taxonomy":"post_tag","embeddable":true,"href":"https:\/\/dekkbi.com\/index.php?rest_route=%2Fwp%2Fv2%2Ftags&post=47939"}],"curies":[{"name":"wp","href":"https:\/\/api.w.org\/{rel}","templated":true}]}}