{"id":47879,"date":"2024-12-04T12:08:16","date_gmt":"2024-12-04T12:08:16","guid":{"rendered":"https:\/\/dekkbi.com\/?p=47879"},"modified":"2024-12-04T12:08:16","modified_gmt":"2024-12-04T12:08:16","slug":"de-ziguinchor-a-lonu-lincroyable-parcours-dandre-francois-carvalho","status":"publish","type":"post","link":"https:\/\/dekkbi.com\/?p=47879","title":{"rendered":"De Ziguinchor \u00e0 l\u2019ONU : L\u2019incroyable parcours d\u2019Andr\u00e9 Fran\u00e7ois Carvalho"},"content":{"rendered":"\n<p>\u00ab\u00a0Briser les cha\u00eenes de la pauvret\u00e9 : Ma longue marche de Ziguinchor aux Nations Unies\u00a0\u00bb, tel est le titre de l\u2019\u0153uvre de l\u2019\u00e9crivain Andr\u00e9 Fran\u00e7ois Carvalho, d\u00e9dicac\u00e9e le mardi 3 d\u00e9cembre 2024 \u00e0 la Maison de la Presse d\u2019Abidjan-Plateau. La c\u00e9r\u00e9monie s\u2019est tenue en pr\u00e9sence de parents, amis et connaissances venus soutenir l\u2019auteur.<\/p>\n\n\n\n<p>Parue aux \u00e9ditions L\u2019Harmattan, cette autobiographie retrace le parcours exceptionnel d&rsquo;Andr\u00e9 Fran\u00e7ois Carvalho, depuis son enfance \u00e0 Ziguinchor, au S\u00e9n\u00e9gal, jusqu\u2019\u00e0 une brillante carri\u00e8re internationale au sein des Nations Unies. Le r\u00e9cit revient sur ses \u00e9tudes en France et aux Pays-Bas, son entr\u00e9e au minist\u00e8re du Plan du S\u00e9n\u00e9gal, puis son recrutement au PNUD (Programme des Nations Unies pour le D\u00e9veloppement).<br><br>L&rsquo;auteur partage \u00e9galement ses riches exp\u00e9riences professionnelles aux Comores, au Mali, en Zambie, au Burundi, en C\u00f4te d&rsquo;Ivoire et \u00e0 New York. L&rsquo;ouvrage de 279 pages, structur\u00e9 en quatre parties et dix chapitres, \u00e9voque avec force les d\u00e9fis de sa transition vers la retraite, marqu\u00e9e notamment par sa survie \u00e0 un crash d&rsquo;h\u00e9licopt\u00e8re au S\u00e9n\u00e9gal.<\/p>\n\n\n\n<figure class=\"wp-block-image\"><img decoding=\"async\" src=\"https:\/\/www.fratmat.info\/uploads\/images\/2024\/12\/04\/220782.jpg\" alt=\"No Image\"\/><\/figure>\n\n\n\n<p><br><br>Cette autobiographie, plus qu\u2019un t\u00e9moignage, offre une r\u00e9flexion profonde sur le d\u00e9veloppement international, la r\u00e9silience et les sacrifices personnels du service public \u00e0 l\u2019\u00e9chelle mondiale.<br><br>N\u00e9 \u00e0 Ziguinchor, en Casamance, Andr\u00e9 Fran\u00e7ois Carvalho a fait ses \u00e9tudes primaires et secondaires dans sa r\u00e9gion natale avant d\u2019obtenir son baccalaur\u00e9at en 1972. Il poursuit ensuite ses \u00e9tudes sup\u00e9rieures \u00e0 l\u2019Universit\u00e9 de Dakar, puis \u00e0 la Sorbonne, o\u00f9 il d\u00e9croche une ma\u00eetrise en g\u00e9ographie \u00e9conomique en 1976. Il enrichit son parcours acad\u00e9mique avec un master en \u00e9tudes du d\u00e9veloppement \u00e0 La Haye et un doctorat en \u00e9conomie \u00e0 l\u2019Universit\u00e9 d\u2019Amsterdam.<br><br>Professionnel accompli, il a occup\u00e9 plusieurs postes de direction dans divers pays, dont le Burundi, les Comores, Bonn et la C\u00f4te d\u2019Ivoire. Apr\u00e8s sa retraite en 2012, Andr\u00e9 Fran\u00e7ois Carvalho continue de mettre son expertise au service du d\u00e9veloppement, notamment en soutenant les jeunes entrepreneurs en C\u00f4te d\u2019Ivoire.<br><br>\u00ab\u00a0Briser les cha\u00eenes de la pauvret\u00e9\u00a0\u00bb est son premier ouvrage, propos\u00e9 \u00e0 un prix unitaire de 20 000 FCFA.<\/p>\n\n\n\n<p>Par\u00a0Salif D. Cheickna &#8211; FRATMAT.INFO<\/p>\n","protected":false},"excerpt":{"rendered":"<p>\u00ab\u00a0Briser les cha\u00eenes de la pauvret\u00e9 : Ma longue marche de Ziguinchor aux Nations Unies\u00a0\u00bb, tel est le titre de<\/p>\n","protected":false},"author":1,"featured_media":47880,"comment_status":"open","ping_status":"open","sticky":false,"template":"","format":"standard","meta":{"footnotes":""},"categories":[21],"tags":[],"class_list":["post-47879","post","type-post","status-publish","format-standard","has-post-thumbnail","hentry","category-societe"],"_links":{"self":[{"href":"https:\/\/dekkbi.com\/index.php?rest_route=\/wp\/v2\/posts\/47879","targetHints":{"allow":["GET"]}}],"collection":[{"href":"https:\/\/dekkbi.com\/index.php?rest_route=\/wp\/v2\/posts"}],"about":[{"href":"https:\/\/dekkbi.com\/index.php?rest_route=\/wp\/v2\/types\/post"}],"author":[{"embeddable":true,"href":"https:\/\/dekkbi.com\/index.php?rest_route=\/wp\/v2\/users\/1"}],"replies":[{"embeddable":true,"href":"https:\/\/dekkbi.com\/index.php?rest_route=%2Fwp%2Fv2%2Fcomments&post=47879"}],"version-history":[{"count":1,"href":"https:\/\/dekkbi.com\/index.php?rest_route=\/wp\/v2\/posts\/47879\/revisions"}],"predecessor-version":[{"id":47881,"href":"https:\/\/dekkbi.com\/index.php?rest_route=\/wp\/v2\/posts\/47879\/revisions\/47881"}],"wp:featuredmedia":[{"embeddable":true,"href":"https:\/\/dekkbi.com\/index.php?rest_route=\/wp\/v2\/media\/47880"}],"wp:attachment":[{"href":"https:\/\/dekkbi.com\/index.php?rest_route=%2Fwp%2Fv2%2Fmedia&parent=47879"}],"wp:term":[{"taxonomy":"category","embeddable":true,"href":"https:\/\/dekkbi.com\/index.php?rest_route=%2Fwp%2Fv2%2Fcategories&post=47879"},{"taxonomy":"post_tag","embeddable":true,"href":"https:\/\/dekkbi.com\/index.php?rest_route=%2Fwp%2Fv2%2Ftags&post=47879"}],"curies":[{"name":"wp","href":"https:\/\/api.w.org\/{rel}","templated":true}]}}